{"id":1279772,"date":"2026-09-04T08:32:12","date_gmt":"2026-09-04T08:32:12","guid":{"rendered":"https:\/\/www.europesays.com\/de\/1279772\/"},"modified":"2026-09-04T08:32:12","modified_gmt":"2026-09-04T08:32:12","slug":"pol-su-betrunkener-autofahrer-ohne-fuehrerschein-greift-seine-partnerin-an","status":"publish","type":"post","link":"https:\/\/www.europesays.com\/de\/1279772\/","title":{"rendered":"POL-SU: Betrunkener Autofahrer ohne F\u00fchrerschein greift seine Partnerin an"},"content":{"rendered":"<p class=\"date\">04.09.2026 \u2013 10:19<\/p>\n<p class=\"customer\">\n                        <a class=\"story-customer\" title=\"weiter zum newsroom von Kreispolizeibeh\u00f6rde Rhein-Sieg-Kreis\" href=\"https:\/\/www.presseportal.de\/blaulicht\/nr\/65853\" rel=\"nofollow noopener\" target=\"_blank\">Kreispolizeibeh\u00f6rde Rhein-Sieg-Kreis<\/a>\n                    <\/p>\n<p><a data-category=\"citylink-story-view\" data-action=\"click\" data-label=\"Citylink in Meldungsansicht\" class=\"story-city event-trigger\" href=\"https:\/\/www.presseportal.de\/regional\/Sankt%20Augustin\" title=\"News aus Sankt Augustin \" rel=\"nofollow noopener\" target=\"_blank\">Sankt Augustin<\/a> (ots)<\/p>\n<p>Am Donnerstag (03. September) meldeten zwei Zeuginnen in Sankt Augustin der Polizei einen Streit zwischen einem Mann und einer Frau. Der Mann soll dabei die Frau k\u00f6rperlich angegangen sein. An der gemeldeten \u00d6rtlichkeit an der Ecke Niederpleiser Stra\u00dfe\/Am Engelsgraben trafen die Polizisten zun\u00e4chst nur auf den 34 Jahre alten Tatverd\u00e4chtigen. Dieser machte direkt einen stark alkoholisierten Eindruck.<br \/>\nAuch seine 33 Jahre alte Partnerin konnte kurz darauf durch Beamte angetroffen werden.<br \/>\nDie Befragung der beiden Beteiligten und dreier Zeuginnen ergab schlie\u00dflich folgenden Sachverhalt: Das Paar war gemeinsam in ihrem Pkw unterwegs gewesen. Der Mann sa\u00df dabei am Steuer. W\u00e4hrend der Fahrt kam es zum verbalen Streit und der 34-J\u00e4hrige hielt schlie\u00dflich an der Niederpleiser Stra\u00dfe an. Aus dem Auto ausgestiegen, wollte die Frau sich entfernen, woran der Mann sie durch Festhalten an Armen und Haaren hindern wollte. Schlie\u00dflich gelang der Sankt Augustinerin &#8211; auch mithilfe von Passanten &#8211; die Flucht, w\u00e4hrend ihr Partner vor Ort blieb.<br \/>\nDie Polizisten f\u00fchrten mit dem Sankt Augustiner einen freiwilligen Atemalkoholtest durch. Dieser ergab einen Wert von fast 2,8 Promille. Eine \u00dcberpr\u00fcfung seiner Person ergab, dass er nicht im Besitz einer g\u00fcltigen Fahrerlaubnis ist.<br \/>\nDer 34-J\u00e4hrige muss sich daher wegen des Verdachts des Fahrens unter Alkoholeinfluss und ohne Fahrerlaubnis sowie der K\u00f6rperverletzung verantworten. Die Weiterfahrt mit fahrerlaubnispflichtigen Fahrzeugen wurde ihm ausdr\u00fccklich untersagt. (Uhl)<\/p>\n<p class=\"contact-headline\">R\u00fcckfragen bitte an:<\/p>\n<p class=\"contact-text\">Kreispolizeibeh\u00f6rde Rhein-Sieg-Kreis<br \/>Pressestelle<\/p>\n<p>Telefon: 02241\/541-2222<br \/>E-Mail: <a href=\"https:\/\/www.presseportal.de\/blaulicht\/pm\/65853\/mailto:pressestelle@polizei-rhein-sieg.de\" class=\"uri-mailto\" rel=\"nofollow noopener\" target=\"_blank\">pressestelle@polizei-rhein-sieg.de<\/a><\/p>\n<p class=\"originator\">Original-Content von: Kreispolizeibeh\u00f6rde Rhein-Sieg-Kreis, \u00fcbermittelt durch news aktuell<\/p>\n","protected":false},"excerpt":{"rendered":"04.09.2026 \u2013 10:19 Kreispolizeibeh\u00f6rde Rhein-Sieg-Kreis Sankt Augustin (ots) Am Donnerstag (03. September) meldeten zwei Zeuginnen in Sankt Augustin&hellip;\n","protected":false},"author":2,"featured_media":1266941,"comment_status":"","ping_status":"","sticky":false,"template":"","format":"standard","meta":{"footnotes":"","_share_on_mastodon":"0"},"categories":[1842],"tags":[1741,3364,29,30,177,1209,176,121,178,180,179,181],"class_list":["post-1279772","post","type-post","status-publish","format-standard","has-post-thumbnail","category-bonn","tag-bonn","tag-de","tag-deutschland","tag-germany","tag-kriminalitt","tag-nordrhein-westfalen","tag-nrw","tag-polizei","tag-presse","tag-pressemeldung","tag-pressemitteilung","tag-pressemitteilungen"],"share_on_mastodon":{"url":"https:\/\/pubeurope.com\/@de\/117211846888748529","error":""},"_links":{"self":[{"href":"https:\/\/www.europesays.com\/de\/wp-json\/wp\/v2\/posts\/1279772","targetHints":{"allow":["GET"]}}],"collection":[{"href":"https:\/\/www.europesays.com\/de\/wp-json\/wp\/v2\/posts"}],"about":[{"href":"https:\/\/www.europesays.com\/de\/wp-json\/wp\/v2\/types\/post"}],"author":[{"embeddable":true,"href":"https:\/\/www.europesays.com\/de\/wp-json\/wp\/v2\/users\/2"}],"replies":[{"embeddable":true,"href":"https:\/\/www.europesays.com\/de\/wp-json\/wp\/v2\/comments?post=1279772"}],"version-history":[{"count":0,"href":"https:\/\/www.europesays.com\/de\/wp-json\/wp\/v2\/posts\/1279772\/revisions"}],"wp:featuredmedia":[{"embeddable":true,"href":"https:\/\/www.europesays.com\/de\/wp-json\/wp\/v2\/media\/1266941"}],"wp:attachment":[{"href":"https:\/\/www.europesays.com\/de\/wp-json\/wp\/v2\/media?parent=1279772"}],"wp:term":[{"taxonomy":"category","embeddable":true,"href":"https:\/\/www.europesays.com\/de\/wp-json\/wp\/v2\/categories?post=1279772"},{"taxonomy":"post_tag","embeddable":true,"href":"https:\/\/www.europesays.com\/de\/wp-json\/wp\/v2\/tags?post=1279772"}],"curies":[{"name":"wp","href":"https:\/\/api.w.org\/{rel}","templated":true}]}}