{"id":1279779,"date":"2026-09-04T08:37:13","date_gmt":"2026-09-04T08:37:13","guid":{"rendered":"https:\/\/www.europesays.com\/de\/1279779\/"},"modified":"2026-09-04T08:37:13","modified_gmt":"2026-09-04T08:37:13","slug":"james-blunt-bringt-airplane-mode-tour-nach-nuernberg","status":"publish","type":"post","link":"https:\/\/www.europesays.com\/de\/1279779\/","title":{"rendered":"James Blunt bringt Airplane Mode Tour nach N\u00fcrnberg"},"content":{"rendered":"<ul>\n<li><strong>Was:<\/strong> Konzert von James Blunt \u2013 Airplane Mode Tour<\/li>\n<li><strong>Wann:<\/strong> Dienstag, 23. Februar 2027, um 20 Uhr<\/li>\n<li><strong>Wo:<\/strong> PSD Bank N\u00fcrnberg Arena<\/li>\n<\/ul>\n<p>James Blunt kommt 2027 mit seiner \u201eAirplane Mode Tour\u201c zur\u00fcck nach Deutschland und macht dabei in N\u00fcrnberg Halt. Mit seinem neuen Album \u201eAirplane Mode\u201c pr\u00e4sentiert der britische Singer-Songwriter zw\u00f6lf neue Geschichten zwischen Leichtigkeit, Melancholie und emotionaler Tiefe.<\/p>\n<p>Die kommende Tour verspricht einen Abend voller gro\u00dfer Melodien, emotionaler Momente und nat\u00fcrlich zahlreicher Hits aus James Blunts langj\u00e4hriger Karriere. Der erste Tourstopp f\u00fchrt den Briten am 23. Februar 2027 nach N\u00fcrnberg, gefolgt von weiteren neun Konzerten in Deutschland sowie zwei Shows in Innsbruck und Wien. Ihren Abschluss findet die \u201eAirplane-Mode-Tour\u201c dann am 24. M\u00e4rz 2027 in Mannheim.<\/p>\n<p>Mit der leichtf\u00fc\u00dfigen Single \u201eTastes Like Summer\u201c hat James Blunt bereits einen ersten Vorgeschmack auf \u201eAirplane Mode\u201c gegeben. Nun folgt mit \u201eWeight of It All\u201c ein zweiter Song, der eine andere Seite des Albums zeigt: nachdenklicher, n\u00e4her dran an den Zumutungen des modernen Lebens und der Last, die viele Menschen mit sich tragen.<\/p>\n<p>Insgesamt vereint \u201eAirplane Mode\u201c zw\u00f6lf Geschichten \u00fcber das Unterwegssein, \u00fcber Umwege, Aufbr\u00fcche und die kleinen wie gro\u00dfen Turbulenzen des Lebens. Zu den weiteren H\u00f6hepunkten z\u00e4hlen die Hymne \u201eCircles\u201c, der l\u00e4ssig treibende Groove von \u201eOh Daisy\u201c sowie die rohe Emotionalit\u00e4t von \u201eModern Love\u201c.<\/p>\n<p>Tickets sind an den bekannten Vorverkaufsstellen erh\u00e4ltlich.<\/p>\n","protected":false},"excerpt":{"rendered":"Was: Konzert von James Blunt \u2013 Airplane Mode Tour Wann: Dienstag, 23. Februar 2027, um 20 Uhr Wo:&hellip;\n","protected":false},"author":2,"featured_media":1279780,"comment_status":"","ping_status":"","sticky":false,"template":"","format":"standard","meta":{"footnotes":"","_share_on_mastodon":"0"},"categories":[1837],"tags":[772,3364,29,30,264069,75059,80,810,3783,7489,12631],"class_list":["post-1279779","post","type-post","status-publish","format-standard","has-post-thumbnail","category-nuernberg","tag-bayern","tag-de","tag-deutschland","tag-germany","tag-james-blunt","tag-konzerte-und-musik","tag-kultur","tag-musik","tag-nuernberg","tag-region-bayern","tag-waswannwo"],"share_on_mastodon":{"url":"https:\/\/pubeurope.com\/@de\/117211866358853842","error":""},"_links":{"self":[{"href":"https:\/\/www.europesays.com\/de\/wp-json\/wp\/v2\/posts\/1279779","targetHints":{"allow":["GET"]}}],"collection":[{"href":"https:\/\/www.europesays.com\/de\/wp-json\/wp\/v2\/posts"}],"about":[{"href":"https:\/\/www.europesays.com\/de\/wp-json\/wp\/v2\/types\/post"}],"author":[{"embeddable":true,"href":"https:\/\/www.europesays.com\/de\/wp-json\/wp\/v2\/users\/2"}],"replies":[{"embeddable":true,"href":"https:\/\/www.europesays.com\/de\/wp-json\/wp\/v2\/comments?post=1279779"}],"version-history":[{"count":0,"href":"https:\/\/www.europesays.com\/de\/wp-json\/wp\/v2\/posts\/1279779\/revisions"}],"wp:featuredmedia":[{"embeddable":true,"href":"https:\/\/www.europesays.com\/de\/wp-json\/wp\/v2\/media\/1279780"}],"wp:attachment":[{"href":"https:\/\/www.europesays.com\/de\/wp-json\/wp\/v2\/media?parent=1279779"}],"wp:term":[{"taxonomy":"category","embeddable":true,"href":"https:\/\/www.europesays.com\/de\/wp-json\/wp\/v2\/categories?post=1279779"},{"taxonomy":"post_tag","embeddable":true,"href":"https:\/\/www.europesays.com\/de\/wp-json\/wp\/v2\/tags?post=1279779"}],"curies":[{"name":"wp","href":"https:\/\/api.w.org\/{rel}","templated":true}]}}