{"id":1279781,"date":"2026-09-04T08:38:22","date_gmt":"2026-09-04T08:38:22","guid":{"rendered":"https:\/\/www.europesays.com\/de\/1279781\/"},"modified":"2026-09-04T08:38:22","modified_gmt":"2026-09-04T08:38:22","slug":"vor-kommunalwahl-klimademo-von-fridays-for-future-in-hannover","status":"publish","type":"post","link":"https:\/\/www.europesays.com\/de\/1279781\/","title":{"rendered":"Vor Kommunalwahl: Klimademo von &#8222;Fridays for Future&#8220; in Hannover"},"content":{"rendered":"<p>        <img decoding=\"async\" src=\"https:\/\/www.europesays.com\/de\/wp-content\/uploads\/2026\/09\/fridaysforfuture-140.webp\" alt=\"Menschen nehmen an einer Demonstration von &quot;Fridays for Future&quot; in Hannover teil.\" title=\"Menschen nehmen an einer Demonstration von &quot;Fridays for Future&quot; in Hannover teil. | NDR, Svenja Estner\" class=\"responsive\"\/><\/p>\n<p>\n                Stand: 04.09.2026 10:28 Uhr<\/p>\n<p class=\"preface\">&#8222;Fridays For Future&#8220; will vor der Kommunalwahl mit einer Demo ein Zeichen f\u00fcr mehr Klimaschutz setzen. Eine MHH-Mitarbeiterin und ein Landwirt sollen heute auf die Folgen von Hitze aufmerksam machen.<\/p>\n<p class=\"\">Unter dem Motto &#8222;Fahrt aufnehmen f\u00fcr positiven Wandel&#8220; ruft die Klimabewegung heute zu einer Demo und Kundgebungen in Hannover auf. Kurz vor den Kommunalwahlen solle ein &#8222;starkes Signal an die Politik&#8220; gesendet werden, hei\u00dft es von den Organisatoren. Gefordert werden konkrete Antworten auf die Folgen des Klimawandels, wie begr\u00fcnte Fl\u00e4chen als k\u00fchlende Elemente in der Stadt, ein sozialvertr\u00e4glicher Umstieg auf nachhaltiges Heizen und ein schnellerer \u00f6ffentlicher Nahverkehr auch in den Stadtrandgebieten.<\/p>\n<p>    Aufruf zu den Kommunalwahlen in Niedersachsen<\/p>\n<p class=\"\">&#8222;Wir m\u00fcssen unseren Enkeln und Urenkeln eine lebenswerte Welt hinterlassen. Bei der Kommunalwahl haben wir alle die Chance, daf\u00fcr einen Beitrag zu leisten&#8220;, sagt Ute Dalluhn von &#8222;Grandparents For Future&#8220;. Bei der Auftaktkundgebung in Hannover werden ein Gem\u00fcsebauer und eine Mitarbeiterin der Medizinischen Hochschule Hannover (MHH) mit Redebeitr\u00e4gen erwartet. Sie sollen \u00fcber die Folgen des Klimawandels f\u00fcr die Landwirtschaft und \u00fcber gesundheitliche Folgen von Hitze informieren. Nach der Auftaktkundgebung zieht die Demonstration durch Hannovers Innenstadt. Gegen 17.30 Uhr soll diese mit einer Abschlusskundgebung enden.<\/p>\n<p>        <img decoding=\"async\" src=\"https:\/\/www.europesays.com\/de\/wp-content\/uploads\/2026\/09\/wahl-534.webp\" alt=\"Wahlurne mit Wahlzettel, im Hintergrund das Landeswappen von Niedersachsen\" title=\"Wahlurne mit Wahlzettel, im Hintergrund das Landeswappen von Niedersachsen | Fotolia\/niyazz\/kebox, AdobeStock, joric\" class=\"responsive\" loading=\"lazy\"\/><\/p>\n<p>Am 13. September wird in Niedersachsen gew\u00e4hlt. Bei der Kommunalwahl 2026 wird \u00fcber Vertretungen, B\u00fcrgermeister und Landr\u00e4te entschieden.<\/p>\n<p>        <img decoding=\"async\" src=\"https:\/\/www.europesays.com\/de\/wp-content\/uploads\/2026\/09\/trockenheit-132.webp\" alt=\"Ein trockenes Weizenfeld\" title=\"Die diesj\u00e4hrige Weizenernte war f\u00fcr viele Landwirte ein Minusgesch\u00e4ft.  | Colourbox\/Pernille Qvist N\u00f8rgaard\" class=\"responsive\" loading=\"lazy\"\/><\/p>\n<p>Norddeutschland trifft die Hitze bundesweit nicht am st\u00e4rksten &#8211; aber folgenschwer.<\/p>\n<p>Dieses Thema im Programm:<\/p>\n<p>                NDR 1 Niedersachsen | Regionalnachrichten &#8211; Studio Hannover  | 04.09.2026 | 08:30 Uhr<\/p>\n","protected":false},"excerpt":{"rendered":"Stand: 04.09.2026 10:28 Uhr &#8222;Fridays For Future&#8220; will vor der Kommunalwahl mit einer Demo ein Zeichen f\u00fcr mehr&hellip;\n","protected":false},"author":2,"featured_media":1279782,"comment_status":"","ping_status":"","sticky":false,"template":"","format":"standard","meta":{"footnotes":"","_share_on_mastodon":"0"},"categories":[1836],"tags":[3364,3387,29,113633,14646,30,46,11607,1563,1548,113481,952,6496,1411],"class_list":["post-1279781","post","type-post","status-publish","format-standard","has-post-thumbnail","category-hannover","tag-de","tag-demo","tag-deutschland","tag-fff","tag-fridays-for-future","tag-germany","tag-hannover","tag-hitze","tag-klima","tag-klimaschutz","tag-klimastreik","tag-klimawandel","tag-kundgebung","tag-niedersachsen"],"share_on_mastodon":{"url":"https:\/\/pubeurope.com\/@de\/117211873073343643","error":""},"_links":{"self":[{"href":"https:\/\/www.europesays.com\/de\/wp-json\/wp\/v2\/posts\/1279781","targetHints":{"allow":["GET"]}}],"collection":[{"href":"https:\/\/www.europesays.com\/de\/wp-json\/wp\/v2\/posts"}],"about":[{"href":"https:\/\/www.europesays.com\/de\/wp-json\/wp\/v2\/types\/post"}],"author":[{"embeddable":true,"href":"https:\/\/www.europesays.com\/de\/wp-json\/wp\/v2\/users\/2"}],"replies":[{"embeddable":true,"href":"https:\/\/www.europesays.com\/de\/wp-json\/wp\/v2\/comments?post=1279781"}],"version-history":[{"count":0,"href":"https:\/\/www.europesays.com\/de\/wp-json\/wp\/v2\/posts\/1279781\/revisions"}],"wp:featuredmedia":[{"embeddable":true,"href":"https:\/\/www.europesays.com\/de\/wp-json\/wp\/v2\/media\/1279782"}],"wp:attachment":[{"href":"https:\/\/www.europesays.com\/de\/wp-json\/wp\/v2\/media?parent=1279781"}],"wp:term":[{"taxonomy":"category","embeddable":true,"href":"https:\/\/www.europesays.com\/de\/wp-json\/wp\/v2\/categories?post=1279781"},{"taxonomy":"post_tag","embeddable":true,"href":"https:\/\/www.europesays.com\/de\/wp-json\/wp\/v2\/tags?post=1279781"}],"curies":[{"name":"wp","href":"https:\/\/api.w.org\/{rel}","templated":true}]}}