{"id":1279794,"date":"2026-09-04T08:46:25","date_gmt":"2026-09-04T08:46:25","guid":{"rendered":"https:\/\/www.europesays.com\/de\/1279794\/"},"modified":"2026-09-04T08:46:25","modified_gmt":"2026-09-04T08:46:25","slug":"pol-e-essen-46-jaehriger-bei-koerperlichem-angriff-lebensgefaehrlich-verletzt-zwei","status":"publish","type":"post","link":"https:\/\/www.europesays.com\/de\/1279794\/","title":{"rendered":"POL-E: Essen: 46-J\u00e4hriger bei k\u00f6rperlichem Angriff lebensgef\u00e4hrlich verletzt &#8211; zwei &#8230;"},"content":{"rendered":"<p class=\"date\">04.09.2026 \u2013 09:23<\/p>\n<p class=\"customer\">\n                        <a class=\"story-customer\" title=\"weiter zum newsroom von Polizei Essen\" href=\"https:\/\/www.presseportal.de\/blaulicht\/nr\/11562\" rel=\"nofollow noopener\" target=\"_blank\">Polizei Essen<\/a>\n                    <\/p>\n<p><a data-category=\"citylink-story-view\" data-action=\"click\" data-label=\"Citylink in Meldungsansicht\" class=\"story-city event-trigger\" href=\"https:\/\/www.presseportal.de\/regional\/Essen\" title=\"News aus Essen \" rel=\"nofollow noopener\" target=\"_blank\">Essen<\/a> (ots)<\/p>\n<p>45143 E.-Altendorf: Am Dienstagvormittag (1. September) brachen zwei M\u00e4nner die T\u00fcren zweier Wohnungen eines Mehrfamilienhauses an der Niederfeldstra\u00dfe auf, randalierten in den Wohnungen und griffen einen der Bewohner k\u00f6rperlich an. Der 46-j\u00e4hrige Essener wurde mit einem Gegenstand lebensgef\u00e4hrlich verletzt. Er wurde mit einem Rettungswagen in ein Krankenhaus verbracht. Eine Lebensgefahr besteht aktuell nicht mehr.<br \/>\nNach der k\u00f6rperlichen Auseinandersetzung entwendeten die Angreifer Bargeld sowie ein Mobiltelefon und fl\u00fcchteten anschlie\u00dfend zu Fu\u00df in unbekannte Richtung.<br \/>\nIm Rahmen der Ermittlungen ergaben sich Hinweise auf zwei Tatverd\u00e4chtige. Einsatzkr\u00e4fte konnten im Nahbereich einen 38-j\u00e4hrigen (deutsch) sowie einen 36-j\u00e4hrigen Essener (ebenfalls deutsch) an seiner Wohnanschrift festnehmen.<\/p>\n<p>Auf Antrag der Staatsanwaltschaft Essen erlie\u00df das Amtsgericht Essen Untersuchungshaftbefehle wegen versuchten Mordes f\u00fcr die beiden Tatverd\u00e4chtigen. Beide Beschl\u00fcsse wurden gestern (2. September) vollstreckt. Die M\u00e4nner befinden sich nun in Untersuchungshaft.<\/p>\n<p>Die Staatsanwaltschaft Essen und eine Mordkommission des Polizeipr\u00e4sidiums Essen haben die Ermittlungen zu den Hintergr\u00fcnden und dem genauen Ablauf der Tat aufgenommen. \/RB<\/p>\n<p class=\"contact-headline\">R\u00fcckfragen bitte an:<\/p>\n<p class=\"contact-text\">Polizei Essen\/ M\u00fclheim an der Ruhr<br \/>Pressestelle<br \/>Telefon: 0201-829 1065 (au\u00dferhalb der B\u00fcrodienstzeit 0201-829 7230)<br \/>Fax: 0201-829 1069<br \/>E-Mail: <a href=\"https:\/\/www.presseportal.de\/blaulicht\/pm\/11562\/mailto:pressestelle.essen@polizei.nrw.de\" class=\"uri-mailto\" rel=\"nofollow noopener\" target=\"_blank\">pressestelle.essen@polizei.nrw.de<\/a><\/p>\n<p><a target=\"_blank\" class=\"uri-ext outbound\" rel=\"noopener nofollow\" href=\"https:\/\/twitter.com\/Polizei_NRW_E\">https:\/\/twitter.com\/Polizei_NRW_E<\/a><br \/><a target=\"_blank\" class=\"uri-ext outbound\" rel=\"noopener nofollow\" href=\"http:\/\/www.facebook.com\/PolizeiEssen\">http:\/\/www.facebook.com\/PolizeiEssen<\/a><br \/><a target=\"_blank\" class=\"uri-ext outbound\" rel=\"noopener nofollow\" href=\"https:\/\/www.instagram.com\/polizei.nrw.e\">https:\/\/www.instagram.com\/polizei.nrw.e<\/a><br \/><a target=\"_blank\" class=\"uri-ext outbound\" rel=\"noopener nofollow\" href=\"https:\/\/www.whatsapp.com\/channel\/0029VaEsg0q1CYoUFKnPFk2F\">https:\/\/www.whatsapp.com\/channel\/0029VaEsg0q1CYoUFKnPFk2F<\/a><\/p>\n<p class=\"originator\">Original-Content von: Polizei Essen, \u00fcbermittelt durch news aktuell<\/p>\n<p>            <script async src=\"https:\/\/platform.twitter.com\/widgets.js\" charset=\"utf-8\"><\/script><script async src=\"\/\/www.instagram.com\/embed.js\"><\/script><\/p>\n","protected":false},"excerpt":{"rendered":"04.09.2026 \u2013 09:23 Polizei Essen Essen (ots) 45143 E.-Altendorf: Am Dienstagvormittag (1. September) brachen zwei M\u00e4nner die T\u00fcren&hellip;\n","protected":false},"author":2,"featured_media":1266941,"comment_status":"","ping_status":"","sticky":false,"template":"","format":"standard","meta":{"footnotes":"","_share_on_mastodon":"0"},"categories":[1834],"tags":[3364,29,3688,30,177,1209,176,121,178,180,179,181],"class_list":["post-1279794","post","type-post","status-publish","format-standard","has-post-thumbnail","category-essen","tag-de","tag-deutschland","tag-essen","tag-germany","tag-kriminalitt","tag-nordrhein-westfalen","tag-nrw","tag-polizei","tag-presse","tag-pressemeldung","tag-pressemitteilung","tag-pressemitteilungen"],"share_on_mastodon":{"url":"https:\/\/pubeurope.com\/@de\/117211902006107729","error":""},"_links":{"self":[{"href":"https:\/\/www.europesays.com\/de\/wp-json\/wp\/v2\/posts\/1279794","targetHints":{"allow":["GET"]}}],"collection":[{"href":"https:\/\/www.europesays.com\/de\/wp-json\/wp\/v2\/posts"}],"about":[{"href":"https:\/\/www.europesays.com\/de\/wp-json\/wp\/v2\/types\/post"}],"author":[{"embeddable":true,"href":"https:\/\/www.europesays.com\/de\/wp-json\/wp\/v2\/users\/2"}],"replies":[{"embeddable":true,"href":"https:\/\/www.europesays.com\/de\/wp-json\/wp\/v2\/comments?post=1279794"}],"version-history":[{"count":0,"href":"https:\/\/www.europesays.com\/de\/wp-json\/wp\/v2\/posts\/1279794\/revisions"}],"wp:featuredmedia":[{"embeddable":true,"href":"https:\/\/www.europesays.com\/de\/wp-json\/wp\/v2\/media\/1266941"}],"wp:attachment":[{"href":"https:\/\/www.europesays.com\/de\/wp-json\/wp\/v2\/media?parent=1279794"}],"wp:term":[{"taxonomy":"category","embeddable":true,"href":"https:\/\/www.europesays.com\/de\/wp-json\/wp\/v2\/categories?post=1279794"},{"taxonomy":"post_tag","embeddable":true,"href":"https:\/\/www.europesays.com\/de\/wp-json\/wp\/v2\/tags?post=1279794"}],"curies":[{"name":"wp","href":"https:\/\/api.w.org\/{rel}","templated":true}]}}