{"id":1279805,"date":"2026-09-04T08:53:17","date_gmt":"2026-09-04T08:53:17","guid":{"rendered":"https:\/\/www.europesays.com\/de\/1279805\/"},"modified":"2026-09-04T08:53:17","modified_gmt":"2026-09-04T08:53:17","slug":"airport-duesseldorf-reisender-macht-bomben-scherz-am-flughafen-mit-diesen-folgen","status":"publish","type":"post","link":"https:\/\/www.europesays.com\/de\/1279805\/","title":{"rendered":"Airport D\u00fcsseldorf: Reisender macht Bomben-Scherz am Flughafen \u2013 mit diesen Folgen"},"content":{"rendered":"<p class=\"text_ohne_einzug richtext text-em-55 !leading-serif mx-6 desktop:mx-0\"> Ein Satz, den er sich h\u00e4tte sparen sollen: Ein 59-j\u00e4hriger Reisender hat am Donnerstag am Flughafen D\u00fcsseldorf w\u00e4hrend der Sicherheitskontrolle gegen\u00fcber dem Kontrollpersonal ge\u00e4u\u00dfert, in seiner Tasche befinde sich eine Bombe.<\/p>\n<p class=\"richtext text-em-55 !leading-serif mx-6 desktop:mx-0\">Die hinzugezogenen Beamten \u00fcberpr\u00fcften das Gep\u00e4ck des Mannes eingehend. Hierbei wurden keine gef\u00e4hrlichen Gegenst\u00e4nde aufgefunden, sodass eine Gef\u00e4hrdung f\u00fcr die Luftsicherheit ausgeschlossen werden konnte.<\/p>\n<p class=\"richtext text-em-55 !leading-serif mx-6 desktop:mx-0\">Der Reisende erkl\u00e4rte, es habe sich lediglich um einen Scherz gehandelt. Doch damit war die Sache nicht erledigt. Die Bundespolizei leitete ein Ermittlungsverfahren wegen St\u00f6rung des \u00f6ffentlichen Friedens durch Androhung von Straftaten gegen den am Niederrhein lebenden Mann ein und gab den Vorgang an das zust\u00e4ndige Polizeipr\u00e4sidium D\u00fcsseldorf weiter.<\/p>\n<p class=\"richtext text-em-55 !leading-serif mx-6 desktop:mx-0\">Zudem verweigerte die Fluggesellschaft dem 59-J\u00e4hrigen die Mitnahme, sein geplanter Flug nach <a href=\"https:\/\/rp-online.de\/thema\/barcelona\/\" rel=\"nofollow noopener\" target=\"_blank\">Barcelona<\/a> fiel damit aus.<\/p>\n","protected":false},"excerpt":{"rendered":"Ein Satz, den er sich h\u00e4tte sparen sollen: Ein 59-j\u00e4hriger Reisender hat am Donnerstag am Flughafen D\u00fcsseldorf w\u00e4hrend&hellip;\n","protected":false},"author":2,"featured_media":1279806,"comment_status":"","ping_status":"","sticky":false,"template":"","format":"standard","meta":{"footnotes":"","_share_on_mastodon":"0"},"categories":[1831],"tags":[7667,3364,29,3405,6212,40805,2109,30,1209,56061,79208,228585],"class_list":["post-1279805","post","type-post","status-publish","format-standard","has-post-thumbnail","category-duesseldorf","tag-bombe","tag-de","tag-deutschland","tag-duesseldorf","tag-ermittlungsverfahren","tag-flug","tag-flughafen","tag-germany","tag-nordrhein-westfalen","tag-reisende","tag-reisender","tag-scherz"],"share_on_mastodon":{"url":"https:\/\/pubeurope.com\/@de\/117211929479714447","error":""},"_links":{"self":[{"href":"https:\/\/www.europesays.com\/de\/wp-json\/wp\/v2\/posts\/1279805","targetHints":{"allow":["GET"]}}],"collection":[{"href":"https:\/\/www.europesays.com\/de\/wp-json\/wp\/v2\/posts"}],"about":[{"href":"https:\/\/www.europesays.com\/de\/wp-json\/wp\/v2\/types\/post"}],"author":[{"embeddable":true,"href":"https:\/\/www.europesays.com\/de\/wp-json\/wp\/v2\/users\/2"}],"replies":[{"embeddable":true,"href":"https:\/\/www.europesays.com\/de\/wp-json\/wp\/v2\/comments?post=1279805"}],"version-history":[{"count":0,"href":"https:\/\/www.europesays.com\/de\/wp-json\/wp\/v2\/posts\/1279805\/revisions"}],"wp:featuredmedia":[{"embeddable":true,"href":"https:\/\/www.europesays.com\/de\/wp-json\/wp\/v2\/media\/1279806"}],"wp:attachment":[{"href":"https:\/\/www.europesays.com\/de\/wp-json\/wp\/v2\/media?parent=1279805"}],"wp:term":[{"taxonomy":"category","embeddable":true,"href":"https:\/\/www.europesays.com\/de\/wp-json\/wp\/v2\/categories?post=1279805"},{"taxonomy":"post_tag","embeddable":true,"href":"https:\/\/www.europesays.com\/de\/wp-json\/wp\/v2\/tags?post=1279805"}],"curies":[{"name":"wp","href":"https:\/\/api.w.org\/{rel}","templated":true}]}}