{"id":1279809,"date":"2026-09-04T08:55:20","date_gmt":"2026-09-04T08:55:20","guid":{"rendered":"https:\/\/www.europesays.com\/de\/1279809\/"},"modified":"2026-09-04T08:55:20","modified_gmt":"2026-09-04T08:55:20","slug":"frankreich-unfall-auf-campingplatz-vater-aus-stuttgart-faehrt-seine-eigene-tochter-1-tot","status":"publish","type":"post","link":"https:\/\/www.europesays.com\/de\/1279809\/","title":{"rendered":"Frankreich: Unfall auf Campingplatz \u2013 Vater aus Stuttgart f\u00e4hrt seine eigene Tochter (1) tot"},"content":{"rendered":"<p>F\u00fcr die Einj\u00e4hrige kommt jede Hilfe zu sp\u00e4tVater aus Stuttgart f\u00e4hrt kleine Tochter auf Campingplatz in Frankreich tot<img alt=\"Symbolbild Campingplatz\" fetchpriority=\"high\" width=\"940\" height=\"529\" decoding=\"async\" data-nimg=\"1\" class=\"Image_image__SdgLQ Picture_image__vGN9W\" style=\"color:transparent\"   src=\"https:\/\/www.europesays.com\/de\/wp-content\/uploads\/2026\/09\/605388257.webp\"\/><\/p>\n<p>Tragischer Unfall im Urlaub: Ein Mann aus Stuttgart hat auf einem Campingplatz in Frankreich versehentlich seine erst 18 Monate alte Tochter \u00fcberfahren. (Symbolbild) <\/p>\n<p>picture alliance\/dpa | Jan Woitas<\/p>\n<p class=\"AnnotatedMarkup_paragraph__IUT9l\"><strong>Tragischer Unfall im Familienurlaub.<\/strong><br \/>Ein 45-j\u00e4hriger Mann aus Stuttgart hat auf einem Campingplatz in Frankreich versehentlich seine erst anderthalb Jahre alte Tochter mit dem Auto \u00fcberfahren. Das M\u00e4dchen starb noch am Unfallort.<\/p>\n<p>Frankreich: Rettungskr\u00e4fte k\u00f6nnen Kind nicht mehr retten<\/p>\n<p class=\"AnnotatedMarkup_paragraph__IUT9l\">Der Unfall ereignete sich am Mittwochnachmittag (2. September) in Grostenquin im franz\u00f6sischen D\u00e9partement Moselle, rund 40 Kilometer s\u00fcdwestlich von Saarbr\u00fccken. <strong>Nach Angaben der Staatsanwaltschaft von Sarreguemines wollte der 45-J\u00e4hrige den Familien-SUV auf dem Campingplatz umparken.<\/strong> Seine vier Kinder waren zun\u00e4chst vom Wagen ferngehalten worden.<\/p>\n<p class=\"AnnotatedMarkup_paragraph__IUT9l\">Neben dem anderthalbj\u00e4hrigen M\u00e4dchen geh\u00f6ren ein siebenj\u00e4hriger Junge sowie vierj\u00e4hrige Zwillinge zur Familie. Dann n\u00e4herten sich die Kinder nach Angaben der Staatsanwaltschaft unerwartet wieder dem Fahrzeug. Dabei kam es zu dem folgenschweren Unfall. <strong>Einsatzkr\u00e4fte versuchten noch, das schwer verletzte M\u00e4dchen wiederzubeleben.<\/strong> Sie konnten das Kind jedoch nicht mehr retten. Die aus Stuttgart stammende Familie war Berichten zufolge erst kurz zuvor mit den vier Kindern auf dem Campingplatz angekommen.<\/p>\n<p>Ermittlungen nach Unfall auf Campingplatz laufen<\/p>\n<p class=\"AnnotatedMarkup_paragraph__IUT9l\"><strong>Der Vater wurde nach dem Unfall auf Alkohol und Drogen getestet.<\/strong> Beide Tests fielen nach Angaben der Staatsanwaltschaft negativ aus. Die franz\u00f6sischen Beh\u00f6rden untersuchen nun die genauen Umst\u00e4nde des Geschehens. Nach bisherigen Erkenntnissen handelt es sich um einen tragischen Unfall. F\u00fcr die Familie wurde psychologische Betreuung organisiert.<\/p>\n<p class=\"AnnotatedMarkup_paragraph__IUT9l\">Verwendete Quellen: AFP, <a rel=\"noopener noreferrer nofollow\" href=\"https:\/\/www.bfmtv.com\/police-justice\/en-moselle-une-enfant-d-un-an-et-demi-meurt-accidentellement-ecrasee-par-son-pere-dans-un-camping_AD-202609030222.html\" target=\"_blank\">bfmtv.com<\/a><\/p>\n","protected":false},"excerpt":{"rendered":"F\u00fcr die Einj\u00e4hrige kommt jede Hilfe zu sp\u00e4tVater aus Stuttgart f\u00e4hrt kleine Tochter auf Campingplatz in Frankreich tot&hellip;\n","protected":false},"author":2,"featured_media":1279810,"comment_status":"","ping_status":"","sticky":false,"template":"","format":"standard","meta":{"footnotes":"","_share_on_mastodon":"0"},"categories":[1830],"tags":[261016,4904,1634,21244,3364,29,156,30,1441,22847,1284],"class_list":["post-1279809","post","type-post","status-publish","format-standard","has-post-thumbnail","category-stuttgart","tag-ah-analytics","tag-autounfall","tag-baden-wuerttemberg","tag-campingplatz","tag-de","tag-deutschland","tag-frankreich","tag-germany","tag-stuttgart","tag-toedlicher-unfall","tag-unfall"],"share_on_mastodon":{"url":"https:\/\/pubeurope.com\/@de\/117211939142683673","error":""},"_links":{"self":[{"href":"https:\/\/www.europesays.com\/de\/wp-json\/wp\/v2\/posts\/1279809","targetHints":{"allow":["GET"]}}],"collection":[{"href":"https:\/\/www.europesays.com\/de\/wp-json\/wp\/v2\/posts"}],"about":[{"href":"https:\/\/www.europesays.com\/de\/wp-json\/wp\/v2\/types\/post"}],"author":[{"embeddable":true,"href":"https:\/\/www.europesays.com\/de\/wp-json\/wp\/v2\/users\/2"}],"replies":[{"embeddable":true,"href":"https:\/\/www.europesays.com\/de\/wp-json\/wp\/v2\/comments?post=1279809"}],"version-history":[{"count":0,"href":"https:\/\/www.europesays.com\/de\/wp-json\/wp\/v2\/posts\/1279809\/revisions"}],"wp:featuredmedia":[{"embeddable":true,"href":"https:\/\/www.europesays.com\/de\/wp-json\/wp\/v2\/media\/1279810"}],"wp:attachment":[{"href":"https:\/\/www.europesays.com\/de\/wp-json\/wp\/v2\/media?parent=1279809"}],"wp:term":[{"taxonomy":"category","embeddable":true,"href":"https:\/\/www.europesays.com\/de\/wp-json\/wp\/v2\/categories?post=1279809"},{"taxonomy":"post_tag","embeddable":true,"href":"https:\/\/www.europesays.com\/de\/wp-json\/wp\/v2\/tags?post=1279809"}],"curies":[{"name":"wp","href":"https:\/\/api.w.org\/{rel}","templated":true}]}}