{"id":1279818,"date":"2026-09-04T09:00:21","date_gmt":"2026-09-04T09:00:21","guid":{"rendered":"https:\/\/www.europesays.com\/de\/1279818\/"},"modified":"2026-09-04T09:00:21","modified_gmt":"2026-09-04T09:00:21","slug":"wasser-knappheit-in-muenchen-es-gibt-noch-keine-entwarnung","status":"publish","type":"post","link":"https:\/\/www.europesays.com\/de\/1279818\/","title":{"rendered":"Wasser-Knappheit in M\u00fcnchen: Es gibt noch keine Entwarnung"},"content":{"rendered":"<p class=\"mb-6 text-xs-varying md:text-m lg:text-l font-serif group-[.font-sans]:font-sans \">\n    Noch vor wenigen Wochen schlug <a href=\"https:\/\/www.augsburger-allgemeine.de\/orte\/aa-muenchen\" target=\"_self\" class=\"underline \" rel=\"nofollow noopener\">M\u00fcnchen<\/a> Alarm. <a href=\"https:\/\/www.augsburger-allgemeine.de\/bayern\/hitze-tote-in-bayern-so-viel-leben-hat-der-sommer-gekostet-115032952\" target=\"_self\" class=\"underline \" rel=\"nofollow noopener\">W\u00e4hrend der Hitzewelle im Juni und Juli<\/a> stieg der Wasserverbrauch an einzelnen Tagen auf mehr als 400 Millionen Liter. <a href=\"https:\/\/www.augsburger-allgemeine.de\/bayern\/wasserknappheit-in-muenchen-stadt-verbietet-giessen-pools-und-autowaschen-114759351\" target=\"_self\" class=\"underline \" rel=\"nofollow noopener\">Mitte Juli reagierte die Stadt mit Sparma\u00dfnahmen<\/a>. Inzwischen ist der Verbrauch wieder deutlich gesunken \u2013 Entwarnung geben die Stadtwerke M\u00fcnchen aber trotzdem nicht.\n  <\/p>\n<p>            Grundwasser in M\u00fcnchen: Die Lage bleibt weiter angespannt<\/p>\n<p class=\"mb-6 text-xs-varying md:text-m lg:text-l font-serif group-[.font-sans]:font-sans \">\n    \u201eDie Grundwasser-Situation ist nach wie vor angespannt\u201c, teilt ein SWM-Sprecher auf Anfrage mit. Anfang August seien noch 300 bis 355 Millionen Liter Wasser pro Tag ins Netz eingespeist worden. Seit der zweiten Augustwoche liege der Wert meist nur noch zwischen 270 und 290 Millionen Litern. Zum Vergleich: Der langj\u00e4hrige durchschnittliche Bedarf liegt bei 300 bis 310 Millionen Litern t\u00e4glich.\u00a0\n  <\/p>\n<p>    <img decoding=\"async\" src=\"https:\/\/images.mgpd.de\/img\/115146000\/crop\/c16_9-w100\/1882390081\/1657849206\/urnnewsmldpacom20090101260721-936-44964-v1-s2048.jpg\" alt=\"Das Wasser bleibt in M\u00fcnchen ein sensibles Thema: Trotz gesunkenem Verbrauch sind die Grundwasserst\u00e4nde weiterhin angespannt.\" title=\"Das Wasser bleibt in M\u00fcnchen ein sensibles Thema: Trotz gesunkenem Verbrauch sind die Grundwasserst\u00e4nde weiterhin angespannt.\" loading=\"lazy\" class=\"h-full w-full object-cover\"\/><\/p>\n<p>      Icon vergr\u00f6\u00dfern<\/p>\n<p>    Das Wasser bleibt in M\u00fcnchen ein sensibles Thema: Trotz gesunkenem Verbrauch sind die Grundwasserst\u00e4nde weiterhin angespannt.<br \/>\n    Foto: Sven Hoppe, dpa<\/p>\n<p>        Schlie\u00dfen <\/p>\n<p>      Icon Schlie\u00dfen<\/p>\n<p>        Icon vergr\u00f6\u00dfern<\/p>\n<p>        Icon verkleinern<\/p>\n<p>      Icon Pfeil bewegen<\/p>\n<p>    Das Wasser bleibt in M\u00fcnchen ein sensibles Thema: Trotz gesunkenem Verbrauch sind die Grundwasserst\u00e4nde weiterhin angespannt.<br \/>\n    Foto: Sven Hoppe, dpa<\/p>\n<p class=\"mb-6 text-xs-varying md:text-m lg:text-l font-serif group-[.font-sans]:font-sans \">\n    Nach Einsch\u00e4tzung der <a href=\"https:\/\/www.augsburger-allgemeine.de\/bayern\/wer-zahlt-den-stromverbrauch-auf-dem-oktoberfest-01-09-115098810\" target=\"_self\" class=\"underline \" rel=\"nofollow noopener\">Stadtwerke<\/a> hat dabei nicht nur das weniger hei\u00dfe Wetter geholfen. Man gehe auch davon aus, dass die M\u00fcnchnerinnen und M\u00fcnchner nach diesem Sommer st\u00e4rker f\u00fcr ihren Wasserverbrauch \u201esensibilisiert\u201c seien und ihn reduziert h\u00e4tten.\u00a0Die SWM prognostizieren, dass der Verbrauch bei herbstlicher Witterung \u201edeutlich unter dem des Sommers liegen wird\u201c.\n  <\/p>\n<p>            Sparma\u00dfnahmen: So stark ist M\u00fcnchens Wasserverbrauch im August gesunken<\/p>\n<p class=\"mb-6 text-xs-varying md:text-m lg:text-l font-serif group-[.font-sans]:font-sans \">\n    Das eigentliche Problem liegt jedoch unter der Erde. Die Regenf\u00e4lle der vergangenen Tage br\u00e4chten zwar eine \u201ekleine Entspannung\u201c, k\u00f6nnten das Niederschlagsdefizit der vergangenen 18 Monate aber nicht ausgleichen. Viele der f\u00fcr M\u00fcnchen wichtigen Grundwasserpegel liegen weiterhin niedrig oder sehr niedrig. Im Mangfalltal, aus dem M\u00fcnchen den Gro\u00dfteil seines Trinkwassers bezieht, lag das verf\u00fcgbare Wasser im August weiter deutlich unter dem langj\u00e4hrigen Niveau.\n  <\/p>\n<p class=\"mb-6 text-xs-varying md:text-m lg:text-l font-serif group-[.font-sans]:font-sans \">\n    Damit sich die Lage nachhaltig entspannt, braucht es nach Einsch\u00e4tzung der Stadtwerke vor allem eines: Regen. \u201eEs bedarf einer niederschlagsreichen Herbst- und Wintersaison, um hier eine grunds\u00e4tzliche Entspannung zu erreichen\u201c, so der SWM\u2011Sprecher. Ob im kommenden Jahr erneut Sparma\u00dfnahmen n\u00f6tig werden k\u00f6nnten, lassen die Stadtwerke offen.\n  <\/p>\n<p>            Was ein trockener Herbst und Winter bedeuten w\u00fcrden<\/p>\n<p class=\"mb-6 text-xs-varying md:text-m lg:text-l font-serif group-[.font-sans]:font-sans \">\n    Parallel arbeiten die SWM und das Referat f\u00fcr Klima und Umweltschutz an einer gesamtst\u00e4dtischen Wasserstrategie. Sie soll langfristige Antworten auf Klimawandel, Wasserverf\u00fcgbarkeit und Versorgungssicherheit geben und 2027 dem Oberb\u00fcrgermeister und dem Stadtrat vorgelegt werden.\n  <\/p>\n<p class=\"mb-6 text-xs-varying md:text-m lg:text-l font-serif group-[.font-sans]:font-sans \">\n    Welche Wassersparma\u00dfnahme im Sommer besonders viel gebracht hat, k\u00f6nnen die Stadtwerke nicht beziffern. \u201eUnser Wissen endet am Hausanschluss\u201c, hei\u00dft es mit Blick auf die Wasserz\u00e4hler. Sicher sei nur: Die Gesamtheit der Ma\u00dfnahmen habe zum niedrigeren Verbrauch beigetragen. Wie schnell sich auch die Grundwasservorr\u00e4te erholen, h\u00e4nge nun vor allem davon ab, wie nass Herbst und Winter werden.\n  <\/p>\n","protected":false},"excerpt":{"rendered":"Noch vor wenigen Wochen schlug M\u00fcnchen Alarm. W\u00e4hrend der Hitzewelle im Juni und Juli stieg der Wasserverbrauch an&hellip;\n","protected":false},"author":2,"featured_media":1279819,"comment_status":"","ping_status":"","sticky":false,"template":"","format":"standard","meta":{"footnotes":"","_share_on_mastodon":"0"},"categories":[1827],"tags":[772,29,30,36684,18113,1268,8011,6397,14595,14596,27211,14152,235620],"class_list":["post-1279818","post","type-post","status-publish","format-standard","has-post-thumbnail","category-muenchen","tag-bayern","tag-deutschland","tag-germany","tag-grundwasser","tag-hitzewelle","tag-muenchen","tag-sparmassnahme","tag-stadtwerke","tag-stadtwerke-muenchen","tag-swm","tag-tiefstand","tag-verbrauch","tag-wassersparen"],"share_on_mastodon":{"url":"https:\/\/pubeurope.com\/@de\/117211958931946337","error":""},"_links":{"self":[{"href":"https:\/\/www.europesays.com\/de\/wp-json\/wp\/v2\/posts\/1279818","targetHints":{"allow":["GET"]}}],"collection":[{"href":"https:\/\/www.europesays.com\/de\/wp-json\/wp\/v2\/posts"}],"about":[{"href":"https:\/\/www.europesays.com\/de\/wp-json\/wp\/v2\/types\/post"}],"author":[{"embeddable":true,"href":"https:\/\/www.europesays.com\/de\/wp-json\/wp\/v2\/users\/2"}],"replies":[{"embeddable":true,"href":"https:\/\/www.europesays.com\/de\/wp-json\/wp\/v2\/comments?post=1279818"}],"version-history":[{"count":0,"href":"https:\/\/www.europesays.com\/de\/wp-json\/wp\/v2\/posts\/1279818\/revisions"}],"wp:featuredmedia":[{"embeddable":true,"href":"https:\/\/www.europesays.com\/de\/wp-json\/wp\/v2\/media\/1279819"}],"wp:attachment":[{"href":"https:\/\/www.europesays.com\/de\/wp-json\/wp\/v2\/media?parent=1279818"}],"wp:term":[{"taxonomy":"category","embeddable":true,"href":"https:\/\/www.europesays.com\/de\/wp-json\/wp\/v2\/categories?post=1279818"},{"taxonomy":"post_tag","embeddable":true,"href":"https:\/\/www.europesays.com\/de\/wp-json\/wp\/v2\/tags?post=1279818"}],"curies":[{"name":"wp","href":"https:\/\/api.w.org\/{rel}","templated":true}]}}