{"id":1279827,"date":"2026-09-04T09:07:24","date_gmt":"2026-09-04T09:07:24","guid":{"rendered":"https:\/\/www.europesays.com\/de\/1279827\/"},"modified":"2026-09-04T09:07:24","modified_gmt":"2026-09-04T09:07:24","slug":"cyberangriff-berliner-senat-bestaetigt-millionenforderung-von-hackern","status":"publish","type":"post","link":"https:\/\/www.europesays.com\/de\/1279827\/","title":{"rendered":"Cyberangriff : Berliner Senat best\u00e4tigt Millionenforderung von Hackern"},"content":{"rendered":"<p class=\"paragraph article__item\">Hacker haben das Land <a class=\"rtr-entity\" href=\"https:\/\/www.zeit.de\/thema\/berlin\" rel=\"nofollow noopener\" target=\"_blank\">Berlin<\/a> aufgefordert, f\u00fcr gestohlene Verwaltungsdaten bis Freitag ein L\u00f6segeld von rund zwei Millionen Euro zu zahlen. Das best\u00e4tigte die Senatssprecherin Christine Richter nun der Nachrichtenagentur dpa. \u00bbEs ist richtig, dass eine Gruppe mit dem Namen Rhysida sich zu der Tat bekannt hat und behauptet, im Besitz von <a href=\"https:\/\/www.zeit.de\/thema\/datensicherheit\" target=\"_blank\" rel=\"nofollow noopener\">gestohlenen Daten<\/a> im Umfang von 5,7 Terabyte zu sein.\u00ab\n<\/p>\n<p class=\"paragraph article__item\">Die gestohlenen Daten w\u00fcrden bereits seit Freitag im Darknet zur Versteigerung angeboten. \u00bbDas Mindestgebot liegt bei 30 Bitcoins, also rund zwei Millionen Euro\u00ab, sagte Richter. Der Senat gehe aber davon aus, dass die Daten nach Ablauf der Versteigerung am Freitag weiterver\u00e4u\u00dfert oder ver\u00f6ffentlicht werden.\n<\/p>\n<p>                                    Welche Daten abflossen, bleibt vorerst unklar            <\/p>\n<p class=\"paragraph article__item\">Der Cyberangriff dauerte vom 7. bis zum 12. August. Wie Senatssprecherin Richter sagte, ist weiterhin unklar, welche Daten die Hacker in ihren Besitz brachten. \u00bbAlle Systeme im Land Berlin m\u00fcssen gescannt werden, um auszuschlie\u00dfen, dass noch weitere<br \/>\n Daten abgeflossen sind.\u00ab Wie lange das dauern werde, lasse sich nicht<br \/>\nsagen. Fest stehe, dass eine Menge an Daten abgeflossen sei. \u00bbErkenntnisse \u00fcber Verbindungen nach Russland oder gar dem russischen Staat liegen nicht vor, k\u00f6nnen aber auch nicht ausgeschlossen werden\u00ab, sagte Richter.\n<\/p>\n<p class=\"paragraph article__item\">Am Freitag hatte Berlins Regierender B\u00fcrgermeister <a href=\"https:\/\/www.zeit.de\/thema\/kai-wegner\" target=\"_blank\" rel=\"nofollow noopener\">Kai Wegner<br \/>\n(CDU)<\/a>\u00a0bekanntgegeben, das Land werde erpresst. <a href=\"https:\/\/www.zeit.de\/politik\/deutschland\/2026-08\/hackerangriff-berlin-verwaltung-rhysida-erpressung-gxe\" target=\"_blank\" rel=\"nofollow noopener\">Wie zuerst der Spiegel berichtete<\/a>, drohen die Hacker damit, die Daten \u00f6ffentlich zu machen,<br \/>\nsollte das Land Berlin ihren Forderungen bis Freitag nicht nachkommen. Das <a href=\"https:\/\/www.zeit.de\/thema\/berlin\" target=\"_blank\" rel=\"nofollow noopener\">Land Berlin<\/a> habe nicht vor, den Forderungen zu entsprechen, sagte die Senatssprecherin. \u00bbDas ist auch heute noch mal in der Senatssitzung bekr\u00e4ftigt worden.\u00ab\n<\/p>\n<p>            Weitere Sicherheitsma\u00dfnahmen in Beh\u00f6rden            <\/p>\n<p class=\"paragraph article__item\">Nach jetzigen Erkenntnissen seien weiterhin die Senatsverwaltungen f\u00fcr Verkehr und Bauen von den <a href=\"https:\/\/www.zeit.de\/digital\/2026-08\/spionage-geheimdienste-unternehmen-bitkom-bfv-gxe\" target=\"_blank\" rel=\"nofollow noopener\">Cyberattacken<\/a> betroffen. Dabei seien \u00bbnicht \u00f6ffentliche Daten abgeflossen\u00ab, darunter Passw\u00f6rter und m\u00f6glicherweise pers\u00f6nliche Daten. Beide Beh\u00f6rden h\u00e4tten am Montag entschieden, weitere Sicherheitsma\u00dfnahmen zu ergreifen, nachdem Passw\u00f6rter f\u00fcr einige sogenannte Fachverfahren bekannt geworden seien. Also f\u00fcr digitale Anwendungen, mit denen die Verwaltung ihre Aufgaben erledigt.\n<\/p>\n<p>\n                                        Newsletter<br \/>\n                                        Was jetzt, im Osten?<\/p>\n<p class=\"newsletter-signup__text\">Jeden Mittwoch erhalten Sie Nachrichten und Stimmungsbilder zu den Landtagswahlen sowie zum Alltagsleben und zur Kultur im Osten der Republik.<\/p>\n<p class=\"newsletter-signup__datapolicy\" hidden=\"\">\n            Mit Ihrer Registrierung nehmen Sie die <a href=\"https:\/\/datenschutz.zeit.de\/zon#Newsletter\" target=\"_blank\" rel=\"nofollow noopener\">Datenschutzerkl\u00e4rung<\/a> zur Kenntnis.\n        <\/p>\n<p>    Vielen Dank! Wir haben Ihnen eine E-Mail geschickt.<\/p>\n<p>Pr\u00fcfen Sie Ihr Postfach und best\u00e4tigen Sie das Newsletter-Abonnement.<\/p>\n<p class=\"paragraph article__item\">Unter dem Namen \u00bbRhysida\u00ab agiere eine hochprofessionelle Gruppierung, sagte Richter. Sie werde mit zahlreichen Cyberattacken in Verbindung gebracht, die in den vergangenen Jahren auf Ziele in Nord- und S\u00fcdeuropa, Deutschland und den USA ver\u00fcbt worden seien.\n<\/p>\n<p>Mehr zum Thema<\/p>\n<p>            Cyberangriffe        <\/p>\n<p>                <a href=\"https:\/\/www.zeit.de\/digital\/datenschutz\/2026-01\/cyberkriminalitaet-unternehmen-software-kriminalitaet-privatleben\" data-ct-label=\"Cyberkriminalit\u00e4t: Fitness, Pornos, Firmen erpressen\" data-uuid=\"451d8268-e073-4078-83c2-d1af23c3946a\" rel=\"nofollow noopener\" target=\"_blank\"><\/p>\n<p>        Z+ (abopflichtiger Inhalt);<\/p>\n<p>    Cyberkriminalit\u00e4t:<br \/>\n                        Fitness, Pornos, Firmen erpressen<\/p>\n<p>                <\/a><\/p>\n<p>                <a href=\"https:\/\/www.zeit.de\/zeit-magazin\/leben\/2025-12\/krypto-betrug-liebe-dating-online-kriminalitaet\" data-ct-label=\"Kryptobetrug: Das Opfer: Unternehmer, frisch geschieden\" data-uuid=\"907a0958-7a6e-40c3-a7aa-376a20335606\" rel=\"nofollow noopener\" target=\"_blank\"><\/p>\n<p>        Z+ (abopflichtiger Inhalt);<\/p>\n<p>    Kryptobetrug:<br \/>\n                        Das Opfer: Unternehmer, frisch geschieden<\/p>\n<p>                <\/a><\/p>\n<p>                <a href=\"https:\/\/www.zeit.de\/wirtschaft\/2026-06\/computersicherheit-jon-callas-ki-antropic-faible-sperrung-internet\" data-ct-label=\"Computersicherheit: \u00bbDonald Trump sollte vorsichtig sein, was er sich w\u00fcnscht\u00ab\" data-uuid=\"a354fddd-42c4-442e-a324-563654758382\" rel=\"nofollow noopener\" target=\"_blank\"><\/p>\n<p>        Z+ (abopflichtiger Inhalt);<\/p>\n<p>    Computersicherheit:<br \/>\n                        \u00bbDonald Trump sollte vorsichtig sein, was er sich w\u00fcnscht\u00ab<\/p>\n<p>                <\/a><\/p>\n","protected":false},"excerpt":{"rendered":"Hacker haben das Land Berlin aufgefordert, f\u00fcr gestohlene Verwaltungsdaten bis Freitag ein L\u00f6segeld von rund zwei Millionen Euro&hellip;\n","protected":false},"author":2,"featured_media":1279828,"comment_status":"","ping_status":"","sticky":false,"template":"","format":"standard","meta":{"footnotes":"","_share_on_mastodon":"0"},"categories":[1825],"tags":[1941,1939,296,1937,2068,14775,1743,29,30,3558,48711,1940,1938,16],"class_list":["post-1279827","post","type-post","status-publish","format-standard","has-post-thumbnail","category-berlin","tag-aktuelle-nachrichten-aus-berlin","tag-aktuelle-news-aus-berlin","tag-berlin","tag-berlin-news","tag-berliner-senat","tag-cyberangriff","tag-datenschutz","tag-deutschland","tag-germany","tag-hackerangriff","tag-millionenfoerderung","tag-nachrichten-aus-berlin","tag-news-aus-berlin","tag-politik"],"share_on_mastodon":{"url":"https:\/\/pubeurope.com\/@de\/117211984600650543","error":""},"_links":{"self":[{"href":"https:\/\/www.europesays.com\/de\/wp-json\/wp\/v2\/posts\/1279827","targetHints":{"allow":["GET"]}}],"collection":[{"href":"https:\/\/www.europesays.com\/de\/wp-json\/wp\/v2\/posts"}],"about":[{"href":"https:\/\/www.europesays.com\/de\/wp-json\/wp\/v2\/types\/post"}],"author":[{"embeddable":true,"href":"https:\/\/www.europesays.com\/de\/wp-json\/wp\/v2\/users\/2"}],"replies":[{"embeddable":true,"href":"https:\/\/www.europesays.com\/de\/wp-json\/wp\/v2\/comments?post=1279827"}],"version-history":[{"count":0,"href":"https:\/\/www.europesays.com\/de\/wp-json\/wp\/v2\/posts\/1279827\/revisions"}],"wp:featuredmedia":[{"embeddable":true,"href":"https:\/\/www.europesays.com\/de\/wp-json\/wp\/v2\/media\/1279828"}],"wp:attachment":[{"href":"https:\/\/www.europesays.com\/de\/wp-json\/wp\/v2\/media?parent=1279827"}],"wp:term":[{"taxonomy":"category","embeddable":true,"href":"https:\/\/www.europesays.com\/de\/wp-json\/wp\/v2\/categories?post=1279827"},{"taxonomy":"post_tag","embeddable":true,"href":"https:\/\/www.europesays.com\/de\/wp-json\/wp\/v2\/tags?post=1279827"}],"curies":[{"name":"wp","href":"https:\/\/api.w.org\/{rel}","templated":true}]}}