{"id":1279859,"date":"2026-09-04T09:25:25","date_gmt":"2026-09-04T09:25:25","guid":{"rendered":"https:\/\/www.europesays.com\/de\/1279859\/"},"modified":"2026-09-04T09:25:25","modified_gmt":"2026-09-04T09:25:25","slug":"thueringen-neun-weitere-abgeordnete-wollen-bsw-fraktion-verlassen","status":"publish","type":"post","link":"https:\/\/www.europesays.com\/de\/1279859\/","title":{"rendered":"Th\u00fcringen: Neun weitere Abgeordnete wollen BSW-Fraktion verlassen"},"content":{"rendered":"<p>            <img loading=\"lazy\" decoding=\"async\" class=\"ts-image\" src=\"https:\/\/www.europesays.com\/de\/wp-content\/uploads\/2026\/09\/bsw-thueringen-106.jpg\" alt=\"Ein Kameramann filmt das Roll-Up des BSW am Eingang zum Fraktionsraum.\" title=\"Ein Kameramann filmt das Roll-Up des BSW am Eingang zum Fraktionsraum. | picture alliance\/dpa\"\/><\/p>\n<p>                    <strong>Eilmeldung<\/strong><\/p>\n<p class=\"metatextline\">Stand: 04.09.2026 \u2022 11:00 Uhr<\/p>\n<p class=\"article-head__shorttext\">\n        <strong>In Th\u00fcringen wollen neun weitere Abgeordnete die BSW-Landtagsfraktion verlassen. Damit droht das BSW seine Fraktionsst\u00e4rke im Parlament zu verlieren. Noch unklar ist, was das f\u00fcr das Regierungsb\u00fcndnis mit CDU und SPD bedeuten k\u00f6nnte.<\/strong>\n    <\/p>\n<p class=\"textabsatz m-ten m-offset-one l-eight l-offset-two columns twelve\">Der Landtagsfraktion des B\u00fcndnis Sahra Wagenknecht (BSW) im Th\u00fcringer Landesparlament droht das Aus. Nach Informationen des MDR wollen neun weitere Mitglieder ihren Austritt aus der Fraktion und wohl auch aus der Partei verk\u00fcnden.<\/p>\n<p class=\"textabsatz m-ten m-offset-one l-eight l-offset-two columns twelve\">Zu ihnen sollen auch Vize-Ministerpr\u00e4sidentin und Finanzministerin Katja Wolf, Digitalminister Steffen Sch\u00fctz und Umweltminister Tilo Kummer z\u00e4hlen.<\/p>\n<p class=\"textabsatz m-ten m-offset-one l-eight l-offset-two columns twelve\">Mit den vorausgegangenen Austritten mehrerer BSW-Politiker w\u00fcrde die Fraktion im Landtag damit auf nur noch drei Mitglieder zusammenschrumpfen &#8211; und damit die in Th\u00fcringen vorgesehene St\u00e4rke f\u00fcr eine Fraktion im Landtag verfehlen. F\u00fcr den Fraktionsstatus werden mindestens f\u00fcnf Mitglieder ben\u00f6tigt.<\/p>\n<p class=\"textabsatz m-ten m-offset-one l-eight l-offset-two columns twelve\">Das BSW geh\u00f6rt in Th\u00fcringen der sogenannten Brombeer-Koalition an und bildet mit CDU und SPD ein Regierungsb\u00fcndnis. Die Koalition hatte bereits mit der urspr\u00fcnglichen St\u00e4rke der BSW-Koalition keine eigene Mehrheit im Landtag &#8211; es herrschte ein Patt zur Opposition von AfD und Linkspartei.<\/p>\n<p>    Landesverband gegen Bundesvorstand<\/p>\n<p class=\"textabsatz m-ten m-offset-one l-eight l-offset-two columns twelve\">Der Streit in den Reihen des BSW schwelt bereits seit Wochen. Nachdem Th\u00fcringens Ministerpr\u00e4sident Mario Voigt der Doktortitel entzogen worden war, hatte der Bundesvorstand des BSW darauf gedr\u00e4ngt, der Landesverband solle dem CDU-Regierungschef die Unterst\u00fctzung entziehen und die Brombeer-Koalition verlassen. Innerhalb des BSW-Landesverbands stie\u00df die Forderung aber teils auf Ablehnung.<\/p>\n<p class=\"textabsatz m-ten m-offset-one l-eight l-offset-two columns twelve\">Weitere Informationen in K\u00fcrze.<\/p>\n","protected":false},"excerpt":{"rendered":"Eilmeldung Stand: 04.09.2026 \u2022 11:00 Uhr In Th\u00fcringen wollen neun weitere Abgeordnete die BSW-Landtagsfraktion verlassen. Damit droht das&hellip;\n","protected":false},"author":2,"featured_media":1279860,"comment_status":"","ping_status":"","sticky":false,"template":"","format":"standard","meta":{"footnotes":"","_share_on_mastodon":"0"},"categories":[2],"tags":[10208,29,1764,30,13,14,15,12,861,10,8,9,11],"class_list":["post-1279859","post","type-post","status-publish","format-standard","has-post-thumbnail","category-deutschland","tag-bsw","tag-deutschland","tag-eilmeldung","tag-germany","tag-headlines","tag-nachrichten","tag-news","tag-schlagzeilen","tag-thueringen","tag-top-news","tag-top-meldungen","tag-topmeldungen","tag-topnews"],"share_on_mastodon":{"url":"https:\/\/pubeurope.com\/@de\/117212056220197653","error":""},"_links":{"self":[{"href":"https:\/\/www.europesays.com\/de\/wp-json\/wp\/v2\/posts\/1279859","targetHints":{"allow":["GET"]}}],"collection":[{"href":"https:\/\/www.europesays.com\/de\/wp-json\/wp\/v2\/posts"}],"about":[{"href":"https:\/\/www.europesays.com\/de\/wp-json\/wp\/v2\/types\/post"}],"author":[{"embeddable":true,"href":"https:\/\/www.europesays.com\/de\/wp-json\/wp\/v2\/users\/2"}],"replies":[{"embeddable":true,"href":"https:\/\/www.europesays.com\/de\/wp-json\/wp\/v2\/comments?post=1279859"}],"version-history":[{"count":0,"href":"https:\/\/www.europesays.com\/de\/wp-json\/wp\/v2\/posts\/1279859\/revisions"}],"wp:featuredmedia":[{"embeddable":true,"href":"https:\/\/www.europesays.com\/de\/wp-json\/wp\/v2\/media\/1279860"}],"wp:attachment":[{"href":"https:\/\/www.europesays.com\/de\/wp-json\/wp\/v2\/media?parent=1279859"}],"wp:term":[{"taxonomy":"category","embeddable":true,"href":"https:\/\/www.europesays.com\/de\/wp-json\/wp\/v2\/categories?post=1279859"},{"taxonomy":"post_tag","embeddable":true,"href":"https:\/\/www.europesays.com\/de\/wp-json\/wp\/v2\/tags?post=1279859"}],"curies":[{"name":"wp","href":"https:\/\/api.w.org\/{rel}","templated":true}]}}