{"id":1279865,"date":"2026-09-04T09:29:18","date_gmt":"2026-09-04T09:29:18","guid":{"rendered":"https:\/\/www.europesays.com\/de\/1279865\/"},"modified":"2026-09-04T09:29:18","modified_gmt":"2026-09-04T09:29:18","slug":"aachen-gasleitung-beschaedigt-trierer-strasse-gesperrt","status":"publish","type":"post","link":"https:\/\/www.europesays.com\/de\/1279865\/","title":{"rendered":"Aachen: Gasleitung besch\u00e4digt \u2013 Trierer Stra\u00dfe gesperrt"},"content":{"rendered":"<p>Vorfall bei Tiefbauarbeiten <\/p>\n<p>Gasleitung besch\u00e4digt: Stra\u00dfe in Aachen gesperrt<\/p>\n<p>04.09.2026 &#8211; 10:59 UhrLesedauer: 1 Min.<\/p>\n<p><a href=\"#focus-0\" class=\"transition-colors block text-current relative\" data-sctrack=\"FocusGalleryImage.Reference\"><img fetchpriority=\"high\" data-testid=\"Opener.Image\"   loading=\"eager\" src=\"https:\/\/www.europesays.com\/de\/wp-content\/uploads\/2026\/09\/polizeiabsperrung-symbolbild-auf-der-trierer-strasse-wurde-eine-gasleitung-beschaedigt.jpg\" alt=\"imago images 0856974648\" title=\"imago images 0856974648\" width=\"6048\" height=\"3402\" class=\"bg-[url:var(--lqipURL)] bg-cover bg-center flex h-full w-full max-w-full\" style=\"--lqipURL:url('https:\/\/images.t-online.de\/2026\/09\/fqBvWkTtrr19\/0x311:6048x3402\/fit-in\/150x0\/filters:blur(25)\/polizeiabsperrung-symbolbild-auf-der-trierer-strasse-wurde-eine-gasleitung-beschaedigt.jpg')\" decoding=\"async\"\/><img loading=\"lazy\" src=\"https:\/\/aachen.t-online.de\/s\/paper\/_next\/static\/media\/zoom-in.f7dae02f.svg\" alt=\"Vergr\u00f6\u00dfern des Bildes\" title=\"Vergr\u00f6\u00dfern des Bildes\" class=\"block h-[calc(var(--height)_\/_16_*_1rem)] w-[calc(var(--width)_\/_16_*_1rem)] max-w-none absolute right-8 bottom-8 rounded-4 bg-snow p-8\" style=\"--width:32;--height:32\" decoding=\"async\"\/><\/a><\/p>\n<p>Polizeiabsperrung (Symbolbild): Auf der Trierer Stra\u00dfe wurde eine Gasleitung besch\u00e4digt. (Quelle: IMAGO\/Matthias Wehnert)<\/p>\n<p class=\"font-bold text-18 leading-17 user-text-lg:text-22 user-text-xl:text-24\">An der Trierer Stra\u00dfe wird eine Gasleitung besch\u00e4digt. Einsatzkr\u00e4fte und die Regionetz sind vor Ort. Der Bereich ist gesperrt.<\/p>\n<p class=\"text-18 leading-17 user-text-lg:text-22 user-text-xl:text-24\">Bei Tiefbauarbeiten an der Trierer Stra\u00dfe 78 ist nach Angaben der Regionetz eine Gasleitung besch\u00e4digt worden. Feuerwehr, Polizei und Regionetz sind demnach im Einsatz. Der betroffene Bereich ist aus Sicherheitsgr\u00fcnden gro\u00dfr\u00e4umig f\u00fcr den Verkehr gesperrt.<\/p>\n<p class=\"text-18 leading-17 user-text-lg:text-22 user-text-xl:text-24\">Nach Angaben der Regionetz ist nur ein Hausanschluss von der Unterbrechung der Gasversorgung betroffen. Alle weiteren Geb\u00e4ude im Umfeld werden weiterhin mit Gas versorgt.<\/p>\n<p class=\"text-18 leading-17 user-text-lg:text-22 user-text-xl:text-24\">Die Regionetz arbeitet gemeinsam mit den Einsatzkr\u00e4ften daran, die besch\u00e4digte Leitung zu sichern und schnellstm\u00f6glich zu reparieren. Die Sperrung bleibt f\u00fcr die Dauer der notwendigen Arbeiten bestehen. Verkehrsteilnehmer sollen den Bereich weitr\u00e4umig umfahren und den Anweisungen der Einsatzkr\u00e4fte folgen.<\/p>\n","protected":false},"excerpt":{"rendered":"Vorfall bei Tiefbauarbeiten Gasleitung besch\u00e4digt: Stra\u00dfe in Aachen gesperrt 04.09.2026 &#8211; 10:59 UhrLesedauer: 1 Min. Polizeiabsperrung (Symbolbild): Auf&hellip;\n","protected":false},"author":2,"featured_media":1279866,"comment_status":"","ping_status":"","sticky":false,"template":"","format":"standard","meta":{"footnotes":"","_share_on_mastodon":"0"},"categories":[1853],"tags":[1424,3364,29,2540,548,663,3934,985,1213,52028,30,13,14,15,1209,121,4798,57764,12,162730,84874],"class_list":["post-1279865","post","type-post","status-publish","format-standard","has-post-thumbnail","category-aachen","tag-aachen","tag-de","tag-deutschland","tag-einsatzkraft","tag-eu","tag-europa","tag-europe","tag-feuerwehr","tag-gas","tag-gasleitung","tag-germany","tag-headlines","tag-nachrichten","tag-news","tag-nordrhein-westfalen","tag-polizei","tag-polizeiabsperrung","tag-regionetz","tag-schlagzeilen","tag-tiefbauarbeit","tag-trierer-strasse"],"share_on_mastodon":{"url":"https:\/\/pubeurope.com\/@de\/117212073722857440","error":""},"_links":{"self":[{"href":"https:\/\/www.europesays.com\/de\/wp-json\/wp\/v2\/posts\/1279865","targetHints":{"allow":["GET"]}}],"collection":[{"href":"https:\/\/www.europesays.com\/de\/wp-json\/wp\/v2\/posts"}],"about":[{"href":"https:\/\/www.europesays.com\/de\/wp-json\/wp\/v2\/types\/post"}],"author":[{"embeddable":true,"href":"https:\/\/www.europesays.com\/de\/wp-json\/wp\/v2\/users\/2"}],"replies":[{"embeddable":true,"href":"https:\/\/www.europesays.com\/de\/wp-json\/wp\/v2\/comments?post=1279865"}],"version-history":[{"count":0,"href":"https:\/\/www.europesays.com\/de\/wp-json\/wp\/v2\/posts\/1279865\/revisions"}],"wp:featuredmedia":[{"embeddable":true,"href":"https:\/\/www.europesays.com\/de\/wp-json\/wp\/v2\/media\/1279866"}],"wp:attachment":[{"href":"https:\/\/www.europesays.com\/de\/wp-json\/wp\/v2\/media?parent=1279865"}],"wp:term":[{"taxonomy":"category","embeddable":true,"href":"https:\/\/www.europesays.com\/de\/wp-json\/wp\/v2\/categories?post=1279865"},{"taxonomy":"post_tag","embeddable":true,"href":"https:\/\/www.europesays.com\/de\/wp-json\/wp\/v2\/tags?post=1279865"}],"curies":[{"name":"wp","href":"https:\/\/api.w.org\/{rel}","templated":true}]}}