{"id":1279869,"date":"2026-09-04T09:31:20","date_gmt":"2026-09-04T09:31:20","guid":{"rendered":"https:\/\/www.europesays.com\/de\/1279869\/"},"modified":"2026-09-04T09:31:20","modified_gmt":"2026-09-04T09:31:20","slug":"wohnhaus-in-chemnitz-nach-explosion-evakuiert-mieter-unter-verdacht","status":"publish","type":"post","link":"https:\/\/www.europesays.com\/de\/1279869\/","title":{"rendered":"Wohnhaus in Chemnitz nach Explosion evakuiert &#8211; Mieter unter Verdacht"},"content":{"rendered":"<p>        <img decoding=\"async\" src=\"https:\/\/www.europesays.com\/de\/wp-content\/uploads\/2026\/09\/explosion-wohnhaus-106.webp\" alt=\"Ein Rettungswagen und Feuerwehrleute stehen vor einem Wohnhaus, aus dem Rauch quillt. \" title=\"Die Feuerwehr Chemnitz evakuierte ein Wohnhaus am sp\u00e4ten Abend nach einer Explosion in einer Wohnung.  | Jan Haertel\/ChemPic\" class=\"responsive\"\/><\/p>\n<p>AUDIO: Wohnhaus in Chemnitz nach Explosion evakuiert (1 Min)<\/p>\n<p class=\"topline\">Evakuierung<\/p>\n<p class=\"author\">von MDR SACHSEN<\/p>\n<p>\n                Stand: 04.09.2026 10:43 Uhr<\/p>\n<p>        <img decoding=\"async\" src=\"https:\/\/www.europesays.com\/de\/wp-content\/uploads\/2026\/08\/1787969123_972_google-handy-100.webp\" alt=\"Ein Handy liegt auf einer Laptoptastatur. Das Display zeigt das Google Logo\" title=\"Ein Handy liegt auf einer Laptoptastatur. Das Display zeigt das Google Logo |  IMAGO \/ SOPA Images\" class=\"responsive\" loading=\"lazy\"\/><\/p>\n<p>Nachrichten personalisieren<\/p>\n<p class=\"\">Nach einer Explosion in einem Mehrfamilienhaus in Chemnitz ist ein 37-J\u00e4hriger vorl\u00e4ufig festgenommen worden. Wie die Polizei MDR SACHSEN mitteilte, vermutet sie, dass der Wohnungsinhaber die Explosion selbst verursacht haben k\u00f6nnte. Diese hatte auch zu einem Brand gef\u00fchrt. Der Mann habe Verbrennungen erlitten, hie\u00df es.<\/p>\n<p>    Tatverd\u00e4chtiger soll zum Haftrichter<\/p>\n<p class=\"\">Nach einem kurzen Aufenthalt in einem Krankenhaus befinde sich der Tatverd\u00e4chtige in Polizeigewahrsam. Der Polizei zufolge soll er am Freitag einem Haftrichter vorgef\u00fchrt werden. Acht Hausbewohner h\u00e4tten das Haus im Lutherviertel selbst verlassen, so die Feuerwehr. Zwei Menschen sowie zwei Hunde mussten aus dem verqualmten Geb\u00e4ude gerettet werden. Das Geb\u00e4ude sei momentan nicht bewohnbar. Am L\u00f6scheinsatz waren demnach 68 Einsatzkr\u00e4fte und 19 Fahrzeuge beteiligt.<\/p>\n<p>    Statiker pr\u00fcft Wohnhaus<\/p>\n<p class=\"\">Ein Statiker soll die Sch\u00e4den am Geb\u00e4ude pr\u00fcfen. Auch ein Brandursachenermittler werde t\u00e4tig, teilte die Polizei mit. Die Explosion ereignete sich am sp\u00e4ten Donnerstag. Anwohner h\u00e4tten die Feuerwehr und die Polizei gerufen. Nach der Evakuierung seien die meisten bei Bekannten und Angeh\u00f6rigen untergekommen. Vier Bewohner und ein Hund wurden laut Feuerwehr in ein Hotel gebracht.<\/p>\n<p>Mehr zu Explosionen in Wohnh\u00e4usern<\/p>\n<p>        <img decoding=\"async\" src=\"https:\/\/www.europesays.com\/de\/wp-content\/uploads\/2026\/09\/drohnen-aufnahmen-goerlitz-102.webp\" alt=\"Drohnenaufnahmen eingest\u00fcrztes Haus G\u00f6rlitz \" title=\"Die Stelle des eingest\u00fcrzten Wohnhauses in G\u00f6rlitz am Freitagmittag (22.05.2026) | MDR\/Thomas Schneider \" class=\"responsive\" loading=\"lazy\"\/><\/p>\n<p>        <img decoding=\"async\" src=\"https:\/\/www.europesays.com\/de\/wp-content\/uploads\/2026\/09\/explosion-wohnhaus-102.webp\" alt=\"Explosion Mehrfamilienhaus\" title=\"Explosion Mehrfamilienhaus | EHL Media\/Bj\u00f6rn Stach\" class=\"responsive\" loading=\"lazy\"\/><\/p>\n<p>Kriminalpolizei ermittelt<\/p>\n<p>        <img decoding=\"async\" src=\"https:\/\/www.europesays.com\/de\/wp-content\/uploads\/2026\/09\/ddr-neubau-feuerwehr-explosion-100.webp\" alt=\"Vor einem typischen DDR-Neubau stehen mehrere Feuerwehrl\u00f6schz\u00fcge in Chemnitz.\" title=\"Polizei, Feuerwehr und Rettungskr\u00e4fte eilten zu einem Plattenbau in Chemnitz, nachdem es dort eine Explosion gab. | Jan H\u00e4rtel\" class=\"responsive\" loading=\"lazy\"\/><\/p>\n<p class=\"\">MDR (mla\/wim)\/dpa<\/p>\n","protected":false},"excerpt":{"rendered":"AUDIO: Wohnhaus in Chemnitz nach Explosion evakuiert (1 Min) Evakuierung von MDR SACHSEN Stand: 04.09.2026 10:43 Uhr Nachrichten&hellip;\n","protected":false},"author":2,"featured_media":1279870,"comment_status":"","ping_status":"","sticky":false,"template":"","format":"standard","meta":{"footnotes":"","_share_on_mastodon":"0"},"categories":[1851],"tags":[2919,2770,3364,29,548,663,3934,6308,2805,980,985,30,13,2295,14,15,121,859,12,19169,16007],"class_list":["post-1279869","post","type-post","status-publish","format-standard","has-post-thumbnail","category-chemnitz","tag-brand","tag-chemnitz","tag-de","tag-deutschland","tag-eu","tag-europa","tag-europe","tag-evakuierung","tag-explosion","tag-festnahme","tag-feuerwehr","tag-germany","tag-headlines","tag-mieter","tag-nachrichten","tag-news","tag-polizei","tag-sachsen","tag-schlagzeilen","tag-tatverdaechtiger","tag-wohnhaus"],"share_on_mastodon":{"url":"https:\/\/pubeurope.com\/@de\/117212081678976519","error":""},"_links":{"self":[{"href":"https:\/\/www.europesays.com\/de\/wp-json\/wp\/v2\/posts\/1279869","targetHints":{"allow":["GET"]}}],"collection":[{"href":"https:\/\/www.europesays.com\/de\/wp-json\/wp\/v2\/posts"}],"about":[{"href":"https:\/\/www.europesays.com\/de\/wp-json\/wp\/v2\/types\/post"}],"author":[{"embeddable":true,"href":"https:\/\/www.europesays.com\/de\/wp-json\/wp\/v2\/users\/2"}],"replies":[{"embeddable":true,"href":"https:\/\/www.europesays.com\/de\/wp-json\/wp\/v2\/comments?post=1279869"}],"version-history":[{"count":0,"href":"https:\/\/www.europesays.com\/de\/wp-json\/wp\/v2\/posts\/1279869\/revisions"}],"wp:featuredmedia":[{"embeddable":true,"href":"https:\/\/www.europesays.com\/de\/wp-json\/wp\/v2\/media\/1279870"}],"wp:attachment":[{"href":"https:\/\/www.europesays.com\/de\/wp-json\/wp\/v2\/media?parent=1279869"}],"wp:term":[{"taxonomy":"category","embeddable":true,"href":"https:\/\/www.europesays.com\/de\/wp-json\/wp\/v2\/categories?post=1279869"},{"taxonomy":"post_tag","embeddable":true,"href":"https:\/\/www.europesays.com\/de\/wp-json\/wp\/v2\/tags?post=1279869"}],"curies":[{"name":"wp","href":"https:\/\/api.w.org\/{rel}","templated":true}]}}