{"id":1279878,"date":"2026-09-04T09:37:18","date_gmt":"2026-09-04T09:37:18","guid":{"rendered":"https:\/\/www.europesays.com\/de\/1279878\/"},"modified":"2026-09-04T09:37:18","modified_gmt":"2026-09-04T09:37:18","slug":"augsburgs-oberbuergermeister-goennt-sich-familienzeit-am-meer-in-frankreich","status":"publish","type":"post","link":"https:\/\/www.europesays.com\/de\/1279878\/","title":{"rendered":"Augsburgs Oberb\u00fcrgermeister g\u00f6nnt sich Familienzeit am Meer in Frankreich"},"content":{"rendered":"<p class=\"mb-6 text-xs-varying md:text-m lg:text-l font-serif group-[.font-sans]:font-sans \">\n    Keine Sitzungen, keine Haushaltsdebatte und zumindest f\u00fcr ein paar Tage auch kein Augsburger Rathaus: Oberb\u00fcrgermeister <strong class=\"font-bold\">Florian Freund<\/strong> hat sich mit seiner Familie nach S\u00fcdfrankreich verabschiedet. Dem AUGSBURG JOURNAL schickte der Rathauschef jetzt einige ganz private Urlaubsgr\u00fc\u00dfe \u2013 inklusive eines Ausflugstipps aus Augsburg.\n  <\/p>\n<p class=\"mb-6 text-xs-varying md:text-m lg:text-l font-serif group-[.font-sans]:font-sans \">\n    Wer Florian Freund in den vergangenen Monaten beobachtet hat, wei\u00df: Viel Zeit zum Durchschnaufen blieb Augsburgs neuem Oberb\u00fcrgermeister seit seinem Wahlsieg nicht. Koalitionsgespr\u00e4che, Amts\u00fcbernahme, erste Entscheidungen im Rathaus \u2013 und daneben eine Familie mit drei T\u00f6chtern, die ihren Papa nat\u00fcrlich nicht nur als OB kennt.\n  <\/p>\n<p class=\"mb-6 text-xs-varying md:text-m lg:text-l font-serif group-[.font-sans]:font-sans \">\n    <a href=\"https:\/\/www.augsburg-journal.de\/stadtleben-freizeit\/zuhause-bei-freunden-114748298\" target=\"_self\" class=\"underline \" rel=\"nofollow noopener\">Schon bei unserem gro\u00dfen Hausbesuch<\/a> im Fr\u00fchjahr hatte Ehefrau <strong class=\"font-bold\">Marei<\/strong> Freund erz\u00e4hlt, dass sich die Familie nach Wahlkampf und Amts\u00fcbernahme bei ihrer neuen Alltagsroutine erst einmal finden m\u00fcsse. Politik geh\u00f6rt bei den Freunds zwar seit jeher zum Familienleben \u2013 Florian und Marei lernten sich schlie\u00dflich bereits bei den Jusos kennen \u2013, <a href=\"https:\/\/www.augsburg-journal.de\/menschen-der-region\/100-tage-im-amt-ob-florian-freund-betont-prioritaeten-und-sanierungen-in-augsburg-3-114960012\" target=\"_self\" class=\"underline \" rel=\"nofollow noopener\">Familienzeit war zuletzt trotzdem ein knappes Gut.<\/a>\n  <\/p>\n<p class=\"mb-6 text-xs-varying md:text-m lg:text-l font-serif group-[.font-sans]:font-sans \">\n    Jetzt hei\u00dft es deshalb f\u00fcr ein paar Tage: Meer statt Verwaltungszentrum.\n  <\/p>\n<p>            Pain au chocolat, Meer und Laufschuhe<\/p>\n<p class=\"mb-6 text-xs-varying md:text-m lg:text-l font-serif group-[.font-sans]:font-sans \">\n    Ganz ohne sportlichen Ehrgeiz geht es allerdings auch im Urlaub nicht. Seine Laufschuhe hat Freund sicherheitshalber mit nach S\u00fcdfrankreich genommen. Das hat durchaus einen kulinarischen Grund. Denn der OB, der von sich selbst sagt, er k\u00f6nne \u201ean keinem Kuchen vorbeigehen\u201c, will auf seinen Laufrunden zumindest versuchen, den einen oder anderen Urlaubspfunden wieder davonzulaufen.\n  <\/p>\n<p class=\"mb-6 text-xs-varying md:text-m lg:text-l font-serif group-[.font-sans]:font-sans \">\n    Und davon k\u00f6nnten durchaus welche zusammenkommen. Im Telefonat mit dem AUGSBURG JOURNAL verr\u00e4t Freund n\u00e4mlich schmunzelnd, dass es ihm die franz\u00f6sische B\u00e4ckerei- und P\u00e2tisserie-Kunst ziemlich angetan hat.\n  <\/p>\n<p class=\"mb-6 text-xs-varying md:text-m lg:text-l font-serif group-[.font-sans]:font-sans \">\n    Die Auswahl macht es einem schlie\u00dflich auch nicht gerade leicht: Croissant, Pain au chocolat, Chausson aux pommes, Flan p\u00e2tissier, \u00c9clair, Mille-feuille, Tarte Trop\u00e9zienne \u2013 F\u00fcr einen selbst erkl\u00e4rten Kuchenfreund lauert damit in S\u00fcdfrankreich praktisch hinter jeder Ecke die n\u00e4chste Versuchung.\n  <\/p>\n<p>    <img decoding=\"async\" src=\"https:\/\/www.europesays.com\/de\/wp-content\/uploads\/2026\/09\/freundurlaub-2.jpg\" alt=\"Sonne, Meer und blauer Himmel: Auch Saint-Cyr-sur-Mer geh\u00f6rt zu den Urlaubsstationen der Familie Freund an der franz\u00f6sischen Mittelmeerk\u00fcste.\" title=\"Sonne, Meer und blauer Himmel: Auch Saint-Cyr-sur-Mer geh\u00f6rt zu den Urlaubsstationen der Familie Freund an der franz\u00f6sischen Mittelmeerk\u00fcste.\" loading=\"lazy\" class=\"h-full w-full object-cover\"\/><\/p>\n<p>      Icon vergr\u00f6\u00dfern<\/p>\n<p>    Sonne, Meer und blauer Himmel: Auch Saint-Cyr-sur-Mer geh\u00f6rt zu den Urlaubsstationen der Familie Freund an der franz\u00f6sischen Mittelmeerk\u00fcste.<br \/>\n    Foto: privat\/Florian Freund<\/p>\n<p>        Schlie\u00dfen <\/p>\n<p>      Icon Schlie\u00dfen<\/p>\n<p>        Icon vergr\u00f6\u00dfern<\/p>\n<p>        Icon verkleinern<\/p>\n<p>      Icon Pfeil bewegen<\/p>\n<p>    Sonne, Meer und blauer Himmel: Auch Saint-Cyr-sur-Mer geh\u00f6rt zu den Urlaubsstationen der Familie Freund an der franz\u00f6sischen Mittelmeerk\u00fcste.<br \/>\n    Foto: privat\/Florian Freund<\/p>\n<p>            Familienzeit an der C\u00f4te d\u2019Azur<\/p>\n<p class=\"mb-6 text-xs-varying md:text-m lg:text-l font-serif group-[.font-sans]:font-sans \">\n    Gemeinsam mit Marei und den drei T\u00f6chtern verbringt Freund derzeit seinen Urlaub in S\u00fcdfrankreich.Untergebracht sind die Freunds einige Orte entfernt von Sanary-sur-Mer, wohin es die Familie jetzt zu einem Tagesausflug zog.\n  <\/p>\n<p class=\"mb-6 text-xs-varying md:text-m lg:text-l font-serif group-[.font-sans]:font-sans \">\n    Und ausgerechnet der Tipp f\u00fcr den malerischen K\u00fcstenort kam wiederum aus Augsburg: <strong class=\"font-bold\">Roland J. Kottke<\/strong>, Direktor der Hessing Stiftung, habe ihm Sanary empfohlen, erz\u00e4hlt Freund dem AUGSBURG JOURNAL. Kottke kennt sich in der Gegend offenbar bestens aus. Seine Empfehlung kam beim OB jedenfalls an: \u201eMalerischer Ort\u201c, lautet Freunds knappes Urlaubsfazit.\n  <\/p>\n<p class=\"mb-6 text-xs-varying md:text-m lg:text-l font-serif group-[.font-sans]:font-sans \">\n    Kottke und Freund begegnen sich \u00fcbrigens auch beruflich regelm\u00e4\u00dfig: Seit Freunds Amts\u00fcbernahme ist der Oberb\u00fcrgermeister Vorsitzender des Verwaltungsrats der Hessing Stiftung, Kottke deren kaufm\u00e4nnischer Direktor.\n  <\/p>\n<p>            Ein Ort mit \u00fcberraschend deutscher Geschichte<\/p>\n<p class=\"mb-6 text-xs-varying md:text-m lg:text-l font-serif group-[.font-sans]:font-sans \">\n    Und der Hessing-Chef hat tats\u00e4chlich einen ziemlich spannenden Ort empfohlen. Sanary-sur-Mer war einst ein kleines Fischerdorf an der C\u00f4te d\u2019Azur \u2013 und wurde nach 1933 zu einem wichtigen Zufluchtsort deutscher und \u00f6sterreichischer Schriftsteller und K\u00fcnstler, die vor den Nationalsozialisten fliehen mussten.\n  <\/p>\n<p class=\"mb-6 text-xs-varying md:text-m lg:text-l font-serif group-[.font-sans]:font-sans \">\n    Zu den ber\u00fchmten Namen, die zeitweise dort lebten oder sich aufhielten, geh\u00f6ren Thomas und Klaus Mann, Lion Feuchtwanger und Bertolt Brecht. Der Journalist Ludwig Marcuse bezeichnete Sanary sp\u00e4ter sogar augenzwinkernd als \u201eWelthauptstadt des k\u00fcnstlerischen und literarischen Exils\u201c. Heute erinnert ein eigener Rundweg mit 21 Stationen an diese Geschichte.\n  <\/p>\n<p class=\"mb-6 text-xs-varying md:text-m lg:text-l font-serif group-[.font-sans]:font-sans \">\n    F\u00fcr Familie Freund d\u00fcrfte bei ihrem Ausflug allerdings weniger Politik- und Literaturgeschichte als schlicht das gemeinsame Urlaubserlebnis im Mittelpunkt gestanden haben.\n  <\/p>\n<p>    <img decoding=\"async\" src=\"https:\/\/www.europesays.com\/de\/wp-content\/uploads\/2026\/09\/freundurlaub-3.jpg\" alt=\"Der OB ganz privat: Florian und Marei Freund schicken dem AUGSBURG JOURNAL Urlaubsgr\u00fc\u00dfe aus S\u00fcdfrankreich.\" title=\"Der OB ganz privat: Florian und Marei Freund schicken dem AUGSBURG JOURNAL Urlaubsgr\u00fc\u00dfe aus S\u00fcdfrankreich.\" loading=\"lazy\" class=\"h-full w-full object-cover\"\/><\/p>\n<p>      Icon vergr\u00f6\u00dfern<\/p>\n<p>    Der OB ganz privat: Florian und Marei Freund schicken dem AUGSBURG JOURNAL Urlaubsgr\u00fc\u00dfe aus S\u00fcdfrankreich.<br \/>\n    Foto: privat\/Florian Freund<\/p>\n<p>        Schlie\u00dfen <\/p>\n<p>      Icon Schlie\u00dfen<\/p>\n<p>        Icon vergr\u00f6\u00dfern<\/p>\n<p>        Icon verkleinern<\/p>\n<p>      Icon Pfeil bewegen<\/p>\n<p>    Der OB ganz privat: Florian und Marei Freund schicken dem AUGSBURG JOURNAL Urlaubsgr\u00fc\u00dfe aus S\u00fcdfrankreich.<br \/>\n    Foto: privat\/Florian Freund<\/p>\n<p>            Der OB ganz privat<\/p>\n<p class=\"mb-6 text-xs-varying md:text-m lg:text-l font-serif group-[.font-sans]:font-sans \">\n    Dass diese Momente f\u00fcr Freund wichtig sind, hatte er uns schon kurz nach seinem \u00fcberraschenden Wahlsieg erz\u00e4hlt. Damals k\u00fcndigte er an, sich bewusst Zeit mit der Familie nehmen zu wollen. Schon wenige Tage sp\u00e4ter ging es f\u00fcr einen Kurzurlaub ins Kleinwalsertal \u2013 auch, um sich nach den turbulenten Wahlkampfwochen als Familie wieder \u201ezurechtzuruckeln\u201c.\n  <\/p>\n<p class=\"mb-6 text-xs-varying md:text-m lg:text-l font-serif group-[.font-sans]:font-sans \">\n    Bei unserem sp\u00e4teren Besuch im Freund\u2019schen Zuhause in G\u00f6ggingen zeigte sich dann, wie normal es dort trotz neuer Amtsw\u00fcrden geblieben ist: Serienabende auf dem Sofa, gemeinsame Familienorganisation und ein OB, der durchaus auch noch daf\u00fcr zust\u00e4ndig ist, Blumen mitzubringen und sich um den Garten zu k\u00fcmmern. Marei Freund machte damals zudem ziemlich unmissverst\u00e4ndlich klar, dass sie mit einer klassischen \u201eFirst Lady\u201c-Rolle wenig anfangen kann.\n  <\/p>\n","protected":false},"excerpt":{"rendered":"Keine Sitzungen, keine Haushaltsdebatte und zumindest f\u00fcr ein paar Tage auch kein Augsburger Rathaus: Oberb\u00fcrgermeister Florian Freund hat&hellip;\n","protected":false},"author":2,"featured_media":1279879,"comment_status":"","ping_status":"","sticky":false,"template":"","format":"standard","meta":{"footnotes":"","_share_on_mastodon":"0"},"categories":[1846],"tags":[680,2851,772,37141,3364,29,548,663,3934,28887,139238,30,13,264115,14,15,16,264116,12,29476,631],"class_list":["post-1279878","post","type-post","status-publish","format-standard","has-post-thumbnail","category-augsburg","tag-augsburg","tag-ausflugstipp","tag-bayern","tag-cote-dazur","tag-de","tag-deutschland","tag-eu","tag-europa","tag-europe","tag-familienurlaub","tag-florian-freund","tag-germany","tag-headlines","tag-marei-freund","tag-nachrichten","tag-news","tag-politik","tag-roland-j-kottke","tag-schlagzeilen","tag-suedfrankreich","tag-urlaub"],"share_on_mastodon":{"url":"https:\/\/pubeurope.com\/@de\/117212105665130286","error":""},"_links":{"self":[{"href":"https:\/\/www.europesays.com\/de\/wp-json\/wp\/v2\/posts\/1279878","targetHints":{"allow":["GET"]}}],"collection":[{"href":"https:\/\/www.europesays.com\/de\/wp-json\/wp\/v2\/posts"}],"about":[{"href":"https:\/\/www.europesays.com\/de\/wp-json\/wp\/v2\/types\/post"}],"author":[{"embeddable":true,"href":"https:\/\/www.europesays.com\/de\/wp-json\/wp\/v2\/users\/2"}],"replies":[{"embeddable":true,"href":"https:\/\/www.europesays.com\/de\/wp-json\/wp\/v2\/comments?post=1279878"}],"version-history":[{"count":0,"href":"https:\/\/www.europesays.com\/de\/wp-json\/wp\/v2\/posts\/1279878\/revisions"}],"wp:featuredmedia":[{"embeddable":true,"href":"https:\/\/www.europesays.com\/de\/wp-json\/wp\/v2\/media\/1279879"}],"wp:attachment":[{"href":"https:\/\/www.europesays.com\/de\/wp-json\/wp\/v2\/media?parent=1279878"}],"wp:term":[{"taxonomy":"category","embeddable":true,"href":"https:\/\/www.europesays.com\/de\/wp-json\/wp\/v2\/categories?post=1279878"},{"taxonomy":"post_tag","embeddable":true,"href":"https:\/\/www.europesays.com\/de\/wp-json\/wp\/v2\/tags?post=1279878"}],"curies":[{"name":"wp","href":"https:\/\/api.w.org\/{rel}","templated":true}]}}