{"id":1279889,"date":"2026-09-04T09:45:29","date_gmt":"2026-09-04T09:45:29","guid":{"rendered":"https:\/\/www.europesays.com\/de\/1279889\/"},"modified":"2026-09-04T09:45:29","modified_gmt":"2026-09-04T09:45:29","slug":"illegales-strassenrennen-schwerer-unfall-in-bielefeld-schildesche","status":"publish","type":"post","link":"https:\/\/www.europesays.com\/de\/1279889\/","title":{"rendered":"Illegales Stra\u00dfenrennen? Schwerer Unfall in Bielefeld-Schildesche"},"content":{"rendered":"<p id=\"absatz1\" class=\"em_text\">\nBielefeld-Schildesche. Gleich drei demolierte Autos, ein durchgebrochener Zaun und Tr\u00fcmmerteile auf der Fahrbahn waren das Resultat eines mutma\u00dflichen Stra\u00dfenrennens zwischen zwei M\u00e4nnern am sp\u00e4ten Donnerstagabend, 3. September, in Bielefeld-Schildesche. Ein Fahrer musste den F\u00fchrerschein abgeben.<\/p>\n<p id=\"absatz2\" class=\"em_text\">Wie Polizeisprecher Fabian Rickel auf Nachfrage mitteilt, ereignete sich der Unfall gegen 22 Uhr. <br \/>Demnach befuhren zwei 24-j\u00e4hrige Bielefelder mit einem Mercedes CLS und einem Audi A6 die Engersche Stra\u00dfe in Richtung Westerfeldstra\u00dfe. \u201eZeugen gaben an, beobachtet zu haben, wie die M\u00e4nner zuvor mit stark \u00fcberh\u00f6hter Geschwindigkeit unterwegs waren und mehrere Autos \u00fcberholten\u201c, berichtet Rickel. Ein Zeuge berichtete demnach, dass die Fahrzeuge mit 120 bis 140 km\/h bei erlaubtem Tempo 50 unterwegs gewesen seien sollen.<\/p>\n<p id=\"absatz3\" class=\"em_text\">Kurz nach der Einm\u00fcndung zur Schmalenbachstra\u00dfe sollen die beiden Kontrahenten versucht haben, drei unbeteiligte Fahrzeuge zu \u00fcberholen. Aufgrund von Gegenverkehr musste der Mercedesfahrer laut Polizeiangaben den \u00dcberholvorgang abbrechen. Der dahinter fahrende Audifahrer konnte nicht mehr rechtzeitig reagieren und fuhr auf das Heck des Mercedes auf.<\/p>\n<p id=\"absatz4\"><b class=\"bold\">Mehr zum Thema: <\/b><a href=\"https:\/\/www.nw.de\/lokal\/bielefeld\/mitte\/24406187_Droehnende-Motoren-Sportwagen-rauben-Bielefeldern-nachts-den-letzten-Nerv.html\" rel=\"nofollow noopener\" target=\"_blank\">Dr\u00f6hnende Motoren \u2013 Sportwagen rauben Bielefeldern nachts den letzten Nerv<\/a><\/p>\n<p>        <a href=\"https:\/\/www.nw.de\/_em_daten\/_cache\/image\/1xblY5ZWlKTjJTYjUwc1NOV3NJVFAyUjhxWmJtVnM5ZTRwaU9uM0dyK0ozMFBXRUwrajhqQzVrNXFjT1k1eGJiS3Voa0c0c1ZadWN3Mkp0V1FJbGFGUWZIN2ZIYW9HQVdWdTZDdXB6QXYxd3M9\/260904-1023-928083022.jpg\" class=\"nw-article-image\" title=\"Der Audifahrer wurde bei dem Unfall leicht verletzt\" data-glightbox=\"type: image; description: Der Audifahrer wurde bei dem Unfall leicht verletzt  | \u00a9 Paul Brinkmann \" rel=\"nofollow noopener\" target=\"_blank\"><br \/>\n            <img decoding=\"async\" src=\"https:\/\/www.europesays.com\/de\/wp-content\/uploads\/2026\/09\/260904-1023-928083022.jpg\" class=\"nw-img-fluid nw-w-full nw-lazy nw-rounded-t-md\" alt=\"Der Audifahrer wurde bei dem Unfall leicht verletzt - \u00a9 Paul Brinkmann\" data-format=\"16:9\"\/><br \/>\n        <\/a><\/p>\n<p>                Der Audifahrer wurde bei dem Unfall leicht verletzt<br \/>\n                                    | \u00a9 Paul Brinkmann<\/p>\n<p id=\"absatz5\" class=\"em_text\">Durch die Wucht der Kollision kam der Audi nach links von der Fahrbahn ab, touchierte einen geparkten VW Golf und durchbrach einen Zaun. Rettungskr\u00e4fte \u00fcbernahmen die Erstversorgung der beiden Unfallbeteiligten. Lediglich der Audifahrer verletzte sich bei dem Unfall leicht. Der Mercedesfahrer blieb unverletzt. <\/p>\n<p id=\"absatz6\" class=\"em_text\">Noch vor Ort stellte die Polizei den F\u00fchrerschein des Audi-Fahrers sowie die beiden Autos sicher. Drogen- und Alkoholvortests verliefen bei beiden M\u00e4nnern negativ. Alle drei Fahrzeuge waren nicht mehr fahrbereit und wurden abgeschleppt. F\u00fcr die Dauer der Unfallaufnahme und die Bergung der Fahrzeuge blieb die Engersche Stra\u00dfe bis Mitternacht voll gesperrt. Die Polizei sch\u00e4tzt den entstandenen Sachschaden auf rund 35.000 Euro. <\/p>\n<p id=\"absatz7\" class=\"em_text\">Beide Fahrer erhielten eine Strafanzeige wegen der Teilnahme an einem illegalen Stra\u00dfenrennen. Die Fahrerlaubnisbeh\u00f6rde wird informiert, um die Eignung der beiden 24-J\u00e4hrigen zum F\u00fchren von Kraftfahrzeugen zu pr\u00fcfen.<\/p>\n<p id=\"absatz8\">\ud83d\udcf1 <b class=\"TextRun SCXW194037719 BCX0 NormalTextRun SCXW194037719 BCX0 bold\">News direkt aufs Smartphone:<\/b> <a href=\"https:\/\/whatsapp.com\/channel\/0029VaeYHJ40Qeam4DWyn109\" rel=\"noreferrer noopener nofollow\" target=\"_blank\">Hier finden Sie den kostenlosen Whatsapp-Kanal der NW-Bielefeld<\/a> <\/p>\n","protected":false},"excerpt":{"rendered":"Bielefeld-Schildesche. Gleich drei demolierte Autos, ein durchgebrochener Zaun und Tr\u00fcmmerteile auf der Fahrbahn waren das Resultat eines mutma\u00dflichen&hellip;\n","protected":false},"author":2,"featured_media":1279890,"comment_status":"","ping_status":"","sticky":false,"template":"","format":"standard","meta":{"footnotes":"","_share_on_mastodon":"0"},"categories":[1841],"tags":[764,9856,513,1605,3364,29,17406,514,30,1606,2379,9310,2377,1608,118550,264117,377,198343,736,164252,16384,1613,1209,121,29696,23195,101639,1284],"class_list":["post-1279889","post","type-post","status-publish","format-standard","has-post-thumbnail","category-bielefeld","tag-audi","tag-audi-a6","tag-auto","tag-bielefeld","tag-de","tag-deutschland","tag-fabian-rickel","tag-fahrzeug","tag-germany","tag-label_m-80","tag-label_push","tag-label_social","tag-label_startseite","tag-label_top-news","tag-label_whatsapp","tag-mercedes-cls","tag-mercedes-benz","tag-meta_artikelklasse_aboanker","tag-meta_copyrights_nw","tag-meta_eo_zusammenfassung","tag-meta_themen_blaulicht_sicherheit","tag-meta_userneeds_informieremich","tag-nordrhein-westfalen","tag-polizei","tag-schildesche","tag-strassenrennen","tag-truemmerteil","tag-unfall"],"share_on_mastodon":{"url":"https:\/\/pubeurope.com\/@de\/117212133730637912","error":""},"_links":{"self":[{"href":"https:\/\/www.europesays.com\/de\/wp-json\/wp\/v2\/posts\/1279889","targetHints":{"allow":["GET"]}}],"collection":[{"href":"https:\/\/www.europesays.com\/de\/wp-json\/wp\/v2\/posts"}],"about":[{"href":"https:\/\/www.europesays.com\/de\/wp-json\/wp\/v2\/types\/post"}],"author":[{"embeddable":true,"href":"https:\/\/www.europesays.com\/de\/wp-json\/wp\/v2\/users\/2"}],"replies":[{"embeddable":true,"href":"https:\/\/www.europesays.com\/de\/wp-json\/wp\/v2\/comments?post=1279889"}],"version-history":[{"count":0,"href":"https:\/\/www.europesays.com\/de\/wp-json\/wp\/v2\/posts\/1279889\/revisions"}],"wp:featuredmedia":[{"embeddable":true,"href":"https:\/\/www.europesays.com\/de\/wp-json\/wp\/v2\/media\/1279890"}],"wp:attachment":[{"href":"https:\/\/www.europesays.com\/de\/wp-json\/wp\/v2\/media?parent=1279889"}],"wp:term":[{"taxonomy":"category","embeddable":true,"href":"https:\/\/www.europesays.com\/de\/wp-json\/wp\/v2\/categories?post=1279889"},{"taxonomy":"post_tag","embeddable":true,"href":"https:\/\/www.europesays.com\/de\/wp-json\/wp\/v2\/tags?post=1279889"}],"curies":[{"name":"wp","href":"https:\/\/api.w.org\/{rel}","templated":true}]}}