{"id":1279936,"date":"2026-09-04T10:15:15","date_gmt":"2026-09-04T10:15:15","guid":{"rendered":"https:\/\/www.europesays.com\/de\/1279936\/"},"modified":"2026-09-04T10:15:15","modified_gmt":"2026-09-04T10:15:15","slug":"20-000-euro-geige-aus-fitnessstudio-gestohlen-polizei-fahndet","status":"publish","type":"post","link":"https:\/\/www.europesays.com\/de\/1279936\/","title":{"rendered":"20.000-Euro-Geige aus Fitnessstudio gestohlen: Polizei fahndet"},"content":{"rendered":"<p>Nach dem Diebstahl eines Geigenkoffers mit hochwertiger Geige aus einem Fitnessstudio in Bremen ver\u00f6ffentlicht die Polizei ein Foto des Verd\u00e4chtigen und bittet um Hinweise. <\/p>\n<p>Staatsanwaltschaft und Polizei Bremen fahnden mit einem Foto nach einem bislang unbekannten Mann. Er soll vor zwei Jahren am Abend des 29. September einen dunkelblauen Geigenkoffer aus einem Fitnessstudio gestohlen haben. In dem Koffer befanden sich eine hochwertige Geige aus dem 19. Jahrhundert (1830) sowie vier Geigenb\u00f6gen. <\/p>\n<p>            &#13;<br \/>\n              Diebstahl aus Spind in Fitnessstudio <\/p>\n<p>Nach Angaben der Ermittler entwendete der T\u00e4ter den Koffer aus dem Spind der Herrenumkleide eines Fitnessstudios an der Stra\u00dfe An der Weide in Bremen. Der Gesamtwert der Geige und der B\u00f6gen liegt demnach bei knapp 20.000 Euro. Der Mann wurde dabei von der Video\u00fcberwachung aufgezeichnet. <\/p>\n<p>Beschreibung des Verd\u00e4chtigen und Zeugenaufruf <\/p>\n<p>Die bisherigen Ermittlungen f\u00fchrten laut Polizei nicht zu einer Identifizierung. Auf Antrag der Staatsanwaltschaft Bremen ordnete das zust\u00e4ndige Gericht deshalb eine \u00d6ffentlichkeitsfahndung an. Der Dieb trug zur Tatzeit eine Brille und hatte die Haare straff zu einem Zopf nach hinten gebunden.<\/p>\n<p><img decoding=\"async\"   src=\"https:\/\/www.europesays.com\/de\/wp-content\/uploads\/2026\/09\/mit-diesem-fahndungsplakat-hofft-die-polizei-bremen-auf-859693.jpg\" title=\"20.000-Euro-Geige aus Fitnessstudio gestohlen: Polizei fahndet - Foto: Polizei Bremen\" alt=\"Fahndungsplakat - Foto: Polizei Bremen\" class=\"img-responsive\"\/><\/p>\n<p>Mit diesem Fahndungsplakat hofft die Polizei Bremen auf Hinweise. <\/p>\n<p class=\"image-credit\">Foto: Polizei Bremen<\/p>\n<p>Staatsanwaltschaft und Polizei fragen, wer den Mann kennt und Angaben zu seiner Identit\u00e4t oder seinem Aufenthaltsort machen kann. Au\u00dferdem werden Hinweise zum Verbleib der Geige gesucht. Hinweise nimmt der Kriminaldauerdienst der Polizei Bremen jederzeit unter <a href=\"https:\/\/www.nord24.de\/blaulicht\/tel:+494213623888\" title=\"\" rel=\"nofollow noopener\" target=\"_blank\">0421 362-3888<\/a> entgegen. (pm\/re) <\/p>\n<p><a class=\"StoryShowContentLink\" title=\"Mercedes-Fahrer mit 1,76 Promille kontrolliert\" href=\"https:\/\/www.nord24.de\/blaulicht\/mercedes-fahrer-mit-176-promille-kontrolliert-410190.html?StoryId=410211\" rel=\"nofollow noopener\" target=\"_blank\">Mercedes-Fahrer mit 1,76 Promille kontrolliert<\/a><\/p>\n<p><a class=\"StoryShowContentLink\" title=\"Falsche Polizisten rufen Seniorinnen und Senioren an\" href=\"https:\/\/www.nord24.de\/blaulicht\/falsche-polizisten-rufen-seniorinnen-und-senioren-an-410184.html?StoryId=410211\" rel=\"nofollow noopener\" target=\"_blank\">Falsche Polizisten rufen Seniorinnen und Senioren an<\/a><\/p>\n<p><a class=\"StoryShowContentLink\" title=\"Gro\u00dfe Kontrolle in der Neustadt mit Haftbefehlen und Sicherstellungen\" href=\"https:\/\/www.nord24.de\/blaulicht\/grosse-kontrolle-in-der-neustadt-mit-haftbefehlen-und-sicherstellungen-410195.html?StoryId=410211\" rel=\"nofollow noopener\" target=\"_blank\">Gro\u00dfe Kontrolle in der Neustadt mit Haftbefehlen und Sicherstellungen<\/a><\/p>\n","protected":false},"excerpt":{"rendered":"Nach dem Diebstahl eines Geigenkoffers mit hochwertiger Geige aus einem Fitnessstudio in Bremen ver\u00f6ffentlicht die Polizei ein Foto&hellip;\n","protected":false},"author":2,"featured_media":1279937,"comment_status":"","ping_status":"","sticky":false,"template":"","format":"standard","meta":{"footnotes":"","_share_on_mastodon":"0"},"categories":[1824],"tags":[2420,3364,29,1686,40017,30,62841],"class_list":["post-1279936","post","type-post","status-publish","format-standard","has-post-thumbnail","category-bremen","tag-bremen","tag-de","tag-deutschland","tag-diebstahl","tag-geige","tag-germany","tag-musikinstrumente"],"share_on_mastodon":{"url":"https:\/\/pubeurope.com\/@de\/117212253865528021","error":""},"_links":{"self":[{"href":"https:\/\/www.europesays.com\/de\/wp-json\/wp\/v2\/posts\/1279936","targetHints":{"allow":["GET"]}}],"collection":[{"href":"https:\/\/www.europesays.com\/de\/wp-json\/wp\/v2\/posts"}],"about":[{"href":"https:\/\/www.europesays.com\/de\/wp-json\/wp\/v2\/types\/post"}],"author":[{"embeddable":true,"href":"https:\/\/www.europesays.com\/de\/wp-json\/wp\/v2\/users\/2"}],"replies":[{"embeddable":true,"href":"https:\/\/www.europesays.com\/de\/wp-json\/wp\/v2\/comments?post=1279936"}],"version-history":[{"count":0,"href":"https:\/\/www.europesays.com\/de\/wp-json\/wp\/v2\/posts\/1279936\/revisions"}],"wp:featuredmedia":[{"embeddable":true,"href":"https:\/\/www.europesays.com\/de\/wp-json\/wp\/v2\/media\/1279937"}],"wp:attachment":[{"href":"https:\/\/www.europesays.com\/de\/wp-json\/wp\/v2\/media?parent=1279936"}],"wp:term":[{"taxonomy":"category","embeddable":true,"href":"https:\/\/www.europesays.com\/de\/wp-json\/wp\/v2\/categories?post=1279936"},{"taxonomy":"post_tag","embeddable":true,"href":"https:\/\/www.europesays.com\/de\/wp-json\/wp\/v2\/tags?post=1279936"}],"curies":[{"name":"wp","href":"https:\/\/api.w.org\/{rel}","templated":true}]}}