{"id":1279945,"date":"2026-09-04T10:21:40","date_gmt":"2026-09-04T10:21:40","guid":{"rendered":"https:\/\/www.europesays.com\/de\/1279945\/"},"modified":"2026-09-04T10:21:40","modified_gmt":"2026-09-04T10:21:40","slug":"service-de-c-1995-2026-ruhr-concept-kg-das-presseportal-fuer-die-erfolgreiche-pressearbeit-von-staedten-kreisen-verbaenden-verlagen-parteien-unternehmen-medienbueros-hotelketten-etc-80","status":"publish","type":"post","link":"https:\/\/www.europesays.com\/de\/1279945\/","title":{"rendered":"service.de &#8211; (c) 1995-2026 ruhr-concept KG, das Presseportal f\u00fcr die erfolgreiche Pressearbeit von St\u00e4dten, Kreisen, Verb\u00e4nden, Verlagen, Parteien, Unternehmen, Medienb\u00fcros, Hotelketten etc."},"content":{"rendered":"<p>            &#13;<br \/>\n                Alle Meldungen:<\/p>\n<p>  &#13;<br \/>\n04.09.2026 &#8211; <a href=\"https:\/\/www.presse-service.de\/public\/Default.aspx?p=116\" rel=\"nofollow noopener\" target=\"_blank\">Stadt Hanau<\/a>&#13;<\/p>\n<p>  &#13;<br \/>\nStadtbibliothek Hanau sucht die besten digitalen Spiele&#13;<br \/>\nKinder und Jugendliche f\u00fcr TOMMI-Jury gesucht \/ Stadtbibliothek Teil der bundesweiten Fachjury&#13;<\/p>\n<p class=\"ins_r\">&#13;<br \/>\n      <img decoding=\"async\" class=\"news_list_single_image\" src=\"https:\/\/www.europesays.com\/de\/wp-content\/uploads\/2026\/09\/326264V.jpg\" alt=\"\u00a9 Medienzentrum\/Bildarchiv Stadt Hanau\"\/>&#13;<br \/>\nWelche digitalen Spiele und Anwendungen \u00fcberzeugen und welche eher nicht? Dar\u00fcber entscheiden beim Deutschen Games Award TOMMI Kinder und Jugendliche. Die Stadtbibliothek Hanau im Kulturforum sucht auch in diesem Jahr Kinder und Jugendliche zwischen 8 und 16 Jahren, die Teil der Kinder- und Jugendjury werden m\u00f6chten. Eine Anmeldung ist bis Samstag, 19. September, m\u00f6glich.&#13;\n  <\/p>\n<p> &#13;<br \/>\n      <a href=\"https:\/\/www.presse-service.de\/public\/Single.aspx?iid=1226075\" rel=\"nofollow noopener\" target=\"_blank\">mehr lesen&#8230;<\/a>  <\/p>\n<p>  &#13;<br \/>\n04.09.2026 &#8211; <a href=\"https:\/\/www.presse-service.de\/public\/Default.aspx?p=473\" rel=\"nofollow noopener\" target=\"_blank\">Kreis Borken<\/a>&#13;<\/p>\n<p>  &#13;<br \/>\nElf duale Studentinnen und Studenten schlie\u00dfen erfolgreich ihr Studium ab &#13;<br \/>\nLandrat Dr. Kai Zwicker: \u201eHerzlichen Gl\u00fcckwunsch zum Abschluss Ihres Studiums \u2013 das ist ein toller Erfolg!\u201c&#13;<\/p>\n<p class=\"ins_r\">&#13;<br \/>\n      <img decoding=\"async\" class=\"news_list_single_image\" src=\"https:\/\/www.europesays.com\/de\/wp-content\/uploads\/2026\/09\/326156V.jpeg\" alt=\"\u00a9 \"\/>&#13;<br \/>\nElf Studierende haben jetzt ihr duales Studium zum Bachelor of Laws bei der Kreisverwaltung Borken erfolgreich abgeschlossen. &#8222;Ich gratuliere Ihnen herzlich zu Ihren bestandenen Abschlusspr\u00fcfungen \u2013 das ist ein toller Erfolg. Einmal mehr zeigt sich, dass der Kreis Borken auf hervorragend ausgebildete Fachkr\u00e4fte z\u00e4hlen kann. Umso mehr freue ich mich, dass Sie Ihr Wissen ab sofort in ganz unterschiedlichen Fachbereichen einbringen&#8220;, betont Landrat Dr. Kai Zwicker.&#13;<br \/>\nVier der Absolventinnen und Absolventen werden nach Abschluss ihres Studiums im&#8230;&#13;\n  <\/p>\n<p> &#13;<br \/>\n      <a href=\"https:\/\/www.presse-service.de\/public\/Single.aspx?iid=1225931\" rel=\"nofollow noopener\" target=\"_blank\">mehr lesen&#8230;<\/a>  <\/p>\n<p>  &#13;<br \/>\n04.09.2026 &#8211; <a href=\"https:\/\/www.presse-service.de\/public\/Default.aspx?p=1032\" rel=\"nofollow noopener\" target=\"_blank\">Kreisstadt Unna<\/a>&#13;<\/p>\n<p>  &#13;<br \/>\nGirls Night in Unna: Kostenfreie DJ- und Tanzworkshops am 26. September&#13;<\/p>\n<p class=\"ins_r\">&#13;<br \/>\n      <img decoding=\"async\" class=\"news_list_single_image\" src=\"https:\/\/www.europesays.com\/de\/wp-content\/uploads\/2025\/04\/StadtUnna_Logo.jpg\" alt=\"\u00a9 \"\/>&#13;<br \/>\n&#13;<br \/>\n&#13;<br \/>\n&#13;<br \/>\nAm Samstag, 26. September, findet von 17 bis 21 Uhr die &#8222;Girls Night \u2013 Find Your Beat&#8220; statt. Die Veranstaltung bietet jungen Frauen und M\u00e4dchen im Alter von 14 bis 27 Jahren kostenfreie Workshops in den Bereichen DJing und Tanz. Partner der Aktion sind der Tanzraum Unna und die DJ anti_saunt.&#13;<br \/>\nDie Designerin, Musikerin und DJ Aneta Demerouti, bekannt als anti_saunt, gibt einen Einblick in die Welt des DJings. Nach einer kurzen technischen und historischen Einf\u00fchrung in die DJ-Kultur lernen die Teilnehmerinnen direkt am Controller, wie&#8230;&#13;\n  <\/p>\n<p> &#13;<br \/>\n      <a href=\"https:\/\/www.presse-service.de\/public\/Single.aspx?iid=1226021\" rel=\"nofollow noopener\" target=\"_blank\">mehr lesen&#8230;<\/a>  <\/p>\n<p>  &#13;<br \/>\n04.09.2026 &#8211; <a href=\"https:\/\/www.presse-service.de\/public\/Default.aspx?p=113\" rel=\"nofollow noopener\" target=\"_blank\">Stadt Bocholt &#8211; Fahrradfreundliche Stadt im M\u00fcnsterland<\/a>&#13;<\/p>\n<p>  &#13;<br \/>\nSemesterstart: Neues Programm der JUNGE UNI in Bocholt bietet bew\u00e4hrte Klassiker und spannende Neuheiten&#13;<br \/>\nWintersemester 2026: Entdecken, ausprobieren und gemeinsam entscheiden&#13;<\/p>\n<p class=\"ins_r\">&#13;<br \/>\n      <img decoding=\"async\" class=\"news_list_single_image\" src=\"https:\/\/www.europesays.com\/de\/wp-content\/uploads\/2026\/09\/298348V.jpg\" alt=\"\u00a9 Stadt Bocholt\"\/>&#13;<br \/>\nAb dem 7. September 2026 ist das neue Wintersemesterprogramm auf der Homepage der JUNGE UNI in Bocholt (JUBoh) einsehbar, die Anmeldung startet am 10. September um ca. 8 Uhr. Mit der bewussten Trennung von Programmver\u00f6ffentlichung und Anmeldestart erhalten Familien Zeit, das vielf\u00e4ltige Kursangebot gemeinsam zu entdecken. Von bew\u00e4hrten Klassikern bis hin zu spannenden neuen Workshops und einer Exkursion ins Neanderthal Museum gibt es eine Menge zu entdecken.&#13;\n  <\/p>\n<p> &#13;<br \/>\n      <a href=\"https:\/\/www.presse-service.de\/public\/Single.aspx?iid=1226028\" rel=\"nofollow noopener\" target=\"_blank\">mehr lesen&#8230;<\/a>  <\/p>\n<p>  &#13;<br \/>\n04.09.2026 &#8211; <a href=\"https:\/\/www.presse-service.de\/public\/Default.aspx?p=1533\" rel=\"nofollow noopener\" target=\"_blank\">M\u00fcnsterland e.V.<\/a>&#13;<\/p>\n<p>  &#13;<br \/>\nWillkommensevent im Hafen von M\u00fcnster: Mit dem Smartphone die neue Heimat entdecken&#13;<br \/>\nService Onboarding@M\u00fcnsterland bringt M\u00fcnsterland-Neulinge bei Fotoworkshop zusammen&#13;<\/p>\n<p class=\"ins_r\">&#13;<br \/>\n      <img decoding=\"async\" class=\"news_list_single_image\" src=\"https:\/\/www.europesays.com\/de\/wp-content\/uploads\/2026\/09\/326282V.jpeg\" alt=\"\u00a9 M\u00fcnsterland e.V.\"\/>&#13;<br \/>\nWie l\u00e4sst sich eine neue Heimat am besten kennenlernen? Beim Willkommensevent des Service Onboarding@M\u00fcnsterland des M\u00fcnsterland e.V. konnten neu in die Region gezogene Fachkr\u00e4fte dieser Frage mit dem Smartphone nachgehen. Am Donnerstag, 3. September, trafen sich 16 M\u00fcnsterland-Neulinge in der B-Side in M\u00fcnster, um gemeinsam zu fotografieren, neue Perspektiven auf ihre Umgebung zu entdecken und vor allem: miteinander ins Gespr\u00e4ch zu kommen.&#13;<br \/>\nOb aus Deutschland oder aus dem Ausland \u2013 die Teilnehmerinnen und Teilnehmer verbindet eine \u00e4hnliche&#8230;&#13;\n  <\/p>\n<p> &#13;<br \/>\n      <a href=\"https:\/\/www.presse-service.de\/public\/Single.aspx?iid=1226066\" rel=\"nofollow noopener\" target=\"_blank\">mehr lesen&#8230;<\/a>  <\/p>\n<p>  &#13;<br \/>\n04.09.2026 &#8211; <a href=\"https:\/\/www.presse-service.de\/public\/Default.aspx?p=272\" rel=\"nofollow noopener\" target=\"_blank\">Stadt Borken<\/a>&#13;<\/p>\n<p>  &#13;<br \/>\nNeue Wege zu Entspannung und innerer Balance: VHS Borken bietet besondere Erlebnisse in Reken an&#13;<br \/>\nFreitag, 25. September 2026\/Samstag, 26. September 2026, jeweils 18.00 Uhr&#13;<\/p>\n<p class=\"ins_r\">&#13;<br \/>\n      <img decoding=\"async\" class=\"news_list_single_image\" src=\"https:\/\/www.europesays.com\/de\/wp-content\/uploads\/2026\/09\/326271V.png\" alt=\"\u00a9 \u00a9 VHS Borken (KI generiert)\"\/>&#13;<br \/>\nBorken\/Reken. Die Volkshochschule Borken l\u00e4dt gemeinsam mit der IPG Reken zu zwei besonderen Veranstaltungen ein, die dazu anregen, den Alltag hinter sich zu lassen, zur Ruhe zu kommen und neue Erfahrungen zu sammeln.&#13;<br \/>\n Den Auftakt bildet der Kurs &#8222;Meditation mit Pferd \u2013 Eine Reise zu Dir selbst&#8220; (Kursnummer 30154RE) am Freitag, 25. September 2026, um 18:00 Uhr. Die Teilnehmenden begegnen den Pferden in einer ruhigen Atmosph\u00e4re und erhalten die M\u00f6glichkeit, \u00fcber einfache \u00dcbungen bewusster mit dem eigenen K\u00f6rper und dem Moment in Kontakt zu&#8230;&#13;\n  <\/p>\n<p> &#13;<br \/>\n      <a href=\"https:\/\/www.presse-service.de\/public\/Single.aspx?iid=1226081\" rel=\"nofollow noopener\" target=\"_blank\">mehr lesen&#8230;<\/a>  <\/p>\n<p>  &#13;<br \/>\n04.09.2026 &#8211; <a href=\"https:\/\/www.presse-service.de\/public\/Default.aspx?p=272\" rel=\"nofollow noopener\" target=\"_blank\">Stadt Borken<\/a>&#13;<\/p>\n<p>  &#13;<br \/>\n Selbstsicher auftreten und Grenzen setzen: VHS Borken bietet Seminar f\u00fcr Frauen an&#13;<br \/>\nSamstag und Sonntag, 17. und 18. Oktober 2026, VHS Forum, Heidener Stra\u00dfe 88.&#13;<\/p>\n<p class=\"ins_r\">&#13;<br \/>\n      <img decoding=\"async\" class=\"news_list_single_image\" src=\"https:\/\/www.europesays.com\/de\/wp-content\/uploads\/2026\/09\/326274V.png\" alt=\"\u00a9 \u00a9 VHS Borken\"\/>&#13;<br \/>\nBorken. Selbstbewusst auftreten, die eigenen Grenzen klar vertreten und auch in schwierigen Situationen handlungsf\u00e4hig bleiben: Darum geht es beim zweit\u00e4gigen &#8222;Seminar zur Selbstbehauptung und Selbstf\u00fcrsorge f\u00fcr Frauen&#8220; der Volkshochschule Borken am Samstag und Sonntag, 17. und 18. Oktober 2026, im VHS Forum, Heidener Stra\u00dfe 88.&#13;<br \/>\nDas Angebot richtet sich an Frauen in unterschiedlichen Lebenssituationen \u2013 darunter Berufst\u00e4tige, F\u00fchrungskr\u00e4fte, Unternehmerinnen, Selbstst\u00e4ndige, M\u00fctter und Studentinnen. Willkommen sind alle Frauen, die ihre&#8230;&#13;\n  <\/p>\n<p> &#13;<br \/>\n      <a href=\"https:\/\/www.presse-service.de\/public\/Single.aspx?iid=1226088\" rel=\"nofollow noopener\" target=\"_blank\">mehr lesen&#8230;<\/a>  <\/p>\n<p>  &#13;<br \/>\n04.09.2026 &#8211; <a href=\"https:\/\/www.presse-service.de\/public\/Default.aspx?p=1452\" rel=\"nofollow noopener\" target=\"_blank\">Kreis Unna &#8211; Presse und Kommunikation<\/a>&#13;<\/p>\n<p>  &#13;<br \/>\nNeue Selbsthilfegruppe in Schwerte&#13;<br \/>\nInteressenten und Interessentinnen gesucht &#13;<\/p>\n<p class=\"ins_r\">&#13;<br \/>\n      <img decoding=\"async\" class=\"news_list_single_image\" src=\"https:\/\/www.europesays.com\/de\/wp-content\/uploads\/2025\/05\/1747307889_562_logo.jpg\" alt=\"\u00a9 \"\/>&#13;<br \/>\nIn Schwerte soll sich eine neue Gruppe f\u00fcr Menschen gr\u00fcnden, die an Krebs erkrankt sind. Die Gruppe ist offen f\u00fcr alle Erkrankten, unabh\u00e4ngig von der Krebsart.&#13;\n  <\/p>\n<p> &#13;<br \/>\n      <a href=\"https:\/\/www.presse-service.de\/public\/Single.aspx?iid=1225977\" rel=\"nofollow noopener\" target=\"_blank\">mehr lesen&#8230;<\/a>  <\/p>\n<p>  &#13;<br \/>\n04.09.2026 &#8211; <a href=\"https:\/\/www.presse-service.de\/public\/Default.aspx?p=1458\" rel=\"nofollow noopener\" target=\"_blank\">Ennepe-Ruhr-Kreis<\/a>&#13;<\/p>\n<p>  &#13;<br \/>\nWarntag: Techniktest und Vorsorgeappell an B\u00fcrgerinnen und B\u00fcrger&#13;<\/p>\n<p class=\"ins_r\">&#13;<br \/>\n      <img decoding=\"async\" class=\"news_list_single_image\" src=\"https:\/\/www.europesays.com\/de\/wp-content\/uploads\/2025\/06\/1749045261_262_logo.jpg\" alt=\"\u00a9 \"\/>&#13;<br \/>\n(pen) Ein funktionierendes Warnsystem kann im Ernstfall Leben retten. Aus diesem Grund testen Bund und L\u00e4nder, Kreise und St\u00e4dte am Donnerstag, 10. September, um 11 Uhr gemeinsam ihre daf\u00fcr vorgesehenen Systeme. Auch der Ennepe-Ruhr-Kreis nimmt aktiv an diesem bundesweiten Warntag teil. In den neun St\u00e4dten werden daher die Sirenen heulen und Push-Nachrichten \u00fcber Cell Broadcast und die Warn-App NINA direkt auf den Mobilger\u00e4ten der B\u00fcrgerinnen und B\u00fcrger landen.&#13;<br \/>\n\u00a0&#13;<br \/>\n&#8222;Zum einen geht es ein weiteres Mal darum, Technik und Abl\u00e4ufe zu testen. Zum&#8230;&#13;\n  <\/p>\n<p> &#13;<br \/>\n      <a href=\"https:\/\/www.presse-service.de\/public\/Single.aspx?iid=1226000\" rel=\"nofollow noopener\" target=\"_blank\">mehr lesen&#8230;<\/a>  <\/p>\n<p>  &#13;<br \/>\n04.09.2026 &#8211; <a href=\"https:\/\/www.presse-service.de\/public\/Default.aspx?p=1553\" rel=\"nofollow noopener\" target=\"_blank\">Gemeinde S\u00fcdlohn<\/a>&#13;<\/p>\n<p>  &#13;<br \/>\nStra\u00dfenendausbau Lohner Brook II startet am 14. September&#13;<br \/>\nGemeinsames Projekt von Frau ter H\u00fcrne und der Gemeinde S\u00fcdlohn \u2013 Abschluss bis zum Jahresende geplant&#13;<\/p>\n<p class=\"ins_r\">&#13;<br \/>\n      <img decoding=\"async\" class=\"news_list_single_image\" src=\"https:\/\/www.presse-service.de\/data.aspx\/medien\/326224V.gif\" alt=\"\u00a9 \"\/>&#13;<br \/>\nDer Stra\u00dfenendausbau im Baugebiet &#8222;Lohner Brook II&#8220; an der Von-Fallersleben-Stra\u00dfe beginnt wie geplant am 14. September 2026. Die Wohnstra\u00dfe wird niveaugleich ausgebaut und mit wasserdurchl\u00e4ssigem Pflaster befestigt. F\u00fcr die Bauarbeiten ist eine Dauer von rund drei Monaten vorgesehen. Die Fertigstellung soll damit bis zum Jahresende erfolgen.&#13;<br \/>\nDie Ma\u00dfnahme wird auf Grundlage des bestehenden st\u00e4dtebaulichen Vertrags als gemeinsames Projekt von Frau ter H\u00fcrne und der Gemeinde S\u00fcdlohn umgesetzt. Nach der endg\u00fcltigen Fertigstellung geht die&#8230;&#13;\n  <\/p>\n<p> &#13;<br \/>\n      <a href=\"https:\/\/www.presse-service.de\/public\/Single.aspx?iid=1226008\" rel=\"nofollow noopener\" target=\"_blank\">mehr lesen&#8230;<\/a>  <\/p>\n<p>  &#13;<br \/>\n04.09.2026 &#8211; <a href=\"https:\/\/www.presse-service.de\/public\/Default.aspx?p=1596\" rel=\"nofollow noopener\" target=\"_blank\">Stadt Warstein<\/a>&#13;<\/p>\n<p>  &#13;<br \/>\nKulturHerbst startet mit Vollblutmusikern&#13;<br \/>\nStadtmarketingverein l\u00e4dt ins M\u00f6hnetal zu stimmungsvollen Open-Air-Veranstaltungen &#13;<\/p>\n<p class=\"ins_r\">&#13;<br \/>\n      <img decoding=\"async\" class=\"news_list_single_image\" src=\"https:\/\/www.europesays.com\/de\/wp-content\/uploads\/2026\/09\/326231V.jpg\" alt=\"\u00a9 Alexander Lange\"\/>&#13;<br \/>\nDer KulturHerbst M\u00f6hnetal bringt von Freitag, 18. September, bis Sonntag, 27. September, Musik, Theater und Zauberkunst an besondere Orte, die durch den M\u00f6hnetalradweg miteinander verbunden sind. Dank des KulturWohnzimmers des Stadtmarketing Warstein e.V. entsteht an f\u00fcnf verschiedenen Veranstaltungsorten eine stimmungsvolle B\u00fchne mit professioneller Licht- und Tontechnik. Bereits am ersten Wochenende 18. bis 20. September gibt es drei Genie\u00dfer-Events.&#13;\n  <\/p>\n<p> &#13;<br \/>\n      <a href=\"https:\/\/www.presse-service.de\/public\/Single.aspx?iid=1226031\" rel=\"nofollow noopener\" target=\"_blank\">mehr lesen&#8230;<\/a>  <\/p>\n<p>  &#13;<br \/>\n04.09.2026 &#8211; <a href=\"https:\/\/www.presse-service.de\/public\/Default.aspx?p=1452\" rel=\"nofollow noopener\" target=\"_blank\">Kreis Unna &#8211; Presse und Kommunikation<\/a>&#13;<\/p>\n<p>  &#13;<br \/>\nTier der Woche&#13;<br \/>\nStromberg sucht ein neues Zuhause&#13;<\/p>\n<p class=\"ins_r\">&#13;<br \/>\n      <img decoding=\"async\" class=\"news_list_single_image\" src=\"https:\/\/www.europesays.com\/de\/wp-content\/uploads\/2026\/09\/326232V.jpg\" alt=\"\u00a9 Tierheim Kreis Unna\"\/>&#13;<br \/>\nOft steckt eine traurige Geschichte dahinter, wenn Tierheime ein Tier aufnehmen: Das Miteinander klappt nicht, der Zeitaufwand ist zu gro\u00df oder die Anschaffung un\u00fcberlegt. Das Tierheim Kreis Unna sucht f\u00fcr Fund- und Abgabetiere ein neues Zuhause. Diese Woche f\u00fcr Kater Stromberg.&#13;\n  <\/p>\n<p> &#13;<br \/>\n      <a href=\"https:\/\/www.presse-service.de\/public\/Single.aspx?iid=1226032\" rel=\"nofollow noopener\" target=\"_blank\">mehr lesen&#8230;<\/a>  <\/p>\n<p>  &#13;<br \/>\n04.09.2026 &#8211; <a href=\"https:\/\/www.presse-service.de\/public\/Default.aspx?p=1032\" rel=\"nofollow noopener\" target=\"_blank\">Kreisstadt Unna<\/a>&#13;<\/p>\n<p>  &#13;<br \/>\n\u201eBaumanns Hitparade 2026\u201c: Open-Air-Konzert der Neuen Philharmonie Westfalen auf dem Alten Markt&#13;<\/p>\n<p class=\"ins_r\">&#13;<br \/>\n      <img decoding=\"async\" class=\"news_list_single_image\" src=\"https:\/\/www.europesays.com\/de\/wp-content\/uploads\/2026\/09\/326233V.jpg\" alt=\"\u00a9 Henryk Brock\"\/>&#13;<br \/>\n&#13;<br \/>\n&#13;<br \/>\nAm Sonntag, 13. September, wird der Alte Markt in Unna wieder zur B\u00fchne unter freiem Himmel: Die Neue Philharmonie Westfalen gibt dort um 18 Uhr ihr j\u00e4hrliches Open-Air-Konzert. Dirigieren wird Generalmusikdirektor Professor Rasmus Baumann, der zugleich durch den Abend f\u00fchrt. Unter dem Motto &#8222;Baumanns Hitparade 2026&#8220; spielt das Orchester ein Best-of seines Repertoires mit vielen weltbekannten Musikst\u00fccken.&#13;<br \/>\n&#13;<br \/>\n&#13;<br \/>\n&#13;<br \/>\n&#13;<br \/>\nZum Auftakt erklingt Wolfgang Amadeus Mozarts Ouvert\u00fcre zur Oper &#8222;Die Entf\u00fchrung aus dem Serail&#8220;. Es folgen Edvard Griegs&#8230;&#13;\n  <\/p>\n<p> &#13;<br \/>\n      <a href=\"https:\/\/www.presse-service.de\/public\/Single.aspx?iid=1226033\" rel=\"nofollow noopener\" target=\"_blank\">mehr lesen&#8230;<\/a>  <\/p>\n<p>  &#13;<br \/>\n04.09.2026 &#8211; <a href=\"https:\/\/www.presse-service.de\/public\/Default.aspx?p=1452\" rel=\"nofollow noopener\" target=\"_blank\">Kreis Unna &#8211; Presse und Kommunikation<\/a>&#13;<\/p>\n<p>  &#13;<br \/>\nLandrat besucht Oberb\u00fcrgermeister Kalouti&#13;<br \/>\nEngere Zusammenarbeit geplant&#13;<\/p>\n<p class=\"ins_r\">&#13;<br \/>\n      <img decoding=\"async\" class=\"news_list_single_image\" src=\"https:\/\/www.europesays.com\/de\/wp-content\/uploads\/2026\/09\/326236V.jpg\" alt=\"\u00a9 Foto: Schuetze \u2013 Stadt Dortmund \"\/>&#13;<br \/>\nLandrat Mario L\u00f6hr hat am Montag, 31. August, Dortmunds Oberb\u00fcrgermeister Alexander Kalouti besucht. Beim ersten pers\u00f6nlichen Austausch ging es um Themen, die den Kreis Unna und Dortmund als Nachbarn direkt betreffen \u2013 und um die Zukunft der Region.&#13;<br \/>\n&#13;\n  <\/p>\n<p> &#13;<br \/>\n      <a href=\"https:\/\/www.presse-service.de\/public\/Single.aspx?iid=1226041\" rel=\"nofollow noopener\" target=\"_blank\">mehr lesen&#8230;<\/a>  <\/p>\n<p>  &#13;<br \/>\n04.09.2026 &#8211; <a href=\"https:\/\/www.presse-service.de\/public\/Default.aspx?p=473\" rel=\"nofollow noopener\" target=\"_blank\">Kreis Borken<\/a>&#13;<\/p>\n<p>  &#13;<br \/>\n\u201eKlimawochen 2026\u201c: Mitmachaktionen, Vortr\u00e4ge und digitale Angebote&#13;<br \/>\nAktionswochen vom 14. bis 27. September 2026 \/ Vielseitiges Programm unter www.kreis-borken.de\/klimawochen zu finden&#13;<\/p>\n<p class=\"ins_r\">&#13;<br \/>\n      <img decoding=\"async\" class=\"news_list_single_image\" src=\"https:\/\/www.europesays.com\/de\/wp-content\/uploads\/2026\/09\/326243V.png\" alt=\"\u00a9 \"\/>&#13;<br \/>\nDie &#8222;Klimawochen 2026&#8220; stehen an: Zum inzwischen zehnten Mal wird das wichtige Thema Klimaschutz vom 14. bis 27. September 2026 kreisweit ganz besonders in den Blick genommen. Zusammen mit den kreisangeh\u00f6rigen St\u00e4dten und Gemeinden m\u00f6chte der Kreis Borken so den Menschen im Westm\u00fcnsterland die M\u00f6glichkeit geben, sich \u00fcber verschiedenste Aspekte des Klimaschutzes und der Klimafolgenanpassung zu informieren. Auch in diesem Jahr erwartet alle Interessierten wieder ein vielf\u00e4ltiges Programm: von einem Naturerlebnistag f\u00fcr Grundschulkinder oder&#8230;&#13;\n  <\/p>\n<p> &#13;<br \/>\n      <a href=\"https:\/\/www.presse-service.de\/public\/Single.aspx?iid=1226043\" rel=\"nofollow noopener\" target=\"_blank\">mehr lesen&#8230;<\/a>  <\/p>\n<p>  &#13;<br \/>\n04.09.2026 &#8211; <a href=\"https:\/\/www.presse-service.de\/public\/Default.aspx?p=77\" rel=\"nofollow noopener\" target=\"_blank\">Stadt M\u00fcnster<\/a>&#13;<\/p>\n<p>  &#13;<br \/>\n\u00dcber die Faszination der \u201eTradwife\u201c: Hannah L\u00fchmann stellt Roman \u201eHeimat\u201c vor&#13;<br \/>\nLesung am 12. September in der Stadtb\u00fccherei \/ Karten im Vorverkauf&#13;<\/p>\n<p class=\"ins_r\">&#13;<br \/>\n      <img decoding=\"async\" class=\"news_list_single_image\" src=\"https:\/\/www.europesays.com\/de\/wp-content\/uploads\/2026\/09\/326250V.jpg\" alt=\"\u00a9 \"\/>&#13;<br \/>\nM\u00fcnster (SMS) Die Journalistin und Autorin Hannah L\u00fchmann stellt am Samstag, 12. September, ihren aktuellen Roman &#8222;Heimat&#8220; in der Stadtb\u00fccherei M\u00fcnster vor. Die Lesung beginnt um 18.30 Uhr in der Eingangsetage am Alten Steinweg 11. Die Veranstaltung ist der Nachholtermin der urspr\u00fcnglich f\u00fcr den 9. Mai geplanten Lesung. Der Eintritt betr\u00e4gt 10 \u20ac. Karten sind ausschlie\u00dflich im Vorverkauf in der Stadtb\u00fccherei am Alten Steinweg erh\u00e4ltlich. Bereits gekaufte Eintrittskarten behalten ihre G\u00fcltigkeit.\u00a0&#13;<br \/>\nIm Mittelpunkt des Romans steht Jana, die mit&#8230;&#13;\n  <\/p>\n<p> &#13;<br \/>\n      <a href=\"https:\/\/www.presse-service.de\/public\/Single.aspx?iid=1226051\" rel=\"nofollow noopener\" target=\"_blank\">mehr lesen&#8230;<\/a>  <\/p>\n<p>  &#13;<br \/>\n04.09.2026 &#8211; <a href=\"https:\/\/www.presse-service.de\/public\/Default.aspx?p=1477\" rel=\"nofollow noopener\" target=\"_blank\">Stadt Gummersbach<\/a>&#13;<\/p>\n<p>  &#13;<br \/>\n175. Geburtstag &#8211; Gedenken an Bernhard Krawinkel&#13;<\/p>\n<p class=\"ins_r\">&#13;<br \/>\n      <img decoding=\"async\" class=\"news_list_single_image\" src=\"https:\/\/www.europesays.com\/de\/wp-content\/uploads\/2025\/05\/1746713305_534_logo.png\" alt=\"\u00a9 \"\/>&#13;<br \/>\nSehr geehrte Damen und Herren,\u00a0&#13;<br \/>\nLiebe Kolleginnen und Kollegen,\u00a0\u00a0&#13;<br \/>\nAm 10. September 2026, j\u00e4hrt sich zum 175. Mal der Geburtstag von Bernhard Krawinkel. Der Unternehmer war sowohl f\u00fcr Gummersbach wie auch f\u00fcr Bergneustadtvon herausragender Bedeutung.\u00a0 Daher gedenken die B\u00fcrgermeister beider St\u00e4dte seiner in einer gemeinsamen Feierstunde am Donnerstag,\u00a0 10. September 2026, um 11 Uhr auf dem Bergneust\u00e4dter Friedhof.\u00a0\u00a0&#13;<br \/>\nSie sind zur Berichterstattung eingeladen.\u00a0\u00a0&#13;<br \/>\nFreundliche Gr\u00fc\u00dfe\u00a0&#13;<br \/>\nSiegfried Frank\u00a0&#13;<br \/>\nPressesprecher\u00a0&#13;\n  <\/p>\n<p> &#13;<br \/>\n      <a href=\"https:\/\/www.presse-service.de\/public\/Single.aspx?iid=1226059\" rel=\"nofollow noopener\" target=\"_blank\">mehr lesen&#8230;<\/a>  <\/p>\n<p>  &#13;<br \/>\n04.09.2026 &#8211; <a href=\"https:\/\/www.presse-service.de\/public\/Default.aspx?p=1377\" rel=\"nofollow noopener\" target=\"_blank\">M\u00e4rkischer Kreis<\/a>&#13;<\/p>\n<p>  &#13;<br \/>\nBundesweiter Warntag am 10. September&#13;<\/p>\n<p class=\"ins_r\">&#13;<br \/>\n      <img decoding=\"async\" class=\"news_list_single_image\" src=\"https:\/\/www.europesays.com\/de\/wp-content\/uploads\/2026\/09\/326256V.jpg\" alt=\"\u00a9 \"\/>&#13;<br \/>\nWichtiger Test f\u00fcr die Sicherheit: In ganz Deutschland findet am Donnerstag, 10. September, ein weiterer &#8222;Warntag&#8220; statt. Auch in allen Kommunen des M\u00e4rkischen Kreises werden s\u00e4mtliche Warnmittel und Systeme getestet, darunter die Warn-App &#8222;NINA&#8220; und &#8222;Cell Broadcast&#8220;.&#13;<br \/>\nWaldbr\u00e4nde, Unwetter, Drohnen\u00fcberfl\u00fcge: Im Ernstfall muss die Bev\u00f6lkerung schnell und zuverl\u00e4ssig gewarnt werden. Die rechtzeitige Warnung und Information ist ein zentraler Bestandteil der Gefahrenabwehr und st\u00e4rkt die Selbsthilfef\u00e4higkeit der Menschen. Damit die Warnsysteme&#8230;&#13;\n  <\/p>\n<p> &#13;<br \/>\n      <a href=\"https:\/\/www.presse-service.de\/public\/Single.aspx?iid=1226061\" rel=\"nofollow noopener\" target=\"_blank\">mehr lesen&#8230;<\/a>  <\/p>\n<p>  &#13;<br \/>\n04.09.2026 &#8211; <a href=\"https:\/\/www.presse-service.de\/public\/Default.aspx?p=1256\" rel=\"nofollow noopener\" target=\"_blank\">Stadt Hamm<\/a>&#13;<\/p>\n<p>  &#13;<br \/>\nNeue Teiche f\u00fcr die Knoblauchkr\u00f6te&#13;<br \/>\nIntegriertes LIFE-Projekt \u201eAtlantische Sandlandschaften\u201c&#13;<\/p>\n<p class=\"ins_r\">&#13;<br \/>\n      <img decoding=\"async\" class=\"news_list_single_image\" src=\"https:\/\/www.europesays.com\/de\/wp-content\/uploads\/2026\/09\/326259V.jpg\" alt=\"\u00a9 (\u00a9 Luise Hauswirth, Biologische Station Kreis Soest \u2013 ABU\"\/>&#13;<br \/>\nIn der kommenden Woche werden im Rahmen des Integrierten LIFE-Projektes &#8222;Atlantische Sandlandschaften&#8220; (IP-LIFE) wieder die Bagger f\u00fcr die Knoblauchkr\u00f6te rollen: In der Lippeaue, im Abschnitt zwischen Friedhof Werries und dem Haus Uentrop, werden zwei Teiche mit jeweils etwas mehr als 200 Quadratmetern Gr\u00f6\u00dfe als Laichgew\u00e4sser f\u00fcr Amphibien angelegt. Au\u00dferdem wird ein bereits vorhandener Teich, der \u00fcber die Jahre verlandet ist, wieder ausgebaggert und damit als Lebensraum reaktiviert. W\u00e4hrend der Bauumsetzung kann es im Bereich des&#8230;&#13;\n  <\/p>\n<p> &#13;<br \/>\n      <a href=\"https:\/\/www.presse-service.de\/public\/Single.aspx?iid=1226062\" rel=\"nofollow noopener\" target=\"_blank\">mehr lesen&#8230;<\/a>  <\/p>\n<p>&#13;<br \/>\n  &#13;<\/p>\n","protected":false},"excerpt":{"rendered":"&#13; Alle Meldungen: &#13; 04.09.2026 &#8211; Stadt Hanau&#13; &#13; Stadtbibliothek Hanau sucht die besten digitalen Spiele&#13; Kinder und&hellip;\n","protected":false},"author":2,"featured_media":1279946,"comment_status":"","ping_status":"","sticky":false,"template":"","format":"standard","meta":{"footnotes":"","_share_on_mastodon":"0"},"categories":[1833],"tags":[3364,29,217,30,19579,19580,62,14,1209,178,19577,19578,19576,181,19575],"class_list":["post-1279945","post","type-post","status-publish","format-standard","has-post-thumbnail","category-dortmund","tag-de","tag-deutschland","tag-dortmund","tag-germany","tag-kommunal","tag-kommunaler-dienst","tag-medien","tag-nachrichten","tag-nordrhein-westfalen","tag-presse","tag-pressearchiv","tag-pressedienst","tag-pressemeldungen","tag-pressemitteilungen","tag-presseservice"],"share_on_mastodon":{"url":"","error":""},"_links":{"self":[{"href":"https:\/\/www.europesays.com\/de\/wp-json\/wp\/v2\/posts\/1279945","targetHints":{"allow":["GET"]}}],"collection":[{"href":"https:\/\/www.europesays.com\/de\/wp-json\/wp\/v2\/posts"}],"about":[{"href":"https:\/\/www.europesays.com\/de\/wp-json\/wp\/v2\/types\/post"}],"author":[{"embeddable":true,"href":"https:\/\/www.europesays.com\/de\/wp-json\/wp\/v2\/users\/2"}],"replies":[{"embeddable":true,"href":"https:\/\/www.europesays.com\/de\/wp-json\/wp\/v2\/comments?post=1279945"}],"version-history":[{"count":0,"href":"https:\/\/www.europesays.com\/de\/wp-json\/wp\/v2\/posts\/1279945\/revisions"}],"wp:featuredmedia":[{"embeddable":true,"href":"https:\/\/www.europesays.com\/de\/wp-json\/wp\/v2\/media\/1279946"}],"wp:attachment":[{"href":"https:\/\/www.europesays.com\/de\/wp-json\/wp\/v2\/media?parent=1279945"}],"wp:term":[{"taxonomy":"category","embeddable":true,"href":"https:\/\/www.europesays.com\/de\/wp-json\/wp\/v2\/categories?post=1279945"},{"taxonomy":"post_tag","embeddable":true,"href":"https:\/\/www.europesays.com\/de\/wp-json\/wp\/v2\/tags?post=1279945"}],"curies":[{"name":"wp","href":"https:\/\/api.w.org\/{rel}","templated":true}]}}