{"id":1279952,"date":"2026-09-04T10:25:14","date_gmt":"2026-09-04T10:25:14","guid":{"rendered":"https:\/\/www.europesays.com\/de\/1279952\/"},"modified":"2026-09-04T10:25:14","modified_gmt":"2026-09-04T10:25:14","slug":"neuss-friseur-paar-wagt-nach-20-jahren-duesseldorf-den-neustart-in-hoisten","status":"publish","type":"post","link":"https:\/\/www.europesays.com\/de\/1279952\/","title":{"rendered":"Neuss: Friseur-Paar wagt nach 20 Jahren D\u00fcsseldorf den Neustart in Hoisten"},"content":{"rendered":"<p class=\"text_ohne_einzug richtext text-em-55 !leading-serif mx-6 desktop:mx-0\"> P\u00fcnktlich zur 20-j\u00e4hrigen Selbstst\u00e4ndigkeit sind Susanne B\u00f6ttner und Oliver Srbinoski mit ihrem Friseursalon von D\u00fcsseldorf nach Neuss gezogen und haben sich zum Monatsanfang mit \u201eOS Oliver &amp; Susanne \u2013 Friseursalon\u201c in ihrem Heimatdorf Hoisten niedergelassen. Direkt neben dem Parkplatz des gro\u00dfen Supermarkts bietet das Paar nun die gesamte Bandbreite ihres Handwerks an \u2013 f\u00fcr Damen, Herren oder Kinder.<\/p>\n","protected":false},"excerpt":{"rendered":"P\u00fcnktlich zur 20-j\u00e4hrigen Selbstst\u00e4ndigkeit sind Susanne B\u00f6ttner und Oliver Srbinoski mit ihrem Friseursalon von D\u00fcsseldorf nach Neuss gezogen&hellip;\n","protected":false},"author":2,"featured_media":1279953,"comment_status":"","ping_status":"","sticky":false,"template":"","format":"standard","meta":{"footnotes":"","_share_on_mastodon":"0"},"categories":[1831],"tags":[264122,3364,264123,29,3405,22068,33392,30,63864,89669,10430,1209,6443,29455,264121,84926,33894],"class_list":["post-1279952","post","type-post","status-publish","format-standard","has-post-thumbnail","category-duesseldorf","tag-boettner","tag-de","tag-dekoriert","tag-deutschland","tag-duesseldorf","tag-friseur","tag-friseursalon","tag-germany","tag-hoisten","tag-koerbchen","tag-neuss","tag-nordrhein-westfalen","tag-oliver","tag-salon","tag-srbinoski","tag-sunny","tag-susanne"],"share_on_mastodon":{"url":"https:\/\/pubeurope.com\/@de\/117212290883568078","error":""},"_links":{"self":[{"href":"https:\/\/www.europesays.com\/de\/wp-json\/wp\/v2\/posts\/1279952","targetHints":{"allow":["GET"]}}],"collection":[{"href":"https:\/\/www.europesays.com\/de\/wp-json\/wp\/v2\/posts"}],"about":[{"href":"https:\/\/www.europesays.com\/de\/wp-json\/wp\/v2\/types\/post"}],"author":[{"embeddable":true,"href":"https:\/\/www.europesays.com\/de\/wp-json\/wp\/v2\/users\/2"}],"replies":[{"embeddable":true,"href":"https:\/\/www.europesays.com\/de\/wp-json\/wp\/v2\/comments?post=1279952"}],"version-history":[{"count":0,"href":"https:\/\/www.europesays.com\/de\/wp-json\/wp\/v2\/posts\/1279952\/revisions"}],"wp:featuredmedia":[{"embeddable":true,"href":"https:\/\/www.europesays.com\/de\/wp-json\/wp\/v2\/media\/1279953"}],"wp:attachment":[{"href":"https:\/\/www.europesays.com\/de\/wp-json\/wp\/v2\/media?parent=1279952"}],"wp:term":[{"taxonomy":"category","embeddable":true,"href":"https:\/\/www.europesays.com\/de\/wp-json\/wp\/v2\/categories?post=1279952"},{"taxonomy":"post_tag","embeddable":true,"href":"https:\/\/www.europesays.com\/de\/wp-json\/wp\/v2\/tags?post=1279952"}],"curies":[{"name":"wp","href":"https:\/\/api.w.org\/{rel}","templated":true}]}}