{"id":1279956,"date":"2026-09-04T10:27:24","date_gmt":"2026-09-04T10:27:24","guid":{"rendered":"https:\/\/www.europesays.com\/de\/1279956\/"},"modified":"2026-09-04T10:27:24","modified_gmt":"2026-09-04T10:27:24","slug":"downhill-wahnsinn-mit-diesem-bike-gehts-mit-60-km-h-durch-stuttgart-sport","status":"publish","type":"post","link":"https:\/\/www.europesays.com\/de\/1279956\/","title":{"rendered":"Downhill-Wahnsinn: Mit diesem Bike geht&#8217;s mit 60 km\/h durch Stuttgart | Sport"},"content":{"rendered":"<p><a class=\"skip-content skip-content--link\" href=\"#in-content-skip-link-target-v-0-0\">TTS-Player \u00fcberspringen\u21b5<\/a><a id=\"in-content-skip-link-target-v-0-0\" class=\"skip-content--target-link-hidden skip-content skip-content--target-link\" href=\"#in-content-skip-link-target-v-0-0\">Artikel weiterlesen<\/a><\/p>\n<p><b>Der Downhill-Wahnsinn auf R\u00e4dern hat einen Namen: Red Bull Cerro Abajo! So hei\u00dft die krasseste Urban-Downhill-Serie der Welt. Nach Stationen in Chile und Italien steigt am Samstag und Sonntag (Rennen ab 15 Uhr, live im SWR und bei Red Bull TV) in Stuttgart das gro\u00dfe Finale. <\/b><a href=\"https:\/\/www.bild.de\/sport\/mehr-sport\/red-bull-cerro-abajo-stuttgart-wird-zur-krassen-downhill-arena-6a955667d7e51a6452b9eac8\" class=\"text-link\" rel=\"nofollow noopener\" target=\"_blank\"><b>25.000 Zuschauer werden zur Deutschland-Premiere des Rennens erwartet. <\/b><\/a><b>Unter den Favoriten findet sich auch ein deutscher Mountainbike-Profi: Johannes Fischbach aus Rehau. <\/b><a href=\"https:\/\/www.bild.de\/sport\/mehr-sport\/downhill-star-fischbach-ueber-unfaelle-ich-bin-gut-davon-gekommen-6a993bcaca00b4462f069c26\" class=\"text-link\" rel=\"nofollow noopener\" target=\"_blank\"><b>\u201eFischi\u201c ist mehrfacher Deutscher Downhill-Meister. <\/b><\/a><b>Der Bayer war viele Jahre im Weltcup dabei und 2016 bereits Gesamtsieger des Red Bull Cerro Abajo und damit inoffizieller Weltmeister im Urban Downhill. <\/b><\/p>\n<p><img decoding=\"async\" width=\"992\" height=\"558\" alt=\"Fischbach feiert Platz zwei in Genua\" loading=\"lazy\" src=\"https:\/\/www.europesays.com\/de\/wp-content\/uploads\/2026\/09\/e283f0b41877fca0892d99942fc884f8,aca14518.jpeg\"   class=\"landscape\"\/><\/p>\n<p class=\"fig__caption__text\">Fischbach feiert Platz zwei in Genua<\/p>\n<p>Foto: Bartek Wolinski\/Red Bull Content Pool<\/p>\n<p>Urban Downhill bedeutet in Stuttgart konkret, einmal den Stuttgarter Kessel runterzubrettern: <a href=\"https:\/\/www.bild.de\/sport\/mehr-sport\/red-bull-cerro-abajo-bild-klaert-alle-fragen-zum-urban-downhill-in-stuttgart-6a996762240b302c8a838036\" class=\"text-link\" rel=\"nofollow noopener\" target=\"_blank\">Die Strecke ist 1,2 Kilometer lang, misst 130 H\u00f6henmeter, dabei werden Top-Geschwindigkeiten von rund 60 km\/h erreicht.<\/a><\/p>\n<p>Speziallackierung f\u00fcr Downhill-Wahnnsinn<\/p>\n<p>Maximale Belastung f\u00fcr Fahrer und Fahrrad! Fischbach f\u00e4hrt ein \u201eRaymon Rokua\u201c, ein sogenanntes Enduro-Bike. Hei\u00dft: mehr Federweg an der Gabel (vorne) und am D\u00e4mpfer (hinten) als zum Beispiel bei Cross-Country-Bikes (oft 120\u00a0mm Federweg). Je gr\u00f6\u00dfer der Federweg, desto mehr harte Schl\u00e4ge und Landungen kann das Bike wegstecken. \u201eFischis\u201c Fahrrad misst vorne wie hinten 170\u00a0mm Federweg. 200\u00a0mm ist das Maximum im Downhill-Sport. <\/p>\n<p><img decoding=\"async\" width=\"992\" height=\"922\" alt=\"Schwarz-Rot-Gold und der Name auf der Wippe am D\u00e4mpfer\" loading=\"lazy\" src=\"https:\/\/www.europesays.com\/de\/wp-content\/uploads\/2026\/09\/a8658192b44873e9a15888bb5804baab,d0e54955.jpeg\"   class=\"dynamic\"\/><\/p>\n<p class=\"fig__caption__text\">Schwarz-Rot-Gold und der Name auf der Wippe am D\u00e4mpfer <\/p>\n<p>Foto: Johannes Fischbach<\/p>\n<p>Ausr\u00fcster Raymon hat Fischbach zum Stuttgart-Rennen einen Extra-Leckerbissen hingestellt: Logo des Rennens am Rahmen, Silhouette Stuttgarts auf dem Oberrohr, sein Name auf Schwarz-Rot-Gold auf die D\u00e4mpfer-Wippe lackiert. Fischi zu BILD: \u201eDas ist crazy. Ich habe noch nie so ein sch\u00f6nes Fahrrad gesehen. Also es ist echt brutal.\u201c<\/p>\n<p>Sein Bike trimmt Fischbach auf maximalen Speed f\u00fcr Stuttgart. Der Rahmen ist ohnehin aus Vollkarbon und damit supersteif. Fischbach f\u00e4hrt eine extra kleine Schaltkassette samt kleinerem Schaltk\u00e4fig, um Bodenkontakt m\u00f6glichst auszuschlie\u00dfen. Eine sogenannte \u201eDropper-Post\u201c, also eine per Fernbedienung absenkbare Sattelst\u00fctze, braucht er nicht. Fischbach: \u201eDer Sattel ist eh tief. Dadurch, dass die Strecke so kurz ist, brauchst du dich definitiv nicht hinzusetzen. Das wird ein extrem schnelles Sprintrennen.\u201c<\/p>\n<p><img decoding=\"async\" width=\"992\" height=\"1068\" alt=\"Hingucker: Die Silhouette Stuttgarts auf dem Oberrohr von Fischbachs Enduro-Bike\" loading=\"lazy\" src=\"https:\/\/www.europesays.com\/de\/wp-content\/uploads\/2026\/09\/adece60ba1b325328b2764a30686c3db,d01a882d.jpeg\"   class=\"dynamic\"\/><\/p>\n<p class=\"fig__caption__text\">Hingucker: Die Silhouette Stuttgarts auf dem Oberrohr von Fischbachs Enduro-Bike<\/p>\n<p>Foto: Johannes Fischbach<\/p>\n<p>Fischbach f\u00e4hrt eine sogenannte \u201eMullet-Version\u201c, zwei unterschiedlich gro\u00dfe Laufr\u00e4der. Vorne ein 29-Zoll-Laufrad f\u00fcr optimales \u00dcberrollverhalten \u00fcber Treppen, Kanten und grobe Hindernisse. Hinten erledigt ein 27,5-Zoll-Laufrad die Arbeit. Ein kleineres Laufrad also f\u00fcr mehr Wendigkeit und Agilit\u00e4t. Fischbach stimmt das Fahrwerk superstraff f\u00fcr maximalen Speed ab. Der Reifendruck liegt in der Regel bei 2,1 Bar vorne und 2,4 Bar hinten. Eventuell wird er diesen in Stuttgart noch etwas anpassen, noch mehr Luft in die Reifen pumpen.  <\/p>\n<p>Beim Rennen in Genua im Juni s\u00e4belte Fischi sogar die gro\u00dfen Noppen von den Mountainbike-Reifen, machte sie dementsprechend zu \u201eSlicks\u201c. F\u00fcr noch mehr Speed. Mal sehen, ob er dieses Extra-Setup auch f\u00fcr den Stuttgarter Kessel w\u00e4hlt.<\/p>\n<p>Mit 60km\/h!: Fischbach rast in Genua auf Platz zwei<a class=\"anchor video-teaser__anchor\" href=\"https:\/\/www.bild.de\/sport\/mehr-sport\/mit-60km-h-fischbach-rast-in-genua-auf-platz-zwei-6a956040d7e51a6452b9ebba\" rel=\"nofollow noopener\" target=\"_blank\"><img decoding=\"async\" width=\"992\" height=\"558\" alt=\"\" loading=\"lazy\" src=\"https:\/\/www.europesays.com\/de\/wp-content\/uploads\/2026\/09\/117c1af0b91e36e7f1b6c34c9c9c50a7-landscape,b6e20201.jpeg\"   class=\"landscape teaser__image\"\/><\/a><\/p>\n<p>Quelle: Red Bull Media House03.09.2026<\/p>\n","protected":false},"excerpt":{"rendered":"TTS-Player \u00fcberspringen\u21b5Artikel weiterlesen Der Downhill-Wahnsinn auf R\u00e4dern hat einen Namen: Red Bull Cerro Abajo! So hei\u00dft die krasseste&hellip;\n","protected":false},"author":2,"featured_media":1279957,"comment_status":"","ping_status":"","sticky":false,"template":"","format":"standard","meta":{"footnotes":"","_share_on_mastodon":"0"},"categories":[1830],"tags":[1634,3364,29,32191,30,32192,9408,1651,1441],"class_list":["post-1279956","post","type-post","status-publish","format-standard","has-post-thumbnail","category-stuttgart","tag-baden-wuerttemberg","tag-de","tag-deutschland","tag-downhill","tag-germany","tag-mountainbike","tag-radsport","tag-red-bull","tag-stuttgart"],"share_on_mastodon":{"url":"https:\/\/pubeurope.com\/@de\/117212302031998076","error":""},"_links":{"self":[{"href":"https:\/\/www.europesays.com\/de\/wp-json\/wp\/v2\/posts\/1279956","targetHints":{"allow":["GET"]}}],"collection":[{"href":"https:\/\/www.europesays.com\/de\/wp-json\/wp\/v2\/posts"}],"about":[{"href":"https:\/\/www.europesays.com\/de\/wp-json\/wp\/v2\/types\/post"}],"author":[{"embeddable":true,"href":"https:\/\/www.europesays.com\/de\/wp-json\/wp\/v2\/users\/2"}],"replies":[{"embeddable":true,"href":"https:\/\/www.europesays.com\/de\/wp-json\/wp\/v2\/comments?post=1279956"}],"version-history":[{"count":0,"href":"https:\/\/www.europesays.com\/de\/wp-json\/wp\/v2\/posts\/1279956\/revisions"}],"wp:featuredmedia":[{"embeddable":true,"href":"https:\/\/www.europesays.com\/de\/wp-json\/wp\/v2\/media\/1279957"}],"wp:attachment":[{"href":"https:\/\/www.europesays.com\/de\/wp-json\/wp\/v2\/media?parent=1279956"}],"wp:term":[{"taxonomy":"category","embeddable":true,"href":"https:\/\/www.europesays.com\/de\/wp-json\/wp\/v2\/categories?post=1279956"},{"taxonomy":"post_tag","embeddable":true,"href":"https:\/\/www.europesays.com\/de\/wp-json\/wp\/v2\/tags?post=1279956"}],"curies":[{"name":"wp","href":"https:\/\/api.w.org\/{rel}","templated":true}]}}