{"id":1279964,"date":"2026-09-04T10:31:20","date_gmt":"2026-09-04T10:31:20","guid":{"rendered":"https:\/\/www.europesays.com\/de\/1279964\/"},"modified":"2026-09-04T10:31:20","modified_gmt":"2026-09-04T10:31:20","slug":"niedrigwasser-in-koeln-rheinpegel-sinkt-bis-montag-unter-80-zentimeter","status":"publish","type":"post","link":"https:\/\/www.europesays.com\/de\/1279964\/","title":{"rendered":"Niedrigwasser in K\u00f6ln: Rheinpegel sinkt bis Montag unter 80 Zentimeter"},"content":{"rendered":"<p>Neue Prognose <\/p>\n<p>Rhein sinkt weiter: Pegel rutscht bis Montag unter 80 Zentimeter<\/p>\n<p>Aktualisiert am 04.09.2026 &#8211; 10:32 UhrLesedauer: 2 Min.<\/p>\n<p><a href=\"#focus-0\" class=\"transition-colors block text-current relative\" data-sctrack=\"FocusGalleryImage.Reference\"><img fetchpriority=\"high\" data-testid=\"Opener.Image\"   loading=\"eager\" src=\"https:\/\/www.europesays.com\/de\/wp-content\/uploads\/2026\/09\/hohenzollernbruecke-hohenzollernbruecke-mit-koelner-dom-license-rf-copyright-xzoonar-com-kayxaugusti.jpeg\" alt=\"imago images 0864945598\" title=\"imago images 0864945598\" width=\"6048\" height=\"3402\" class=\"bg-[url:var(--lqipURL)] bg-cover bg-center flex h-full w-full max-w-full\" style=\"--lqipURL:url('https:\/\/images.t-online.de\/2026\/09\/Fkr6nz1jbWoG\/0x311:6048x3402\/fit-in\/150x0\/filters:blur(25)\/hohenzollernbruecke-hohenzollernbruecke-mit-koelner-dom-license-rf-copyright-xzoonar-com-kayxaugustinx-25470472.jpg')\" decoding=\"async\"\/><img loading=\"lazy\" src=\"https:\/\/koeln.t-online.de\/s\/paper\/_next\/static\/media\/zoom-in.f7dae02f.svg\" alt=\"Vergr\u00f6\u00dfern des Bildes\" title=\"Vergr\u00f6\u00dfern des Bildes\" class=\"block h-[calc(var(--height)_\/_16_*_1rem)] w-[calc(var(--width)_\/_16_*_1rem)] max-w-none absolute right-8 bottom-8 rounded-4 bg-snow p-8\" style=\"--width:32;--height:32\" decoding=\"async\"\/><\/a><\/p>\n<p>Blick auf den K\u00f6lner Dom und die Hohenzollernbr\u00fccke \u00fcber den Rhein: Der Pegel des Flusses sinkt weiter. (Quelle: IMAGO\/Zoonar.com\/Kay Augustin\/imago)<\/p>\n<p><img loading=\"lazy\" src=\"https:\/\/koeln.t-online.de\/s\/paper\/_next\/static\/media\/audio-volume.6689034c.svg\" alt=\"\" title=\"\" class=\"block h-[calc(var(--height)_\/_16_*_1rem)] w-[calc(var(--width)_\/_16_*_1rem)] max-w-none group-hover:brightness-0 group-hover:invert\" style=\"--width:16;--height:16\" decoding=\"async\"\/>Vorlesen<\/p>\n<p>Aktuelle Zeit:0:00Gesamtdauer:0:00<\/p>\n<p>1x<img loading=\"lazy\" src=\"https:\/\/koeln.t-online.de\/s\/paper\/_next\/static\/media\/font-sizes.32942e33.svg\" alt=\"\" title=\"\" class=\"block h-[calc(var(--height)_\/_16_*_1rem)] w-[calc(var(--width)_\/_16_*_1rem)] max-w-none group-hover:hidden group-aria-expanded:hidden\" style=\"--width:16;--height:16\" decoding=\"async\"\/><img loading=\"lazy\" src=\"https:\/\/koeln.t-online.de\/s\/paper\/_next\/static\/media\/font-sizes-dark-mode.e382645c.svg\" alt=\"\" title=\"\" class=\"block h-[calc(var(--height)_\/_16_*_1rem)] w-[calc(var(--width)_\/_16_*_1rem)] max-w-none hidden group-hover:block group-aria-expanded:block\" style=\"--width:16;--height:16\" decoding=\"async\"\/><img loading=\"lazy\" src=\"https:\/\/koeln.t-online.de\/s\/paper\/_next\/static\/media\/sharing-menu-icon.1eb71368.svg\" alt=\"\" title=\"\" class=\"block h-[calc(var(--height)_\/_16_*_1rem)] w-[calc(var(--width)_\/_16_*_1rem)] max-w-none group-hover:brightness-0 group-hover:invert\" style=\"--width:16;--height:16\" decoding=\"async\"\/>Artikel teilen<\/p>\n<p class=\"font-bold text-18 leading-17 user-text-lg:text-22 user-text-xl:text-24\">Das Niedrigwasser am K\u00f6lner Rhein h\u00e4lt an \u2013 und sinkt weiter. Bis Montag soll der Wasserstand unter die 80 Zentimeter fallen.<\/p>\n<p class=\"text-18 leading-17 user-text-lg:text-22 user-text-xl:text-24\">In K\u00f6ln liegt der Rhein weiterhin weit unter seinem langj\u00e4hrigen Mittel. Die neue Prognose zeigt: Der Wasserstand sinkt in den kommenden Tagen weiter. Am Wochenende f\u00e4llt der Pegel unter die Marke von 90 Zentimetern, bis Montag werden nur noch rund 77 Zentimeter erwartet.<\/p>\n<p class=\"text-18 leading-17 user-text-lg:text-22 user-text-xl:text-24\">Nach den aktuellen Angaben von ELWIS, dem Informationssystem der Wasserstra\u00dfen- und Schifffahrtsverwaltung des Bundes, lag der Rheinpegel am Freitag (4. September) um 5 Uhr zun\u00e4chst bei 98 Zentimetern.<\/p>\n<ul class=\"text-18 leading-17 block pl-24 *:pb-16 *:before:inline-block *:before:size-8 *:before:bg-magenta *:before:mt-0 *:before:mr-12 *:before:mb-2 *:before:-ml-[20px]\">\n<li><strong class=\"font-bold\">Bilderstrecke:<\/strong> <a href=\"https:\/\/koeln.t-online.de\/region\/koeln\/id_101385656\/rhein-in-koeln-bilder-zeigen-die-auswirkungen-des-niedrigwassers.html\" class=\"transition-colors cursor-pointer no-underline md:hover:text-magenta md:focus:text-magenta border-b border-solid border-current text-salemsfur md:hover:border-magenta\" data-tracking=\"{&quot;action&quot;:&quot;click&quot;,&quot;category&quot;:&quot;intextLink&quot;,&quot;label&quot;:&quot;\/region\/koeln\/id_101385656\/rhein-in-koeln-bilder-zeigen-die-auswirkungen-des-niedrigwassers.html&quot;}\" data-sctrack=\"BodyAnchor\" rel=\"nofollow noopener\" target=\"_blank\">Niedrigwasser pr\u00e4gt das K\u00f6lner Rheinpanorama<\/a><\/li>\n<li><strong class=\"font-bold\">Deutscher Wetterdienst:<\/strong> <a href=\"https:\/\/koeln.t-online.de\/region\/koeln\/id_101418582\/hitze-koeln-erlebt-historischen-sommer-wetterdienst-zieht-bilanz.html\" class=\"transition-colors cursor-pointer no-underline md:hover:text-magenta md:focus:text-magenta border-b border-solid border-current text-salemsfur md:hover:border-magenta\" data-tracking=\"{&quot;action&quot;:&quot;click&quot;,&quot;category&quot;:&quot;intextLink&quot;,&quot;label&quot;:&quot;\/region\/koeln\/id_101418582\/hitze-koeln-erlebt-historischen-sommer-wetterdienst-zieht-bilanz.html&quot;}\" data-sctrack=\"BodyAnchor\" rel=\"nofollow noopener\" target=\"_blank\">K\u00f6ln erlebt historischen Sommer<\/a><\/li>\n<\/ul>\n<p class=\"text-18 leading-17 user-text-lg:text-22 user-text-xl:text-24\">Im weiteren Verlauf des Tages soll der Pegel deutlich sinken. F\u00fcr 11 Uhr werden 95 Zentimeter erwartet, um 13 Uhr 94 Zentimeter und um 15 Uhr 93 Zentimeter. F\u00fcr den Lauf des Abends werden 90 Zentimeter.<\/p>\n<p>Rheinpegel in K\u00f6ln f\u00e4llt am Samstag unter 90 Zentimeter<\/p>\n<p class=\"text-18 leading-17 user-text-lg:text-22 user-text-xl:text-24\">Am Samstag setzt sich der R\u00fcckgang fort. Bereits in der Nacht soll der Rheinpegel unter die Marke von 90 Zentimetern fallen.<\/p>\n<p class=\"text-18 leading-17 user-text-lg:text-22 user-text-xl:text-24\">Auch im weiteren Tagesverlauf geht der Wasserstand zur\u00fcck. Bis zum Mittag werden 86 Zentimeter prognostiziert. Am Nachmittag sollen es noch 85 Zentimeter sein. Bis 23 Uhr f\u00e4llt der Pegel laut Prognose auf 83 Zentimeter.<\/p>\n<p class=\"text-18 leading-17 user-text-lg:text-22 user-text-xl:text-24\">Von normalen Wasserst\u00e4nden ist der Rhein in K\u00f6ln weiterhin weit entfernt. Der mittlere Wasserstand am Pegel K\u00f6ln liegt nach ELWIS-Angaben bei 297 Zentimetern.<\/p>\n<p>K\u00f6lner Rheinpegel sinkt bis Montag auf 77 Zentimeter<\/p>\n<p class=\"text-18 leading-17 user-text-lg:text-22 user-text-xl:text-24\">Am Sonntag setzt sich die Entwicklung fort. In der Nacht und am fr\u00fchen Morgen werden zun\u00e4chst 82 Zentimeter erwartet.<\/p>\n<p class=\"text-18 leading-17 user-text-lg:text-22 user-text-xl:text-24\">F\u00fcr den weiteren Sonntag weist ELWIS eine Absch\u00e4tzung aus. Demnach sinkt der Wasserstand gegen 9 Uhr auf 81 Zentimeter. Bis zum fr\u00fchen Nachmittag bleibt er zun\u00e4chst auf diesem Niveau. F\u00fcr 15 bis 19 Uhr werden 80 Zentimeter erwartet. Am sp\u00e4ten Abend soll der Pegel schlie\u00dflich auf 79 Zentimeter fallen.<\/p>\n<p class=\"text-18 leading-17 user-text-lg:text-22 user-text-xl:text-24\">Auch am Montag geht der Wasserstand nach der aktuellen Absch\u00e4tzung weiter zur\u00fcck. In der Nacht und am fr\u00fchen Morgen werden zun\u00e4chst 78 Zentimeter erwartet. Ab 9 Uhr soll der Rheinpegel bei 77 Zentimetern liegen und sich im weiteren Tagesverlauf auf diesem niedrigen Niveau bewegen.<\/p>\n<p>Niedrigwasser bleibt Thema f\u00fcr die Schifffahrt<\/p>\n<p class=\"text-18 leading-17 user-text-lg:text-22 user-text-xl:text-24\">Mit dem weiteren R\u00fcckgang und Pegelst\u00e4nden von weniger als 90 Zentimetern ab Samstag bleibt die Lage angespannt. <a href=\"https:\/\/koeln.t-online.de\/region\/koeln\/id_101371894\/rhein-in-koeln-pegel-faellt-weiter-deutlich-erhebliche-folgen-drohen.html\" class=\"transition-colors cursor-pointer no-underline md:hover:text-magenta md:focus:text-magenta border-b border-solid border-current text-salemsfur md:hover:border-magenta\" data-tracking=\"{&quot;action&quot;:&quot;click&quot;,&quot;category&quot;:&quot;intextLink&quot;,&quot;label&quot;:&quot;\/region\/koeln\/id_101371894\/rhein-in-koeln-pegel-faellt-weiter-deutlich-erhebliche-folgen-drohen.html&quot;}\" data-sctrack=\"BodyAnchor\" rel=\"nofollow noopener\" target=\"_blank\">F\u00fcr die Schifffahrt ist ein niedriger Pegel vor allem wirtschaftlich problematisch<\/a>: Frachtschiffe k\u00f6nnen bei wenig Wasser nicht mehr voll beladen werden und m\u00fcssen ihre Ladung reduzieren. Dadurch werden mehr Fahrten n\u00f6tig, Transporte verteuern oder verz\u00f6gern sich.<\/p>\n","protected":false},"excerpt":{"rendered":"Neue Prognose Rhein sinkt weiter: Pegel rutscht bis Montag unter 80 Zentimeter Aktualisiert am 04.09.2026 &#8211; 10:32 UhrLesedauer:&hellip;\n","protected":false},"author":2,"featured_media":1279965,"comment_status":"","ping_status":"","sticky":false,"template":"","format":"standard","meta":{"footnotes":"","_share_on_mastodon":"0"},"categories":[1828],"tags":[950,29,30,61632,1420,2029,6401,1209,5206,5977,5226,7888],"class_list":["post-1279964","post","type-post","status-publish","format-standard","has-post-thumbnail","category-koeln","tag-deutscher-wetterdienst","tag-deutschland","tag-germany","tag-hohenzollernbruecke","tag-koeln","tag-koelner-dom","tag-niedrigwasser","tag-nordrhein-westfalen","tag-rhein","tag-rheinpegel","tag-schifffahrt","tag-wasserstand"],"share_on_mastodon":{"url":"https:\/\/pubeurope.com\/@de\/117212318155959212","error":""},"_links":{"self":[{"href":"https:\/\/www.europesays.com\/de\/wp-json\/wp\/v2\/posts\/1279964","targetHints":{"allow":["GET"]}}],"collection":[{"href":"https:\/\/www.europesays.com\/de\/wp-json\/wp\/v2\/posts"}],"about":[{"href":"https:\/\/www.europesays.com\/de\/wp-json\/wp\/v2\/types\/post"}],"author":[{"embeddable":true,"href":"https:\/\/www.europesays.com\/de\/wp-json\/wp\/v2\/users\/2"}],"replies":[{"embeddable":true,"href":"https:\/\/www.europesays.com\/de\/wp-json\/wp\/v2\/comments?post=1279964"}],"version-history":[{"count":0,"href":"https:\/\/www.europesays.com\/de\/wp-json\/wp\/v2\/posts\/1279964\/revisions"}],"wp:featuredmedia":[{"embeddable":true,"href":"https:\/\/www.europesays.com\/de\/wp-json\/wp\/v2\/media\/1279965"}],"wp:attachment":[{"href":"https:\/\/www.europesays.com\/de\/wp-json\/wp\/v2\/media?parent=1279964"}],"wp:term":[{"taxonomy":"category","embeddable":true,"href":"https:\/\/www.europesays.com\/de\/wp-json\/wp\/v2\/categories?post=1279964"},{"taxonomy":"post_tag","embeddable":true,"href":"https:\/\/www.europesays.com\/de\/wp-json\/wp\/v2\/tags?post=1279964"}],"curies":[{"name":"wp","href":"https:\/\/api.w.org\/{rel}","templated":true}]}}