{"id":1280018,"date":"2026-09-04T11:04:14","date_gmt":"2026-09-04T11:04:14","guid":{"rendered":"https:\/\/www.europesays.com\/de\/1280018\/"},"modified":"2026-09-04T11:04:14","modified_gmt":"2026-09-04T11:04:14","slug":"menschen-in-gefahr-wohnhaus-brennt-in-braunschweig","status":"publish","type":"post","link":"https:\/\/www.europesays.com\/de\/1280018\/","title":{"rendered":"Menschen in Gefahr? Wohnhaus brennt in Braunschweig"},"content":{"rendered":"<p>&#13;<br \/>\n            Braunschweig. Bei einem gr\u00f6\u00dferen Brand in Braunschweig sind m\u00f6glicherweise Menschen in Gefahr. \u201eWir k\u00f6nnen nicht ausschlie\u00dfen, dass sich noch Menschen in dem Haus aufhalten\u201c, sagte ein Sprecher der Polizei. Mit Verweis auf die Feuerwehr sagte er, die L\u00f6schbedingungen vor Ort seien schwierig. Die L\u00f6scharbeiten dauern demnach an. <\/p>\n<p>Das brennende Haus befindet sich nach Angaben der Polizei im Norden der Stadt. Es komme zu einer starken Rauchentwicklung, weshalb es auch zu Sichtbehinderungen auf der in der N\u00e4he verlaufenden Autobahn 2 kommen k\u00f6nne. Weitere Informationen lagen der Feuerwehr zun\u00e4chst nicht vor.\u00a0 <\/p>\n<p>Laut einem Bericht des \u201eHarz Kurier\u201c wurden bei dem Brand bisher auch mehrere Feuerwehrleute verletzt. <\/p>\n","protected":false},"excerpt":{"rendered":"&#13; Braunschweig. Bei einem gr\u00f6\u00dferen Brand in Braunschweig sind m\u00f6glicherweise Menschen in Gefahr. \u201eWir k\u00f6nnen nicht ausschlie\u00dfen, dass&hellip;\n","protected":false},"author":2,"featured_media":1280019,"comment_status":"","ping_status":"","sticky":false,"template":"","format":"standard","meta":{"footnotes":"","_share_on_mastodon":"0"},"categories":[1850],"tags":[6429,3364,29,548,663,3934,987,30,13,14,15,1411,12],"class_list":["post-1280018","post","type-post","status-publish","format-standard","has-post-thumbnail","category-braunschweig","tag-braunschweig","tag-de","tag-deutschland","tag-eu","tag-europa","tag-europe","tag-feuer","tag-germany","tag-headlines","tag-nachrichten","tag-news","tag-niedersachsen","tag-schlagzeilen"],"share_on_mastodon":{"url":"https:\/\/pubeurope.com\/@de\/117212444403595177","error":""},"_links":{"self":[{"href":"https:\/\/www.europesays.com\/de\/wp-json\/wp\/v2\/posts\/1280018","targetHints":{"allow":["GET"]}}],"collection":[{"href":"https:\/\/www.europesays.com\/de\/wp-json\/wp\/v2\/posts"}],"about":[{"href":"https:\/\/www.europesays.com\/de\/wp-json\/wp\/v2\/types\/post"}],"author":[{"embeddable":true,"href":"https:\/\/www.europesays.com\/de\/wp-json\/wp\/v2\/users\/2"}],"replies":[{"embeddable":true,"href":"https:\/\/www.europesays.com\/de\/wp-json\/wp\/v2\/comments?post=1280018"}],"version-history":[{"count":0,"href":"https:\/\/www.europesays.com\/de\/wp-json\/wp\/v2\/posts\/1280018\/revisions"}],"wp:featuredmedia":[{"embeddable":true,"href":"https:\/\/www.europesays.com\/de\/wp-json\/wp\/v2\/media\/1280019"}],"wp:attachment":[{"href":"https:\/\/www.europesays.com\/de\/wp-json\/wp\/v2\/media?parent=1280018"}],"wp:term":[{"taxonomy":"category","embeddable":true,"href":"https:\/\/www.europesays.com\/de\/wp-json\/wp\/v2\/categories?post=1280018"},{"taxonomy":"post_tag","embeddable":true,"href":"https:\/\/www.europesays.com\/de\/wp-json\/wp\/v2\/tags?post=1280018"}],"curies":[{"name":"wp","href":"https:\/\/api.w.org\/{rel}","templated":true}]}}