{"id":128004,"date":"2025-05-21T12:04:08","date_gmt":"2025-05-21T12:04:08","guid":{"rendered":"https:\/\/www.europesays.com\/de\/128004\/"},"modified":"2025-05-21T12:04:08","modified_gmt":"2025-05-21T12:04:08","slug":"bahnstrecke-zwischen-luenen-und-dortmund-gesperrt-personen-auf-den-gleisen","status":"publish","type":"post","link":"https:\/\/www.europesays.com\/de\/128004\/","title":{"rendered":"Bahnstrecke zwischen L\u00fcnen und Dortmund gesperrt: Personen auf den Gleisen"},"content":{"rendered":"<p>\t\tBahnstrecke zwischen L\u00fcnen und Dortmund gesperrt<br \/>\n\t\t\t\t\tPersonen auf den Gleisen<\/p>\n<p>\t21.05.2025 13:58 Uhr<\/p>\n<p>\t\tTeilen<\/p>\n<p>\n\tIn Merkliste \u00fcbernehmen\n<\/p>\n<p>    <a href=\"https:\/\/www.ruhrnachrichten.de\/wp-content\/uploads\/2024\/12\/17\/14\/630_0900_4342411_MicrosoftTeams_image_12_-1648x824.jpg\" rel=\"nofollow noopener\" target=\"_blank\"><\/p>\n<p>            <img decoding=\"async\" fetchpriority=\"high\" src=\"https:\/\/www.europesays.com\/de\/wp-content\/uploads\/2025\/05\/630_0900_4342410_MicrosoftTeams_image_12_-640x428.jpg\" width=\"640\" height=\"428\"  alt=\"Ein Zug am Bahnhof in L\u00fcnen\"\/><\/p>\n<p>    <\/a><br \/>\n    Weil sich Personen auf den Gleisen befinden, ist die Bahnstrecke zwischen Dortmund und L\u00fcnen gesperrt (Archivbild). \u00a9 Redaktion<\/p>\n<p class=\"article__teaser-text\">Die Bahnstrecke zwischen Dortmund und L\u00fcnen muss am Mittwoch (21. Mai) gesperrt werden. Unbefugte Personen halten sich im Bereich der Gleise auf.<\/p>\n<p>1 Min Lesezeit<\/p>\n<p>Im Zugverkehr zwischen <a target=\"_blank\" href=\"https:\/\/ruhrnachrichten.de\/luenen\/\" data-imported=\"1\" rel=\"nofollow noopener\">L\u00fcnen<\/a> und <a target=\"_blank\" href=\"https:\/\/ruhrnachrichten.de\/dortmund\/\" data-imported=\"1\" rel=\"nofollow noopener\">Dortmund<\/a> kommt es am Mittwochmittag (21. Mai) zu einigen Einschr\u00e4nkungen. Wie das Online-Portal zuginfo.nrw mitteilt, musste die Strecke gesperrt werden. Grund daf\u00fcr sind unbefugte Personen auf der Strecke.<\/p>\n<p>\u201eDie Z\u00fcge halten am n\u00e4chsten Bahnhof und warten dort die Dauer der Streckensperrung ab\u201c, hei\u00dft es in der Meldung. Wie lange das dauern wird, k\u00f6nne man allerdings nicht absch\u00e4tzen. In der Folge k\u00f6nne es zu Versp\u00e4tungen und Teilausf\u00e4llen kommen.<\/p>\n<p>Nach Angaben der Bahn sind neben der Linie RB50, die auch <a target=\"_blank\" href=\"https:\/\/ruhrnachrichten.de\/werne\/\" data-imported=\"1\" rel=\"nofollow noopener\">Werne<\/a> und <a target=\"_blank\" href=\"https:\/\/ruhrnachrichten.de\/nordkirchen\/\" data-imported=\"1\" rel=\"nofollow noopener\">Capelle<\/a> anf\u00e4hrt, auch die Z\u00fcge der Linien RB51 (\u00fcber <a target=\"_blank\" href=\"https:\/\/ruhrnachrichten.de\/selm\/\" data-imported=\"1\" rel=\"nofollow noopener\">Selm<\/a>), RE1, RE3, RE6 und RE11 von der Sperrung betroffen.<\/p>\n<p>\n\t<a href=\"https:\/\/www.ruhrnachrichten.de\" class=\"button button--brand button--link home-button\" rel=\"nofollow noopener\" target=\"_blank\">Zur Startseite<\/a><\/p>\n","protected":false},"excerpt":{"rendered":"Bahnstrecke zwischen L\u00fcnen und Dortmund gesperrt Personen auf den Gleisen 21.05.2025 13:58 Uhr Teilen In Merkliste \u00fcbernehmen Weil&hellip;\n","protected":false},"author":2,"featured_media":128005,"comment_status":"","ping_status":"","sticky":false,"template":"","format":"standard","meta":{"footnotes":""},"categories":[1833],"tags":[3364,29,217,30,1209,3587,2869],"class_list":{"0":"post-128004","1":"post","2":"type-post","3":"status-publish","4":"format-standard","5":"has-post-thumbnail","7":"category-dortmund","8":"tag-de","9":"tag-deutschland","10":"tag-dortmund","11":"tag-germany","12":"tag-nordrhein-westfalen","13":"tag-verkehr-mobilitaet","14":"tag-zugverkehr"},"share_on_mastodon":{"url":"https:\/\/pubeurope.com\/@de\/114545732145416093","error":""},"_links":{"self":[{"href":"https:\/\/www.europesays.com\/de\/wp-json\/wp\/v2\/posts\/128004","targetHints":{"allow":["GET"]}}],"collection":[{"href":"https:\/\/www.europesays.com\/de\/wp-json\/wp\/v2\/posts"}],"about":[{"href":"https:\/\/www.europesays.com\/de\/wp-json\/wp\/v2\/types\/post"}],"author":[{"embeddable":true,"href":"https:\/\/www.europesays.com\/de\/wp-json\/wp\/v2\/users\/2"}],"replies":[{"embeddable":true,"href":"https:\/\/www.europesays.com\/de\/wp-json\/wp\/v2\/comments?post=128004"}],"version-history":[{"count":0,"href":"https:\/\/www.europesays.com\/de\/wp-json\/wp\/v2\/posts\/128004\/revisions"}],"wp:featuredmedia":[{"embeddable":true,"href":"https:\/\/www.europesays.com\/de\/wp-json\/wp\/v2\/media\/128005"}],"wp:attachment":[{"href":"https:\/\/www.europesays.com\/de\/wp-json\/wp\/v2\/media?parent=128004"}],"wp:term":[{"taxonomy":"category","embeddable":true,"href":"https:\/\/www.europesays.com\/de\/wp-json\/wp\/v2\/categories?post=128004"},{"taxonomy":"post_tag","embeddable":true,"href":"https:\/\/www.europesays.com\/de\/wp-json\/wp\/v2\/tags?post=128004"}],"curies":[{"name":"wp","href":"https:\/\/api.w.org\/{rel}","templated":true}]}}