{"id":1280040,"date":"2026-09-04T11:17:16","date_gmt":"2026-09-04T11:17:16","guid":{"rendered":"https:\/\/www.europesays.com\/de\/1280040\/"},"modified":"2026-09-04T11:17:16","modified_gmt":"2026-09-04T11:17:16","slug":"mehr-als-3-000-schueler-helfen-arminia-und-partner-sammeln-gemeinsam-muell-in-bielefeld","status":"publish","type":"post","link":"https:\/\/www.europesays.com\/de\/1280040\/","title":{"rendered":"Mehr als 3.000 Sch\u00fcler helfen: Arminia und Partner sammeln gemeinsam M\u00fcll in Bielefeld"},"content":{"rendered":"<p id=\"absatz1\" class=\"em_text\">Bielefeld (nibu). Der DSC Arminia Bielefeld plant vom Montag, 7. September, bis Freitag, 25. September, zusammen mit dem Unternehmen DMG Mori, dem Umweltbetrieb der Stadt Bielefeld und dem Entsorgungsunternehmen Remondis zum dritten Mal eine gemeinsame M\u00fcllsammel-Aktion. Unter dem Motto \u201eWir sammeln! \u2013 Gemeinsam f\u00fcr ein sauberes Bielefeld\u201c haben sich 24 Schulen mit insgesamt 3.087 Sch\u00fclerinnen und Sch\u00fclern angemeldet und damit einen neuen Teilnehmendenrekord aufgestellt. Auch die Arminis und Mitarbeitende der beteiligten Partner werden zu Zangen und M\u00fclls\u00e4cken greifen, hei\u00dft es in einer Mitteilung von Arminia Bielefeld.<\/p>\n<p id=\"absatz2\" class=\"em_text\">\u201eIn erster Linie richtet sich die Aktion an junge Menschen, die wir f\u00fcr Naturschutz sensibilisieren m\u00f6chten\u201c, wird Ali Haksal, Nachhaltigkeitsmanager des DSC, in der Mitteilung zitiert. Dabei k\u00f6nne M\u00fcllsammeln erwiesenerma\u00dfen ein wichtiger Hebel sein: \u201eWer einmal aktiv zur Sauberkeit beigetragen hat, entwickelt ein gesch\u00e4rftes Bewusstsein f\u00fcr Umweltverschmutzung und achtet auch au\u00dferhalb solch organisierter Aktionen darauf, M\u00fcll nicht einfach liegen zu lassen&#8220;, so Haksal.<\/p>\n<p id=\"absatz3\" class=\"em_text\">Neben einem verantwortungsvolleren Umgang mit der Natur verfolge man mit der M\u00fcllsammel-Aktion das Ziel, Umweltschutz aktiv zu leben, Gemeinschaftssinn zu zeigen sowie Bielefeld noch attraktiver zu machen.<\/p>\n<p id=\"absatz4\"><b class=\"bold\">Auch interessant:<\/b> <a href=\"https:\/\/www.nw.de\/lokal\/bielefeld\/mitte\/24410861_Sackgassen-und-wartende-Rollstuhlfahrer-Kritik-an-Evakuierung-im-Bielefelder-Loom.html\" rel=\"nofollow noopener\" target=\"_blank\">\u201eSackgassen\u201c und wartende Rollstuhlfahrer \u2013 Kritik an Evakuierung im Bielefelder Loom<\/a><\/p>\n<p>        <a href=\"https:\/\/www.nw.de\/_em_daten\/_cache\/image\/1xWGlWRFliMUxqRHUyYTV1S2Zxc05SQWFMRWVHYVZXdFRjdXpHSjl2U0JscmFDM1pXd21mS0I4NXAzbm84VXNqT0NiWG1hcU8rN1BQcUIxeThtUmRyanc9PQ\/260904-1245-928190196.jpg\" class=\"nw-article-image\" title=\"Arminias Nachhaltigkeitsmanager Ali Haksal.\" data-glightbox=\"type: image; description: Arminias Nachhaltigkeitsmanager Ali Haksal.  | \u00a9 Oliver Krato \" rel=\"nofollow noopener\" target=\"_blank\"><br \/>\n            <img decoding=\"async\" src=\"https:\/\/www.europesays.com\/de\/wp-content\/uploads\/2026\/09\/260904-1245-928190196.jpg\" class=\"nw-img-fluid nw-w-full nw-lazy nw-rounded-t-md\" alt=\"Arminias Nachhaltigkeitsmanager Ali Haksal. - \u00a9 Oliver Krato\" data-format=\"16:9\"\/><br \/>\n        <\/a><\/p>\n<p>                Arminias Nachhaltigkeitsmanager Ali Haksal.<br \/>\n                                    | \u00a9 Oliver Krato<\/p>\n<p>Beteiligung aus dem Vorjahr getoppt<\/p>\n<p class=\"em_text\">Die M\u00fcllsammelaktion fand 2023 und 2025 bereits statt und geht nun in die dritte Runde. W\u00e4hrend im vergangenen Jahr bereits 2.500 Sch\u00fclerinnen und Sch\u00fcler teilgenommen und knapp 1.700 Kilogramm M\u00fcll eingesammelt haben, sind in diesem Jahr \u00fcber 3.000 Sch\u00fclerinnen und Sch\u00fcler dabei \u2013 ein neuer Rekord.<\/p>\n<p id=\"absatz6\" class=\"em_text\">Von den angemeldeten Schulen ist der Umweltbetrieb der Stadt Bielefeld beeindruckt: \u201eJetzt schon ein gro\u00dfes Dankesch\u00f6n an alle Sch\u00fclerinnen und Sch\u00fcler, die sich so zahlreich f\u00fcr die M\u00fcllsammelaktion von Arminia angemeldet haben\u201c, sagt Dr. Clemens Pues, Kaufm\u00e4nnischer Betriebsleiter des Umweltbetriebs. \u201eDass sich so viele bereit erkl\u00e4rt haben, gemeinsam anzupacken, ist ganz hervorragend. Es zeigt, wie viel den Sch\u00fclerinnen und Sch\u00fclern unsere Umwelt bedeutet.\u201c<\/p>\n<p>Engagement aus der Wirtschaft<\/p>\n<p id=\"absatz7\" class=\"em_text\">Neben den Remondis, DMG Mori und dem Umweltbetrieb der Stadt Bielefeld unterst\u00fctzen auch die Melitta Group, NTT Data Business Solutions, die BKK Gildemeister Seidensticker, der Soccerpark Detmold sowie das Modeunternehmen Nahtstelle die Aktion.<\/p>\n<p id=\"absatz8\" class=\"em_text\">Remondis \u00fcbernimmt auch in diesem Jahr die Abholung des gesammelten M\u00fclls. Die Sammelausr\u00fcstung \u2013 Zangen und Westen \u2013 stellt der Umweltbetrieb der Stadt zur Verf\u00fcgung, der die Aktion auch logistisch betreut. Die Melitta Group stattet die Sammlerinnen und Sammler mit M\u00fcllbeuteln aus. Handschuhe kommen vom Word-Clean-Up-Day. Die weiteren Partner spenden Preise f\u00fcr die teilnehmenden Kinder und Jugendlichen.<\/p>\n<p id=\"absatz9\" class=\"em_text\">Privatpersonen, die sich ebenfalls f\u00fcr eine saubere Stadt engagieren wollen, k\u00f6nnen beim Umweltbetrieb das ganze Jahr \u00fcber das Angebot des Clean-Caddys f\u00fcr eigene M\u00fcllsammelaktionen nutzen. Der Clean-Caddy enth\u00e4lt Handschuhe, M\u00fcllbeutel und Greifzangen und kann kostenlos online auf der<a href=\"https:\/\/&lt;https:\/\/www.bielefeld.de\/umweltbetrieb\/bildung\/cleancaddy&gt;%20\" rel=\"nofollow\"> Seite der Stadt<\/a> bestellt werden.<\/p>\n<p id=\"absatz10\">\ud83d\udcf1 <b class=\"TextRun SCXW68885271 BCX8 NormalTextRun SCXW68885271 BCX8 bold\">News direkt aufs Smartphone:<\/b><b class=\"TextRun SCXW68885271 BCX8 NormalTextRun SCXW68885271 BCX8 bold\"> <\/b><a href=\"https:\/\/whatsapp.com\/channel\/0029VaeYHJ40Qeam4DWyn109\" rel=\"noreferrer noopener nofollow\" target=\"_blank\">Hier finden Sie den kostenlosen Whatsapp-Kanal der NW-Bielefeld<\/a> <\/p>\n","protected":false},"excerpt":{"rendered":"Bielefeld (nibu). Der DSC Arminia Bielefeld plant vom Montag, 7. September, bis Freitag, 25. September, zusammen mit dem&hellip;\n","protected":false},"author":2,"featured_media":1280041,"comment_status":"","ping_status":"","sticky":false,"template":"","format":"standard","meta":{"footnotes":"","_share_on_mastodon":"0"},"categories":[1841],"tags":[264134,2368,1605,3364,29,264133,30,9307,732,4280,1608,144223,198079,736,164252,10127,1613,4103,68210,1209,29121],"class_list":["post-1280040","post","type-post","status-publish","format-standard","has-post-thumbnail","category-bielefeld","tag-ali-haksal","tag-arminia-bielefeld","tag-bielefeld","tag-de","tag-deutschland","tag-dmg-mori","tag-germany","tag-label_foto","tag-label_frei","tag-label_l-120","tag-label_top-news","tag-melitta","tag-meta_artikelklasse_seo","tag-meta_copyrights_nw","tag-meta_eo_zusammenfassung","tag-meta_themen_natur_klima_umwelt","tag-meta_userneeds_informieremich","tag-muell","tag-muellsammelaktion","tag-nordrhein-westfalen","tag-umweltbetrieb"],"share_on_mastodon":{"url":"https:\/\/pubeurope.com\/@de\/117212497551131305","error":""},"_links":{"self":[{"href":"https:\/\/www.europesays.com\/de\/wp-json\/wp\/v2\/posts\/1280040","targetHints":{"allow":["GET"]}}],"collection":[{"href":"https:\/\/www.europesays.com\/de\/wp-json\/wp\/v2\/posts"}],"about":[{"href":"https:\/\/www.europesays.com\/de\/wp-json\/wp\/v2\/types\/post"}],"author":[{"embeddable":true,"href":"https:\/\/www.europesays.com\/de\/wp-json\/wp\/v2\/users\/2"}],"replies":[{"embeddable":true,"href":"https:\/\/www.europesays.com\/de\/wp-json\/wp\/v2\/comments?post=1280040"}],"version-history":[{"count":0,"href":"https:\/\/www.europesays.com\/de\/wp-json\/wp\/v2\/posts\/1280040\/revisions"}],"wp:featuredmedia":[{"embeddable":true,"href":"https:\/\/www.europesays.com\/de\/wp-json\/wp\/v2\/media\/1280041"}],"wp:attachment":[{"href":"https:\/\/www.europesays.com\/de\/wp-json\/wp\/v2\/media?parent=1280040"}],"wp:term":[{"taxonomy":"category","embeddable":true,"href":"https:\/\/www.europesays.com\/de\/wp-json\/wp\/v2\/categories?post=1280040"},{"taxonomy":"post_tag","embeddable":true,"href":"https:\/\/www.europesays.com\/de\/wp-json\/wp\/v2\/tags?post=1280040"}],"curies":[{"name":"wp","href":"https:\/\/api.w.org\/{rel}","templated":true}]}}