{"id":1280050,"date":"2026-09-04T11:22:25","date_gmt":"2026-09-04T11:22:25","guid":{"rendered":"https:\/\/www.europesays.com\/de\/1280050\/"},"modified":"2026-09-04T11:22:25","modified_gmt":"2026-09-04T11:22:25","slug":"ukraine-news-sicherheitsexperte-fordert-nato-auf-die-ostsee-fuer-russische-schattenflotte-zu-sperren","status":"publish","type":"post","link":"https:\/\/www.europesays.com\/de\/1280050\/","title":{"rendered":"Ukraine-News: Sicherheitsexperte fordert Nato auf, die Ostsee f\u00fcr russische Schattenflotte zu sperren"},"content":{"rendered":"<p>        <img decoding=\"async\" src=\"https:\/\/www.europesays.com\/de\/wp-content\/uploads\/2026\/09\/joachim-krause-sicherheitsexperte-100.webp\" alt=\"Professor Joachim Krause\" title=\"Professor Joachim Krause | IMAGO \/ penofoto\" class=\"responsive\"\/><\/p>\n<p>AUDIO: Schutz der Infrastruktur: Gespr\u00e4ch mit Sicherheitsexperte Joachim Krause (5 Min)<\/p>\n<p class=\"topline\">Ukraine-News<\/p>\n<p class=\"author\">von MDR AKTUELL<\/p>\n<p>\n                Stand: 04.09.2026 13:12 Uhr<\/p>\n<p>        <img decoding=\"async\" src=\"https:\/\/www.europesays.com\/de\/wp-content\/uploads\/2026\/08\/1787969123_972_google-handy-100.webp\" alt=\"Ein Handy liegt auf einer Laptoptastatur. Das Display zeigt das Google Logo\" title=\"Ein Handy liegt auf einer Laptoptastatur. Das Display zeigt das Google Logo |  IMAGO \/ SOPA Images\" class=\"responsive\" loading=\"lazy\"\/><\/p>\n<p>Nachrichten personalisieren<\/p>\n<p>\n        13:04 Uhr\n    <\/p>\n<p>    Gouverneur: Zwei Tote bei ukrainischem Drohnenangriff<\/p>\n<p class=\"\">Bei einem ukrainischen Drohnenangriff in der westrussischen Region Brjansk sind nach russischen Angaben zwei Menschen get\u00f6tet worden. Das teilte der kommissarische Gouverneur der Region, Jegor Kowaltschuk, auf Telegram mit. (Quelle: Reuters)<\/p>\n<p>\n        12:58 Uhr\n    <\/p>\n<p>    Bericht: Witkoff und Kushner reisen nach Russland und in die Ukraine<\/p>\n<p class=\"\">Die US-Unterh\u00e4ndler Steve Witkoff und Jared Kushner reisen einem Bericht zufolge am Samstag und Sonntag nach Russland und erstmals seit Kriegsbeginn auch in die Ukraine. Das meldet die russische Nachrichtenagentur Tass unter Berufung auf einen Insider.<\/p>\n<p class=\"\">Eine offizielle Best\u00e4tigung lag zun\u00e4chst nicht vor. Kremlsprecher Dmitri Peskow erkl\u00e4rte, etwaige Kontakte w\u00fcrden angek\u00fcndigt, sollten sie stattfinden. (Quelle: Reuters)<\/p>\n<p>\n        09:49 Uhr\n    <\/p>\n<p>    Russland greift offenbar Energieanlagen in Odessa an<\/p>\n<p class=\"\">Russland hat nach ukrainischen Angaben in der Nacht Energieinfrastrukturanlagen in der Region Odessa angegriffen. Der Gouverneur von Odessa, Oleh Kiper, erkl\u00e4rte, bei dem Angriff sei ein Mensch get\u00f6tet worden. Mindestens f\u00fcnf Menschen seien verletzt worden. Das ukrainische Energieministerium warnte vor m\u00f6glichen Netzeinschr\u00e4nkungen.<\/p>\n<p class=\"\">In den vergangenen Wochen hat Russland die Region Odessa wiederholt angegriffen und sich auf die Hafen- und Energieinfrastruktur konzentriert. (Quelle: Reuters)<\/p>\n<p>\n        04:30 Uhr\n    <\/p>\n<p>    Beh\u00f6rden: Brand in \u00d6ldepot in Sotschi nach ukrainischem Drohnenangriff<\/p>\n<p class=\"\">Nach einem ukrainischen Drohnenangriff brennt ein \u00d6ldepot in der russischen Schwarzmeer-Hafenstadt Sotschi. Das teilten die russischen Beh\u00f6rden der Region Krasnodar \u00fcber den Kurznachrichtendienst Telegram mit. (Quelle: Reuters)<\/p>\n<p>\n        01:30 Uhr\n    <\/p>\n<p>    Russland bestellt norwegischen Botschafter ein<\/p>\n<p class=\"\">Nach der Beschlagnahme eines russischen Schiffes in einem Hafen der Inselgruppe Spitzbergen hat das russische Au\u00dfenministerium den norwegischen Botschafter einbestellt. Dem Ministerium zufolge war das Forschungsschiff &#8222;Professor Molchanov&#8220; am 2. September festgesetzt worden. Es sei unter anderem mit Mitarbeiter des Bergbauunternehmens Arktikugol, Wissenschaftlern und Lebensmitteln von Murmansk in die russische Siedlung Barentsburg unterwegs gewesen.<\/p>\n<p class=\"\">Das Schiff war von den norwegischen Beh\u00f6rden auf Antrag des staatlichen ukrainischen Energiekonzerns Naftogaz festgesetzt worden. Das Unternehmen will so durchsetzen, dass Moskau ausstehende finanzielle Verpflichtungen begleicht. Ein Schiedsgericht hatte 2023 Naftogaz f\u00fcr enteignete Verm\u00f6genswerte auf der von Russland 2014 annektierten ukrainischen Halbinsel Krim umgerechnet etwa 3,6 Milliarden Euro zugesprochen. (Quelle: dpa)<\/p>\n<p>\n        01:10 Uhr\n    <\/p>\n<p>    Sicherheitsexperte: Nato muss Ostsee f\u00fcr russische Schattenflotte sperren<\/p>\n<p class=\"\">Der Sicherheitsexperte Joachim Krause fordert angesichts geh\u00e4ufter Sabotage- und Anschlagsversuche eine energischere Reaktion der Nato. Der ehemalige Chef des Instituts f\u00fcr Sicherheitspolitik Kiel sagte MDR AKTUELL, man m\u00fcsse sich langsam fragen, wie man an die Verursacher herankomme. Krause zufolge steckt hinter den Attacken ganz offensichtlich die russische Regierung, die den Krieg in der Ukraine gewinnen wolle \u2013 egal, was es koste. Die Nato m\u00fcsse kl\u00e4ren, ob sie als Antwort darauf nicht endlich die Ostsee f\u00fcr die russische Schattenflotte sperre. Das w\u00e4re eine Antwort, die Russland zeige, dass Grenzen \u00fcberschritten worden seien. (Quelle: MDR)<\/p>\n<p>\n        00:40 Uhr\n    <\/p>\n<p>    Mehrheit der Ostdeutschen h\u00e4lt Waffenhilfe f\u00fcr Ukraine f\u00fcr \u00fcbertrieben<\/p>\n<p class=\"\">Die Mehrheit der Ostdeutschen (54 Prozent) ist dem aktuellen ARD-Deutschlandtrend zufolge der Ansicht, dass die deutsche Milit\u00e4rhilfe f\u00fcr die Ukraine zu weit geht. In Westdeutschland sind das 39 Prozent. Umgekehrt \u00e4u\u00dfern in der Infratest dimap-Umfrage 59 Prozent der Westdeutschen, dass sie sich durch Russland bedroht oder sehr stark bedroht f\u00fchlen. In Ostdeutschland sind das 42 Prozent. 21 Prozent der Befragten im Osten sehen \u00fcberhaupt keine Bedrohung. (Quelle: Reuters)<\/p>\n<p>\n        00:10 Uhr\n    <\/p>\n<p>    Selenskyj: US-Unterh\u00e4ndler reisen in K\u00fcrze nach Kiew und Moskau<\/p>\n<p class=\"\">Der ukrainische Pr\u00e4sident Wolodymyr Selenskyj erwartet nach eigenen Angaben in K\u00fcrze US-Unterh\u00e4ndler in Kiew und Moskau, die bei einer m\u00f6glichen L\u00f6sung f\u00fcr den Krieg vermitteln wollen. Es gebe bereits vorl\u00e4ufige Termine, sagte Selenskyj in seiner abendlichen Videobotschaft. &#8222;Wir erwarten, Vertreter des US-Pr\u00e4sidenten hier in Kiew zu sehen.&#8220; Treffen seien in den kommenden Tagen in beiden Hauptst\u00e4dten geplant. Das sei sehr wichtig. (Quelle: Reuters)<\/p>\n<p>\n        00:05 Uhr\n    <\/p>\n<p>    Die Ereignisse gestern \u2013 3. September 2026<\/p>\n<p class=\"\">In der ukrainischen Hauptstadt Kiew ist bei einem russischen Angriff ein Hochhaus schwer besch\u00e4digt worden. Das teilte B\u00fcrgermeister Witali Klitschko auf Telegram mit. Bei russischen Luftangriffen auf die ukrainischen Hafenstadt Odessa wurden Beh\u00f6rdenangaben zufolge 17 Menschen verletzt und ein Wohngeb\u00e4ude besch\u00e4digt. Bei einem ukrainischen Drohnenangriff auf einen Bus in der russisch kontrollierten Stadt Horliwka in der ukrainischen Region Donezk soll der russischen Nachrichtenagentur Interfax zufolge ein Zivilist get\u00f6tet worden sein. Die Agentur berief sich auf den von Russland eingesetzten B\u00fcrgermeister der Stadt, Iwan Prichodko, der von einem gezielten Angriff sprach.<\/p>\n<p class=\"\">Russland will als Reaktion auf die deutschen Vorw\u00fcrfe zum Drohnen-Vorfall am Flughafen Leipzig\/Halle Niederlassungen des Goethe-Instituts schlie\u00dfen. Das k\u00fcndigte der russische Au\u00dfenminister Sergej Lawrow nach Angaben russischer Nachrichtenagenturen an. Die Ma\u00dfnahme folgt auf die von Deutschland angek\u00fcndigten Sanktionen gegen Russland. Bundesau\u00dfenminister Johann Wadephul kritisierte die russische Entscheidung, die Goethe-Institute zu schlie\u00dfen. &#8222;Das Goethe-Institut hat in Russland eine wichtige Funktion als Kulturbr\u00fccke \u00fcbernommen, und wir w\u00e4ren bereit gewesen, das fortzusetzen&#8220;, sagte Wadephul bei einem Treffen mit seinen Ministerkollegen aus Frankreich und Polen in Weimar.<\/p>\n<p class=\"\">Deutschland stellt der Ukraine \u00fcber die staatliche F\u00f6rderbank KfW weitere 250 Millionen Euro zur Verf\u00fcgung, um ihre Energieversorgung sichern zu k\u00f6nnen. Mit dem Geld sollten &#8222;akute Reparaturbedarfe&#8220; im kommenden Winter finanziert werden, erkl\u00e4rte das Bundeswirtschaftsministerium. Hintergrund ist, dass Russland bei seinen Angriffen oft gezielt ukrainische Kraftwerke angreift.<\/p>\n<p class=\"\">Im Gro\u00dfraum M\u00fcnchen ist die Massenproduktion von mehr als 5.000 weitreichenden Kampfdrohnen f\u00fcr die Ukraine angelaufen. Wie das deutsch-amerikanische R\u00fcstungsunternehmen Auterion und sein ukrainischer Joint-Venture-Partner Airlogix mitteilten, sind die ersten Flugk\u00f6rper fertiggestellt. Mitte 2027 soll der Auftrag der Bundesregierung abgearbeitet sein. Die Drohnen sind Teil der deutschen Unterst\u00fctzung f\u00fcr die Ukraine.<\/p>\n<p>\n        00:01 Uhr\n    <\/p>\n<p>    Ukraine-News am Freitag, 4. September 2026<\/p>\n<p class=\"\">Guten Tag! In unseren Ukraine-News halten wir Sie \u00fcber die Entwicklungen im Krieg gegen die Ukraine auf dem aktuellen Stand. Alle wichtigen Nachrichten dazu erscheinen hier im Lauf des <a name=\"Tag\">Tag<\/a>es.<\/p>\n<p class=\"\">Die Berichterstattung \u00fcber den Russland-Ukraine-Krieg ist komplex. Angaben zu Kriegsverlauf, Beschuss und Opfern durch offizielle Stellen der russischen und der ukrainischen Konfliktparteien k\u00f6nnen in der aktuellen Lage nicht unmittelbar von unabh\u00e4ngiger Stelle \u00fcberpr\u00fcft werden. Es gibt eine Vielzahl von Medienvertretern vor Ort, darunter auch unabh\u00e4ngige Journalisten aus verschiedenen L\u00e4ndern. Bei der Bewertung von Informationen sind verschiedene Quellen und eine kritische Haltung unerl\u00e4sslich, um ein m\u00f6glichst umfassendes Bild zu erhalten. Alles das ber\u00fccksichtigt der MDR in seinen Berichten \u00fcber den Russland-Ukraine-Krieg.<\/p>\n<p>        <img decoding=\"async\" src=\"https:\/\/www.europesays.com\/de\/wp-content\/uploads\/2026\/06\/ukraine-276.webp\" alt=\"Rettungskr\u00e4fte beseitigen Tr\u00fcmmer und suchen nach Menschen in einem Wohnblock, der von einer Rakete getroffen wurde.\" title=\"Rettungskr\u00e4fte beseitigen Tr\u00fcmmer und suchen nach Menschen in einem Wohnblock, der von einer Rakete getroffen wurde. | picture alliance\/dpa\/Ukrinform | -\" class=\"responsive\" loading=\"lazy\"\/><\/p>\n<p>        <img decoding=\"async\" src=\"https:\/\/www.europesays.com\/de\/wp-content\/uploads\/2026\/06\/podcast-cover-was-tun-herr-general-100.webp\" alt=\"Der fr\u00fchere NATO-General und Generalleutnant a.D. Erhard B\u00fchler\" title=\"Der fr\u00fchere NATO-General und Generalleutnant a.D. Erhard B\u00fchler | MDR \/ Erhard B\u00fchler \" class=\"responsive\" loading=\"lazy\"\/><\/p>\n<p>        <img decoding=\"async\" src=\"https:\/\/www.europesays.com\/de\/wp-content\/uploads\/2026\/06\/podcast-putins-krieg-100.webp\" alt=\"Podcast Putins Krieg\" title=\"Podcast Putins Krieg | dpa\/MDR\" class=\"responsive\" loading=\"lazy\"\/><\/p>\n","protected":false},"excerpt":{"rendered":"AUDIO: Schutz der Infrastruktur: Gespr\u00e4ch mit Sicherheitsexperte Joachim Krause (5 Min) Ukraine-News von MDR AKTUELL Stand: 04.09.2026 13:12&hellip;\n","protected":false},"author":2,"featured_media":1280051,"comment_status":"","ping_status":"","sticky":false,"template":"","format":"standard","meta":{"footnotes":"","_share_on_mastodon":"0"},"categories":[4013],"tags":[331,332,685,29,1478,2109,6714,13,263531,5198,4046,4871,71,264139,14,132079,15,18223,4043,4044,22066,850,307,16691,12,116,221640,317],"class_list":["post-1280050","post","type-post","status-publish","format-standard","has-post-thumbnail","category-russland","tag-aktuelle-nachrichten","tag-aktuelle-news","tag-bundeswehr","tag-deutschland","tag-drohne","tag-flughafen","tag-goethe","tag-headlines","tag-icao","tag-institut","tag-krieg","tag-lawrow","tag-leipzig","tag-moniawa","tag-nachrichten","tag-naftogaz","tag-news","tag-odessa","tag-russia","tag-russian-federation","tag-russische","tag-russische-foederation","tag-russland","tag-sabotage","tag-schlagzeilen","tag-selenskyj","tag-spitzbergen","tag-ukraine"],"share_on_mastodon":{"url":"","error":""},"_links":{"self":[{"href":"https:\/\/www.europesays.com\/de\/wp-json\/wp\/v2\/posts\/1280050","targetHints":{"allow":["GET"]}}],"collection":[{"href":"https:\/\/www.europesays.com\/de\/wp-json\/wp\/v2\/posts"}],"about":[{"href":"https:\/\/www.europesays.com\/de\/wp-json\/wp\/v2\/types\/post"}],"author":[{"embeddable":true,"href":"https:\/\/www.europesays.com\/de\/wp-json\/wp\/v2\/users\/2"}],"replies":[{"embeddable":true,"href":"https:\/\/www.europesays.com\/de\/wp-json\/wp\/v2\/comments?post=1280050"}],"version-history":[{"count":0,"href":"https:\/\/www.europesays.com\/de\/wp-json\/wp\/v2\/posts\/1280050\/revisions"}],"wp:featuredmedia":[{"embeddable":true,"href":"https:\/\/www.europesays.com\/de\/wp-json\/wp\/v2\/media\/1280051"}],"wp:attachment":[{"href":"https:\/\/www.europesays.com\/de\/wp-json\/wp\/v2\/media?parent=1280050"}],"wp:term":[{"taxonomy":"category","embeddable":true,"href":"https:\/\/www.europesays.com\/de\/wp-json\/wp\/v2\/categories?post=1280050"},{"taxonomy":"post_tag","embeddable":true,"href":"https:\/\/www.europesays.com\/de\/wp-json\/wp\/v2\/tags?post=1280050"}],"curies":[{"name":"wp","href":"https:\/\/api.w.org\/{rel}","templated":true}]}}