{"id":1280065,"date":"2026-09-04T11:31:17","date_gmt":"2026-09-04T11:31:17","guid":{"rendered":"https:\/\/www.europesays.com\/de\/1280065\/"},"modified":"2026-09-04T11:31:17","modified_gmt":"2026-09-04T11:31:17","slug":"thueringen-mario-voigt-will-trotz-bsw-krise-in-thueringen-weiterregieren","status":"publish","type":"post","link":"https:\/\/www.europesays.com\/de\/1280065\/","title":{"rendered":"Th\u00fcringen: Mario Voigt will trotz BSW-Krise in Th\u00fcringen weiterregieren"},"content":{"rendered":"<p>Mario Voigt will weiterregierenMinisterpr\u00e4sident Mario Voigt (CDU) spricht von einem <strong>\u00bbTag der Klarheit f\u00fcr Th\u00fcringen\u00ab<\/strong>. Er habe gro\u00dfen Respekt vor dem Schritt der BSW-Abgeordneten. Katja Wolf spricht er sein Vertrauen aus. \u00bbWir haben ein gemeinsames Verst\u00e4ndnis f\u00fcr unseren Regierungsauftrag\u00ab, sagte er \u00fcber die Koalition. <strong>Das Regierungsprogramm wolle man gemeinschaftlich weiter bearbeiten.<\/strong>\u00bb<strong>Wir stehen gemeinsam verl\u00e4sslich f\u00fcr eine Politik. <\/strong>Die Menschen im Land m\u00fcssen sich keine Sorgen machen, wir k\u00fcmmern uns um die Themen, die ihr Leben betreffen, und gemeinsam stehen wir auch pers\u00f6nlich daf\u00fcr ein, dass Th\u00fcringen vorankommt und wir gemeinschaftlich die Dinge anpacken, die es im Freistaat zu l\u00f6sen gilt\u00ab, sagte der Regierungschef.<\/p>\n<p>Die zehn Abgeordneten, die aus dem BSW ausgetreten sind, seien \u00bblogischerweise unsere Partner\u00ab, weil sie sich den inhaltlichen Zielen des Regierungsvertrags unterworfen h\u00e4tten. Die CDU <strong>habe im Pr\u00e4sidium bereits beraten und stehe weiter zur Koalition.\u00a0<\/strong><\/p>\n","protected":false},"excerpt":{"rendered":"Mario Voigt will weiterregierenMinisterpr\u00e4sident Mario Voigt (CDU) spricht von einem \u00bbTag der Klarheit f\u00fcr Th\u00fcringen\u00ab. Er habe gro\u00dfen&hellip;\n","protected":false},"author":2,"featured_media":1280066,"comment_status":"","ping_status":"","sticky":false,"template":"","format":"standard","meta":{"footnotes":"","_share_on_mastodon":"0"},"categories":[5],"tags":[331,332,13871,31,3364,29,30,13,1985,14,15,16,12,184,861],"class_list":["post-1280065","post","type-post","status-publish","format-standard","has-post-thumbnail","category-nachrichten","tag-aktuelle-nachrichten","tag-aktuelle-news","tag-buendnis-sahra-wagenknecht","tag-cdu","tag-de","tag-deutschland","tag-germany","tag-headlines","tag-landtag","tag-nachrichten","tag-news","tag-politik","tag-schlagzeilen","tag-spd","tag-thueringen"],"share_on_mastodon":{"url":"https:\/\/pubeurope.com\/@de\/117212550952665826","error":""},"_links":{"self":[{"href":"https:\/\/www.europesays.com\/de\/wp-json\/wp\/v2\/posts\/1280065","targetHints":{"allow":["GET"]}}],"collection":[{"href":"https:\/\/www.europesays.com\/de\/wp-json\/wp\/v2\/posts"}],"about":[{"href":"https:\/\/www.europesays.com\/de\/wp-json\/wp\/v2\/types\/post"}],"author":[{"embeddable":true,"href":"https:\/\/www.europesays.com\/de\/wp-json\/wp\/v2\/users\/2"}],"replies":[{"embeddable":true,"href":"https:\/\/www.europesays.com\/de\/wp-json\/wp\/v2\/comments?post=1280065"}],"version-history":[{"count":0,"href":"https:\/\/www.europesays.com\/de\/wp-json\/wp\/v2\/posts\/1280065\/revisions"}],"wp:featuredmedia":[{"embeddable":true,"href":"https:\/\/www.europesays.com\/de\/wp-json\/wp\/v2\/media\/1280066"}],"wp:attachment":[{"href":"https:\/\/www.europesays.com\/de\/wp-json\/wp\/v2\/media?parent=1280065"}],"wp:term":[{"taxonomy":"category","embeddable":true,"href":"https:\/\/www.europesays.com\/de\/wp-json\/wp\/v2\/categories?post=1280065"},{"taxonomy":"post_tag","embeddable":true,"href":"https:\/\/www.europesays.com\/de\/wp-json\/wp\/v2\/tags?post=1280065"}],"curies":[{"name":"wp","href":"https:\/\/api.w.org\/{rel}","templated":true}]}}