{"id":1280069,"date":"2026-09-04T11:33:13","date_gmt":"2026-09-04T11:33:13","guid":{"rendered":"https:\/\/www.europesays.com\/de\/1280069\/"},"modified":"2026-09-04T11:33:13","modified_gmt":"2026-09-04T11:33:13","slug":"pol-bn-koenigswinter-autowrack-aus-rhein-geborgen-aktueller-stand-der-ermittlungen","status":"publish","type":"post","link":"https:\/\/www.europesays.com\/de\/1280069\/","title":{"rendered":"POL-BN: K\u00f6nigswinter: Autowrack aus Rhein geborgen &#8211; Aktueller Stand der Ermittlungen"},"content":{"rendered":"<p class=\"date\">04.09.2026 \u2013 13:27<\/p>\n<p class=\"customer\">\n                        <a class=\"story-customer\" title=\"weiter zum newsroom von Polizei Bonn\" href=\"https:\/\/www.presseportal.de\/blaulicht\/nr\/7304\" rel=\"nofollow noopener\" target=\"_blank\">Polizei Bonn<\/a>\n                    <\/p>\n<p><a data-category=\"citylink-story-view\" data-action=\"click\" data-label=\"Citylink in Meldungsansicht\" class=\"story-city event-trigger\" href=\"https:\/\/www.presseportal.de\/regional\/K%F6nigswinter\" title=\"News aus K\u00f6nigswinter \" rel=\"nofollow noopener\" target=\"_blank\">K\u00f6nigswinter<\/a> (ots)<\/p>\n<p>Nach dem Fund eines Autowracks im Niedrigwasser des Rheins bei K\u00f6nigswinter-Niederdollendorf und der Bergung des Fahrzeugs am 18.08.2026 dauern die Ermittlungen des Kriminalkommissariats 11 der Bonner Polizei zu dabei aufgefundenen menschlichen Knochen weiter an (siehe dazu auch die Pressemitteilung der Polizei Duisburg vom 19.08.2026, 14:56 Uhr: <a target=\"_blank\" class=\"uri-ext outbound\" rel=\"noopener nofollow\" href=\"https:\/\/www.presseportal.de\/blaulicht\/pm\/50510\/6336460\">https:\/\/www.presseportal.de\/blaulicht\/pm\/50510\/6336460<\/a>).<\/p>\n<p>Bei dem geborgenen Fahrzeug handelt es sich nach bisherigen Feststellungen um einen Fiat 126, der Anfang der 1970er-Jahre gebaut worden ist. Der im Fahrzeug vorgefundene Verbandkasten wies ein Ablaufdatum aus dem Jahr 1971 auf. Trotz zahlreicher bei der Bonner Polizei eingegangener Hinweise ergeben sich nach dem derzeitigen Ermittlungsstand keine konkreten Parallelen zu zur\u00fcckliegenden oder aktuellen Vermisstenf\u00e4llen. Die aufgefundenen Knochen und Knochenfragmente wurden der Rechtsmedizin zur molekulargenetischen Untersuchung \u00fcbergeben, nach deren Ergebnis die Bonner Polizei erneut berichten wird.<\/p>\n<p class=\"contact-headline\">R\u00fcckfragen bitte an:<\/p>\n<p class=\"contact-text\">Polizei Bonn<br \/>Pressestelle<br \/>Telefon: 0228 &#8211; 1510-21<br \/>Fax: 0228-151202<br \/><a target=\"_blank\" class=\"uri-ext outbound\" rel=\"noopener nofollow\" href=\"https:\/\/bonn.polizei.nrw\">https:\/\/bonn.polizei.nrw<\/a><\/p>\n<p>Folgen Sie f\u00fcr aktuelle Informationen gerne unserem WhatsApp-Kanal:<br \/><a target=\"_blank\" class=\"uri-ext outbound\" rel=\"noopener nofollow\" href=\"https:\/\/t1p.de\/v1grf\">https:\/\/t1p.de\/v1grf<\/a><\/p>\n<p class=\"originator\">Original-Content von: Polizei Bonn, \u00fcbermittelt durch news aktuell<\/p>\n","protected":false},"excerpt":{"rendered":"04.09.2026 \u2013 13:27 Polizei Bonn K\u00f6nigswinter (ots) Nach dem Fund eines Autowracks im Niedrigwasser des Rheins bei K\u00f6nigswinter-Niederdollendorf&hellip;\n","protected":false},"author":2,"featured_media":1266941,"comment_status":"","ping_status":"","sticky":false,"template":"","format":"standard","meta":{"footnotes":"","_share_on_mastodon":"0"},"categories":[1842],"tags":[1741,3364,29,30,177,1209,176,121,178,180,179,181],"class_list":["post-1280069","post","type-post","status-publish","format-standard","has-post-thumbnail","category-bonn","tag-bonn","tag-de","tag-deutschland","tag-germany","tag-kriminalitt","tag-nordrhein-westfalen","tag-nrw","tag-polizei","tag-presse","tag-pressemeldung","tag-pressemitteilung","tag-pressemitteilungen"],"share_on_mastodon":{"url":"https:\/\/pubeurope.com\/@de\/117212558740661653","error":""},"_links":{"self":[{"href":"https:\/\/www.europesays.com\/de\/wp-json\/wp\/v2\/posts\/1280069","targetHints":{"allow":["GET"]}}],"collection":[{"href":"https:\/\/www.europesays.com\/de\/wp-json\/wp\/v2\/posts"}],"about":[{"href":"https:\/\/www.europesays.com\/de\/wp-json\/wp\/v2\/types\/post"}],"author":[{"embeddable":true,"href":"https:\/\/www.europesays.com\/de\/wp-json\/wp\/v2\/users\/2"}],"replies":[{"embeddable":true,"href":"https:\/\/www.europesays.com\/de\/wp-json\/wp\/v2\/comments?post=1280069"}],"version-history":[{"count":0,"href":"https:\/\/www.europesays.com\/de\/wp-json\/wp\/v2\/posts\/1280069\/revisions"}],"wp:featuredmedia":[{"embeddable":true,"href":"https:\/\/www.europesays.com\/de\/wp-json\/wp\/v2\/media\/1266941"}],"wp:attachment":[{"href":"https:\/\/www.europesays.com\/de\/wp-json\/wp\/v2\/media?parent=1280069"}],"wp:term":[{"taxonomy":"category","embeddable":true,"href":"https:\/\/www.europesays.com\/de\/wp-json\/wp\/v2\/categories?post=1280069"},{"taxonomy":"post_tag","embeddable":true,"href":"https:\/\/www.europesays.com\/de\/wp-json\/wp\/v2\/tags?post=1280069"}],"curies":[{"name":"wp","href":"https:\/\/api.w.org\/{rel}","templated":true}]}}