{"id":1280097,"date":"2026-09-04T11:51:21","date_gmt":"2026-09-04T11:51:21","guid":{"rendered":"https:\/\/www.europesays.com\/de\/1280097\/"},"modified":"2026-09-04T11:51:21","modified_gmt":"2026-09-04T11:51:21","slug":"rb-leipzig-uefa-greift-durch-champions-league-strafe-fuer-den-bundesligisten-sport","status":"publish","type":"post","link":"https:\/\/www.europesays.com\/de\/1280097\/","title":{"rendered":"RB Leipzig: UEFA greift durch! Champions-League-Strafe f\u00fcr den Bundesligisten | Sport"},"content":{"rendered":"<p><a class=\"skip-content skip-content--link\" href=\"#in-content-skip-link-target-v-0-0\">TTS-Player \u00fcberspringen\u21b5<\/a><a id=\"in-content-skip-link-target-v-0-0\" class=\"skip-content--target-link-hidden skip-content skip-content--target-link\" href=\"#in-content-skip-link-target-v-0-0\">Artikel weiterlesen<\/a><\/p>\n<p><b>Nach einem Jahr Pause ist RB Leipzig zur\u00fcck in der Champions League. Allerdings mit einer Auflage durch die Uefa!<\/b><\/p>\n<p>In dieser Woche mussten die Klubs ihren Kader f\u00fcr die K\u00f6nigsklasse beim europ\u00e4ischen Fu\u00dfballverband UEFA einreichen. Auff\u00e4llig: RB Leipzig durfte nur 24 Spieler statt der maximal erlaubten 25 nominieren. Eine Sanktion der Uefa, weil der Klub die \u201eLocal-Player-Quote\u201c nicht einh\u00e4lt und damit gegen die Regularien verst\u00f6\u00dft.<\/p>\n<p>Der Hintergrund: Mindestens acht Spieler im Kader m\u00fcssen \u201elokal ausgebildet\u201c sein. H\u00f6chstens vier davon d\u00fcrfen \u201evom Verband ausgebildet\u201c sein, der Rest die Nachwuchsschule im Verein durchlaufen haben. Als sogenannte \u201eLocal Player\u201c gelten Spieler, die zwischen dem 15. und 21. Lebensjahr drei vollst\u00e4ndige Spielzeiten beim Klub oder eben beim Nationalverband unter Vertrag gestanden haben.<\/p>\n<p>Mehr zum Thema<\/p>\n<p>Im aktuellen Leipzig-Kader ist Lukas Klostermann (30) der einzige, der diese Kriterien erf\u00fcllt. Er kam vor zw\u00f6lf Jahren aus Bochum nach Leipzig. Der ehemalige Nationalspieler, der Leipzig im Sommer h\u00e4tte verlassen sollen, steht deshalb auch im Aufgebot f\u00fcr die Champions League.<\/p>\n<p><img decoding=\"async\" width=\"992\" height=\"661\" alt=\"Neuzugang Abdoul Kon\u00e9 (vorne\/Nummer 2) ist nicht f\u00fce die Champions League gemeldet worden\" loading=\"lazy\" src=\"https:\/\/www.europesays.com\/de\/wp-content\/uploads\/2026\/09\/22a23c1ee56d55fc259551a3f127ec87,4ece3679.jpeg\"   class=\"dynamic\"\/><\/p>\n<p class=\"fig__caption__text\">Neuzugang Abdoul Kon\u00e9 (vorne\/Nummer 2) ist nicht f\u00fce die Champions League gemeldet worden<\/p>\n<p>Foto: picture alliance\/BEAUTIFUL SPORTS<\/p>\n<p>Ein Neuzugang hingegen fehlt: Innenverteidiger Abdoul Kon\u00e9 (21), f\u00fcr den Leipzig 17 Mio. an Stade Reims gezahlt hat. Der Franzose hatte wie jeder junge Profi bei seinem Wechsel nach Leipzig (\u201eRB genie\u00dft international einen ausgezeichneten Ruf\u201c) von der Champions League getr\u00e4umt. Nach einer Kapselverletzung an der rechten Schulter ist er gerade wieder fit.<\/p>\n<p>RB Leipzig startet in Como in die Champions League <\/p>\n<p>F\u00fcr die K.o.-Phase\u00a0\u2013 die ja ein gro\u00dfes Ziel von <a href=\"https:\/\/www.bild.de\/sport\/fussball\/rb-leipzig\/startseite-leipzig-31148870.bild.html\" class=\"text-link\" rel=\"nofollow noopener\" target=\"_blank\">RB Leipzig<\/a> ist \u2013 d\u00fcrfte der Klub maximal drei Spieler nachmelden. Aber auch da gelten die \u201eLocal-Player\u201c-Regeln.<\/p>\n<p>Leipzig startet am kommenden Donnerstag in Como in die Champions League, trifft im weiteren Verlauf der Vorrunde daheim auf Manchester City, Eindhoven, Donezk und Lens. Ausw\u00e4rts geht&#8217;s zudem noch zu Manchester United, Real Madrid und Rotterdam.<\/p>\n","protected":false},"excerpt":{"rendered":"TTS-Player \u00fcberspringen\u21b5Artikel weiterlesen Nach einem Jahr Pause ist RB Leipzig zur\u00fcck in der Champions League. Allerdings mit einer&hellip;\n","protected":false},"author":2,"featured_media":1280098,"comment_status":"","ping_status":"","sticky":false,"template":"","format":"standard","meta":{"footnotes":"","_share_on_mastodon":"0"},"categories":[1832],"tags":[468,4986,3364,29,538,64783,347,30,71,1409,18531,1655,57260,3349,859,803,3460],"class_list":["post-1280097","post","type-post","status-publish","format-standard","has-post-thumbnail","category-leipzig","tag-champions-league","tag-como","tag-de","tag-deutschland","tag-erste-bundesliga","tag-feyenoord-rotterdam","tag-fussball","tag-germany","tag-leipzig","tag-manchester-city","tag-manchester-united","tag-rb-leipzig","tag-rc-lens","tag-real-madrid","tag-sachsen","tag-spielertransfer","tag-sport-leuchtturm-leipzig"],"share_on_mastodon":{"url":"https:\/\/pubeurope.com\/@de\/117212631237652642","error":""},"_links":{"self":[{"href":"https:\/\/www.europesays.com\/de\/wp-json\/wp\/v2\/posts\/1280097","targetHints":{"allow":["GET"]}}],"collection":[{"href":"https:\/\/www.europesays.com\/de\/wp-json\/wp\/v2\/posts"}],"about":[{"href":"https:\/\/www.europesays.com\/de\/wp-json\/wp\/v2\/types\/post"}],"author":[{"embeddable":true,"href":"https:\/\/www.europesays.com\/de\/wp-json\/wp\/v2\/users\/2"}],"replies":[{"embeddable":true,"href":"https:\/\/www.europesays.com\/de\/wp-json\/wp\/v2\/comments?post=1280097"}],"version-history":[{"count":0,"href":"https:\/\/www.europesays.com\/de\/wp-json\/wp\/v2\/posts\/1280097\/revisions"}],"wp:featuredmedia":[{"embeddable":true,"href":"https:\/\/www.europesays.com\/de\/wp-json\/wp\/v2\/media\/1280098"}],"wp:attachment":[{"href":"https:\/\/www.europesays.com\/de\/wp-json\/wp\/v2\/media?parent=1280097"}],"wp:term":[{"taxonomy":"category","embeddable":true,"href":"https:\/\/www.europesays.com\/de\/wp-json\/wp\/v2\/categories?post=1280097"},{"taxonomy":"post_tag","embeddable":true,"href":"https:\/\/www.europesays.com\/de\/wp-json\/wp\/v2\/tags?post=1280097"}],"curies":[{"name":"wp","href":"https:\/\/api.w.org\/{rel}","templated":true}]}}