{"id":1280105,"date":"2026-09-04T11:58:13","date_gmt":"2026-09-04T11:58:13","guid":{"rendered":"https:\/\/www.europesays.com\/de\/1280105\/"},"modified":"2026-09-04T11:58:13","modified_gmt":"2026-09-04T11:58:13","slug":"pol-f-260904-1140-frankfurt-bornheim-dieb-bietet-obst-an-und-stiehlt-goldschmuck","status":"publish","type":"post","link":"https:\/\/www.europesays.com\/de\/1280105\/","title":{"rendered":"POL-F: 260904 &#8211; 1140 Frankfurt- Bornheim: Dieb bietet Obst an und stiehlt Goldschmuck- &#8230;"},"content":{"rendered":"<p class=\"date\">04.09.2026 \u2013 12:59<\/p>\n<p class=\"customer\">\n                        <a class=\"story-customer\" title=\"weiter zum newsroom von Polizeipr\u00e4sidium Frankfurt am Main\" href=\"https:\/\/www.presseportal.de\/blaulicht\/nr\/4970\" rel=\"nofollow noopener\" target=\"_blank\">Polizeipr\u00e4sidium Frankfurt am Main<\/a>\n                    <\/p>\n<p><a data-category=\"citylink-story-view\" data-action=\"click\" data-label=\"Citylink in Meldungsansicht\" class=\"story-city event-trigger\" href=\"https:\/\/www.presseportal.de\/regional\/Frankfurt\" title=\"News aus Frankfurt \" rel=\"nofollow noopener\" target=\"_blank\">Frankfurt<\/a> (ots)<\/p>\n<p>(ma) Am Mittwochvormittag (2. September 2026) verschaffte sich ein Dieb unter dem Vorwand, Obstbauer zu sein, Zutritt zur Wohnung einer Seniorin und bestahl diese. Die Polizei sucht Zeugen.<\/p>\n<p>Nach bisherigen Ermittlungen klingelte ein Mann gegen 10:00 Uhr an der Wohnungst\u00fcr einer 88-J\u00e4hrigen in der Valentin-Senger-Stra\u00dfe. Dieser gab an, Kartoffel- und Apfelbauer zu sein und bot seine Ware zum Kauf an. Die Seniorin habe daraufhin \u00c4pfel gekauft, welche der Mann in einer Plastikt\u00fcte in die K\u00fcche brachte.<\/p>\n<p>Anschlie\u00dfend habe er die Nutzung der Toilette erbeten, was ihm die Dame gestattet habe. Daraufhin habe der Mann die Wohnung verlassen.<\/p>\n<p>Im Nachgang stellte die 88-J\u00e4hrige fest, dass ihr hochwertiger Schmuck entwendet worden war.<\/p>\n<p>Der Tatverd\u00e4chtige wird wie folgt beschrieben:<\/p>\n<p>M\u00e4nnlich, ca. 165 cm gro\u00df, ca. 45-50 Jahre alt, normale Statur, hatte lange schwarze Haare bis zur Taille zum Zopf gebunden und sprach akzentfrei Deutsch. Bekleidet sei er mit einem beigen Hemd mit hochgekrempelten \u00c4rmeln und einer beigen Latzsch\u00fcrze gewesen.<\/p>\n<p>Die Polizei sucht Zeugen und bittet Personen, die Angaben zum Tatverd\u00e4chtigen oder dem Sachverhalt machen k\u00f6nnen, sich unter 069\/ 755 95408 oder bei jeder anderen Polizeidienststelle zu melden.<\/p>\n<p class=\"contact-headline\">R\u00fcckfragen bitte an:<\/p>\n<p class=\"contact-text\">Polizeipr\u00e4sidium Frankfurt am Main<br \/>Pressestelle<br \/>Adickesallee 70<br \/>60322 Frankfurt am Main<br \/>Telefon: 069 \/ 755-82110 (CvD)<br \/>Fax: 069 \/ 755-82009<br \/>E-Mail: <a href=\"https:\/\/www.presseportal.de\/blaulicht\/pm\/4970\/mailto:pressestelle.ppffm@polizei.hessen.de\" class=\"uri-mailto\" rel=\"nofollow noopener\" target=\"_blank\">pressestelle.ppffm@polizei.hessen.de<\/a><br \/>Homepage Polizeipr\u00e4sidium Ffm.: <a target=\"_blank\" class=\"uri-ext outbound\" rel=\"noopener nofollow\" href=\"http:\/\/www.polizei.hessen.de\/ppffm\">http:\/\/www.polizei.hessen.de\/ppffm<\/a><\/p>\n<p class=\"originator\">Original-Content von: Polizeipr\u00e4sidium Frankfurt am Main, \u00fcbermittelt durch news aktuell<\/p>\n","protected":false},"excerpt":{"rendered":"04.09.2026 \u2013 12:59 Polizeipr\u00e4sidium Frankfurt am Main Frankfurt (ots) (ma) Am Mittwochvormittag (2. September 2026) verschaffte sich ein&hellip;\n","protected":false},"author":2,"featured_media":1266941,"comment_status":"","ping_status":"","sticky":false,"template":"","format":"standard","meta":{"footnotes":"","_share_on_mastodon":"0"},"categories":[1829],"tags":[29,2050,2051,30,1087,2052,177,121,178,180,179,181],"class_list":["post-1280105","post","type-post","status-publish","format-standard","has-post-thumbnail","category-frankfurt-am-main","tag-deutschland","tag-frankfurt","tag-frankfurt-am-main","tag-germany","tag-he","tag-hessen","tag-kriminalitt","tag-polizei","tag-presse","tag-pressemeldung","tag-pressemitteilung","tag-pressemitteilungen"],"share_on_mastodon":{"url":"https:\/\/pubeurope.com\/@de\/117212656586163085","error":""},"_links":{"self":[{"href":"https:\/\/www.europesays.com\/de\/wp-json\/wp\/v2\/posts\/1280105","targetHints":{"allow":["GET"]}}],"collection":[{"href":"https:\/\/www.europesays.com\/de\/wp-json\/wp\/v2\/posts"}],"about":[{"href":"https:\/\/www.europesays.com\/de\/wp-json\/wp\/v2\/types\/post"}],"author":[{"embeddable":true,"href":"https:\/\/www.europesays.com\/de\/wp-json\/wp\/v2\/users\/2"}],"replies":[{"embeddable":true,"href":"https:\/\/www.europesays.com\/de\/wp-json\/wp\/v2\/comments?post=1280105"}],"version-history":[{"count":0,"href":"https:\/\/www.europesays.com\/de\/wp-json\/wp\/v2\/posts\/1280105\/revisions"}],"wp:featuredmedia":[{"embeddable":true,"href":"https:\/\/www.europesays.com\/de\/wp-json\/wp\/v2\/media\/1266941"}],"wp:attachment":[{"href":"https:\/\/www.europesays.com\/de\/wp-json\/wp\/v2\/media?parent=1280105"}],"wp:term":[{"taxonomy":"category","embeddable":true,"href":"https:\/\/www.europesays.com\/de\/wp-json\/wp\/v2\/categories?post=1280105"},{"taxonomy":"post_tag","embeddable":true,"href":"https:\/\/www.europesays.com\/de\/wp-json\/wp\/v2\/tags?post=1280105"}],"curies":[{"name":"wp","href":"https:\/\/api.w.org\/{rel}","templated":true}]}}