{"id":1280128,"date":"2026-09-04T12:11:40","date_gmt":"2026-09-04T12:11:40","guid":{"rendered":"https:\/\/www.europesays.com\/de\/1280128\/"},"modified":"2026-09-04T12:11:40","modified_gmt":"2026-09-04T12:11:40","slug":"berlin-zdf-interviewt-eine-expertin-passant-zieht-eine-waffe-und-bedroht-sie","status":"publish","type":"post","link":"https:\/\/www.europesays.com\/de\/1280128\/","title":{"rendered":"Berlin: ZDF interviewt eine Expertin \u2013 Passant zieht eine Waffe und bedroht sie"},"content":{"rendered":"<p class=\"is-first-paragraph\" data-external=\"Article.FirstParagraph\">Bei einem laufenden ZDF-Fernsehinterview in Berlin soll ein Passant auf der Stra\u00dfe mit dem Einsatz einer Schusswaffe gedroht haben. Der Vorfall habe sich bereits am fr\u00fchen Mittwochnachmittag auf dem Boxhagener Platz in Berlin-Friedrichshain ereignet, teilte die Polizei am Freitag mit.<\/p>\n<p>Betroffen waren demnach ein Kamerateam des ZDF und eine Mitarbeiterin einer Sozialorganisation. Verletzt wurde niemand. Der polizeibekannte 19-j\u00e4hrige Tatverd\u00e4chtige sei anhand von Fotos identifiziert worden, hie\u00df es. Der Vorfall sei am Donnerstag angezeigt worden. Weitere Details zum Verd\u00e4chtigen nannte die Polizei nicht.<\/p>\n<p>Den Polizeiangaben zufolge soll sich der junge Mann auf einem E-Scooter dem Kamerateam gen\u00e4hert und sich erkundigt haben, f\u00fcr welchen Sender die Aufnahmen seien. Im weiteren Verlauf soll er eine Schusswaffe gezogen und diese auf die Interviewpartnerin gerichtet haben. Anschlie\u00dfend habe er sich mit dem E-Scooter entfernt. Der Vorfall sei durch die laufenden Kameraaufnahmen in weiten Teilen dokumentiert.<\/p>\n","protected":false},"excerpt":{"rendered":"Bei einem laufenden ZDF-Fernsehinterview in Berlin soll ein Passant auf der Stra\u00dfe mit dem Einsatz einer Schusswaffe gedroht&hellip;\n","protected":false},"author":2,"featured_media":1280129,"comment_status":"","ping_status":"","sticky":false,"template":"","format":"standard","meta":{"footnotes":"","_share_on_mastodon":"0"},"categories":[1825],"tags":[296,29,8367,30,52264,250153,110,45,1448],"class_list":["post-1280128","post","type-post","status-publish","format-standard","has-post-thumbnail","category-berlin","tag-berlin","tag-deutschland","tag-e-scooter","tag-germany","tag-kriminalitaet-ks","tag-newsos-import-welt","tag-newsteam","tag-texttospeech","tag-zdf"],"share_on_mastodon":{"url":"https:\/\/pubeurope.com\/@de\/117212707741866933","error":""},"_links":{"self":[{"href":"https:\/\/www.europesays.com\/de\/wp-json\/wp\/v2\/posts\/1280128","targetHints":{"allow":["GET"]}}],"collection":[{"href":"https:\/\/www.europesays.com\/de\/wp-json\/wp\/v2\/posts"}],"about":[{"href":"https:\/\/www.europesays.com\/de\/wp-json\/wp\/v2\/types\/post"}],"author":[{"embeddable":true,"href":"https:\/\/www.europesays.com\/de\/wp-json\/wp\/v2\/users\/2"}],"replies":[{"embeddable":true,"href":"https:\/\/www.europesays.com\/de\/wp-json\/wp\/v2\/comments?post=1280128"}],"version-history":[{"count":0,"href":"https:\/\/www.europesays.com\/de\/wp-json\/wp\/v2\/posts\/1280128\/revisions"}],"wp:featuredmedia":[{"embeddable":true,"href":"https:\/\/www.europesays.com\/de\/wp-json\/wp\/v2\/media\/1280129"}],"wp:attachment":[{"href":"https:\/\/www.europesays.com\/de\/wp-json\/wp\/v2\/media?parent=1280128"}],"wp:term":[{"taxonomy":"category","embeddable":true,"href":"https:\/\/www.europesays.com\/de\/wp-json\/wp\/v2\/categories?post=1280128"},{"taxonomy":"post_tag","embeddable":true,"href":"https:\/\/www.europesays.com\/de\/wp-json\/wp\/v2\/tags?post=1280128"}],"curies":[{"name":"wp","href":"https:\/\/api.w.org\/{rel}","templated":true}]}}