{"id":1280130,"date":"2026-09-04T12:13:24","date_gmt":"2026-09-04T12:13:24","guid":{"rendered":"https:\/\/www.europesays.com\/de\/1280130\/"},"modified":"2026-09-04T12:13:24","modified_gmt":"2026-09-04T12:13:24","slug":"viele-zugausfaelle-nach-oeffnung-bahnstrecke-berlin-hamburg","status":"publish","type":"post","link":"https:\/\/www.europesays.com\/de\/1280130\/","title":{"rendered":"Viele Zugausf\u00e4lle nach \u00d6ffnung Bahnstrecke Berlin-Hamburg"},"content":{"rendered":"<p _ngcontent-sc113=\"\"> 04. September 2026 \u2013 Mara Schwarzenberger <\/p>\n<p _ngcontent-sc113=\"\">Die Bahnstrecke zwischen Berlin und Hamburg wurde monatelang saniert. Doch nach der Wiederer\u00f6ffnung gab es Probleme wie Versp\u00e4tungen und Zugausf\u00e4lle. Die Bundesregierung nennt Zahlen.<\/p>\n<ul _ngcontent-sc85=\"\">\n<li _ngcontent-sc85=\"\">Auch nach der Sanierung sorgt die Bahnstrecke Hamburg\u2013Berlin noch immer f\u00fcr Versp\u00e4tungen und Zugausf\u00e4lle<\/li>\n<li _ngcontent-sc85=\"\">Nach den besonders gro\u00dfen Problemen Ende Juni stabilisierte sich der Bahnverkehr im Juli zunehmend<\/li>\n<li _ngcontent-sc85=\"\">Technische Probleme sowie Hitze und Unwetter waren Gr\u00fcnde f\u00fcr die St\u00f6rungen<\/li>\n<\/ul>\n<p _ngcontent-sc85=\"\" align=\"false\">Nach der Sanierung der Bahnstrecke zwischen Hamburg und Berlin ist es in den Wochen danach nicht rund gelaufen. &#8222;Die P\u00fcnktlichkeit auf der Strecke hat das Zielniveau (&#8230;) noch nicht erreicht&#8220;, hei\u00dft es in einer Antwort der Bundesregierung auf eine Kleine Anfrage der Gr\u00fcnen Bundestagsfraktion. Zuvor hatte die &#8222;Tagesschau&#8220; dar\u00fcber berichtet.<\/p>\n<p _ngcontent-sc85=\"\" align=\"false\">Direkt nach der Wiederer\u00f6ffnung hatten den Angaben zufolge zwischen dem 14. und 30. Juni dieses Jahres 133 von 1.272 Z\u00fcgen Versp\u00e4tungen ab 91 Minuten. Lediglich 105 versp\u00e4teten sich weniger als eine Minute. Besonders auff\u00e4llig sind die Zahlen Ende Juni: 28 von 51 geplanten Z\u00fcgen fielen am 27. Juni aus, am 28. Juni waren es 19. Nur an vier Tagen fiel im Juni kein Zug aus.<\/p>\n<p>Hitzetage und Unwetter spielten eine Rolle<\/p>\n<p _ngcontent-sc85=\"\" align=\"false\">Zwischen dem 1. und 26. Juli verbesserte sich die Situation im Vergleich zur Anfangsphase: Von 1.878 Z\u00fcgen hatten 86 eine Versp\u00e4tung ab 91 Minuten. Den h\u00f6chsten Ausfall gab es am 1. Juli, als von 52 geplanten Z\u00fcgen im Fernverkehr 16 nicht fuhren. An zehn Tagen fiel kein Zug aus. Die Bundesregierung schrieb, nach Auskunft der Deutschen Bahn sei bei komplexen Inbetriebnahmen ein stufenweises Hochfahren der Anlagen g\u00e4ngige Praxis. Trotz sorgf\u00e4ltiger Abnahmen und Pr\u00fcfungen der technischen Anlagen k\u00f6nnten bestimmte M\u00e4ngel oder verdeckte Fehler oft erst im Realbetrieb unter verkehrlicher Belastung festgestellt werden. Auch Hitzetage und lokale Unwetter h\u00e4tten eine Rolle gespielt.<\/p>\n<p>Strecke wurde von August 2025 bis Juni 2026 saniert <\/p>\n<p _ngcontent-sc85=\"\" align=\"false\">Die Bahnstrecke Berlin-Hamburg war von August 2025 bis Juni 2026 saniert worden. Der Plan war, die Sanierung bis zum 30. April 2026 abzuschlie\u00dfen und die Vollsperrung aufzuheben. Dass die Sanierung rund eineinhalb Monate versp\u00e4tet beendet wurde, begr\u00fcndete die Bahn mit dem Frost zu Jahresbeginn. Einen ersten Abschnitt gab die Bahn Mitte Mai wieder frei.<\/p>\n<p>Weitere News On Air<\/p>\n<p _ngcontent-sc85=\"\" align=\"false\">Weitere Nachrichten aus Hamburg, Deutschland und der Welt h\u00f6rt ihr immer zur vollen Stunde bei uns im Programm. Holt euch einfach unsere <a _ngcontent-sc132=\"\" href=\"https:\/\/www.radiohamburg.de\/programm\/frequenzen\/Streamen-%C3%BCber-die-App-id388032.html\" rel=\"nofollow noopener\" target=\"_blank\">kostenlose App<\/a>, h\u00f6rt uns \u00fcber euren <a _ngcontent-sc132=\"\" href=\"https:\/\/www.radiohamburg.de\/programm\/frequenzen\/Alexa-spiele-Radio-Hamburg-id387722.html\" rel=\"nofollow noopener\" target=\"_blank\">Smartspeaker<\/a> oder schaltet mit einem Klick unten auf den Playbutton das Webradio ein. Zum Nachh\u00f6ren gibt\u2019s das Ganze nat\u00fcrlich auch noch mal als <a _ngcontent-sc132=\"\" href=\"https:\/\/www.radiohamburg.de\/hoeren\/podcasts\/Radio-Hamburg-Nachrichten-id388455.html\" rel=\"nofollow noopener\" target=\"_blank\">Podcastangebot<\/a>.<\/p>\n<p><img decoding=\"async\" _ngcontent-sc129=\"\" class=\"\" src=\"https:\/\/www.europesays.com\/de\/wp-content\/uploads\/2025\/04\/app.jpg\" alt=\"App, App Store, iOS, Play Store, Google\" title=\"App, App Store, iOS, Play Store, Google\"\/><\/p>\n<p>Foto: Bloomicon \/ Shutterstock.com<\/p>\n<p> F\u00fcr iOS &amp; Android <\/p>\n<p>Holt euch die kostenlose Radio Hamburg App<\/p>\n<p _ngcontent-sc85=\"\" align=\"false\">H\u00f6rt uns an jedem Ort auf der Welt in bester Qualit\u00e4t &amp; st\u00f6rungsfrei \u00fcber unsere kostenlose App. Holt sie euch jetzt f\u00fcr Android oder iOS.<\/p>\n","protected":false},"excerpt":{"rendered":"04. September 2026 \u2013 Mara Schwarzenberger Die Bahnstrecke zwischen Berlin und Hamburg wurde monatelang saniert. Doch nach der&hellip;\n","protected":false},"author":2,"featured_media":1093985,"comment_status":"","ping_status":"","sticky":false,"template":"","format":"standard","meta":{"footnotes":"","_share_on_mastodon":"0"},"categories":[1825],"tags":[264166,264150,264156,77576,264169,264177,264154,264168,264158,89103,77916,191603,264173,219287,264152,264159,296,264163,2030,264151,264170,29,264167,231970,264157,30,264165,264174,264164,264160,264171,231989,98186,264172,264175,73596,264161,264176,264155,264149,264162,264153,264148],"class_list":["post-1280130","post","type-post","status-publish","format-standard","has-post-thumbnail","category-berlin","tag-bahn-infrastruktur","tag-bahn-puenktlichkeit","tag-bahn-sanierung-2026","tag-bahnstrecke-berlin-hamburg","tag-bahnstrecke-berlin-hamburg-sanierung-2026","tag-bahnstrecke-hamburg-berlin-2026","tag-bahnstrecke-hamburg-berlin-probleme","tag-bahnstrecke-hamburg-berlin-verspaetung","tag-bahnstrecke-hamburg-berlin-wiedereroeffnung","tag-bahnstrecke-hamburg-berlin-zugausfaelle","tag-bahnstrecke-hamburg-berlin","tag-bahnstrecke-sanierung","tag-bahnstrecke-technische-probleme","tag-bahnstrecke-wiedereroeffnung","tag-bahnverkehr-hamburg-berlin","tag-bahnverkehr-nach-sanierung","tag-berlin","tag-bundesregierung-deutsche-bahn","tag-deutsche-bahn","tag-deutsche-bahn-puenktlichkeit","tag-deutsche-bahn-sanierung-hamburg-berlin","tag-deutschland","tag-fernverkehr-deutsche-bahn","tag-fernverkehr-hamburg-berlin","tag-generalsanierung-bahnstrecke","tag-germany","tag-gruene-bundestagsfraktion","tag-hitzetage-deutsche-bahn","tag-kleine-anfrage-gruene","tag-probleme-nach-bahnsanierung","tag-puenktlichkeit-fernverkehr","tag-sanierung-bahnstrecke","tag-schienenverkehr-deutschland","tag-stoerungen-bahnstrecke","tag-unwetter-bahnverkehr","tag-verspaetungen-deutsche-bahn","tag-verspaetungen-nach-sanierung","tag-vollsperrung-hamburg-berlin","tag-zugausfaelle-deutsche-bahn","tag-zugausfaelle-hamburg-berlin","tag-zugausfaelle-nach-sanierung","tag-zugverkehr-berlin-hamburg","tag-zugverspaetungen-hamburg-berlin"],"share_on_mastodon":{"url":"","error":"Validation failed: Text character limit of 500 exceeded"},"_links":{"self":[{"href":"https:\/\/www.europesays.com\/de\/wp-json\/wp\/v2\/posts\/1280130","targetHints":{"allow":["GET"]}}],"collection":[{"href":"https:\/\/www.europesays.com\/de\/wp-json\/wp\/v2\/posts"}],"about":[{"href":"https:\/\/www.europesays.com\/de\/wp-json\/wp\/v2\/types\/post"}],"author":[{"embeddable":true,"href":"https:\/\/www.europesays.com\/de\/wp-json\/wp\/v2\/users\/2"}],"replies":[{"embeddable":true,"href":"https:\/\/www.europesays.com\/de\/wp-json\/wp\/v2\/comments?post=1280130"}],"version-history":[{"count":0,"href":"https:\/\/www.europesays.com\/de\/wp-json\/wp\/v2\/posts\/1280130\/revisions"}],"wp:featuredmedia":[{"embeddable":true,"href":"https:\/\/www.europesays.com\/de\/wp-json\/wp\/v2\/media\/1093985"}],"wp:attachment":[{"href":"https:\/\/www.europesays.com\/de\/wp-json\/wp\/v2\/media?parent=1280130"}],"wp:term":[{"taxonomy":"category","embeddable":true,"href":"https:\/\/www.europesays.com\/de\/wp-json\/wp\/v2\/categories?post=1280130"},{"taxonomy":"post_tag","embeddable":true,"href":"https:\/\/www.europesays.com\/de\/wp-json\/wp\/v2\/tags?post=1280130"}],"curies":[{"name":"wp","href":"https:\/\/api.w.org\/{rel}","templated":true}]}}