{"id":1280134,"date":"2026-09-04T12:19:23","date_gmt":"2026-09-04T12:19:23","guid":{"rendered":"https:\/\/www.europesays.com\/de\/1280134\/"},"modified":"2026-09-04T12:19:23","modified_gmt":"2026-09-04T12:19:23","slug":"ndr-talk-show-aus-hamburg-das-sind-die-gaeste-heute-am-4-september","status":"publish","type":"post","link":"https:\/\/www.europesays.com\/de\/1280134\/","title":{"rendered":"&#8222;NDR Talk Show&#8220; aus Hamburg: Das sind die G\u00e4ste heute am 4. September"},"content":{"rendered":"<p>TV-Klassiker aus Hamburg <\/p>\n<p>&#8222;NDR Talk Show&#8220;: Diese Stars sind Freitagabend dabei<\/p>\n<p>Aktualisiert am 04.09.2026 &#8211; 05:46 UhrLesedauer: 2 Min.<\/p>\n<p><a href=\"#focus-0\" class=\"transition-colors block text-current relative\" data-sctrack=\"FocusGalleryImage.Reference\"><img fetchpriority=\"high\" data-testid=\"Opener.Image\"   loading=\"eager\" src=\"https:\/\/www.europesays.com\/de\/wp-content\/uploads\/2026\/09\/hubertus-meyer-burckhardt-und-barbara-schoeneberger-die-moderatoren-der-ndr-talk-show-sind-fast-imme.jpeg\" alt=\"Hubertus Meyer-Burckhardt und Barbara Sch\u00f6neberger: Die Moderatoren der &quot;NDR Talk Show&quot; sind fast immer gut gelaunt.\" title=\"Hubertus Meyer-Burckhardt und Barbara Sch\u00f6neberger: Die Moderatoren der &quot;NDR Talk Show&quot; sind fast immer gut gelaunt.\" width=\"2579\" height=\"1451\" class=\"bg-[url:var(--lqipURL)] bg-cover bg-center flex h-full w-full max-w-full\" style=\"--lqipURL:url('https:\/\/images.t-online.de\/2026\/08\/FpnEiICNYNEA\/533x71:2579x1451\/fit-in\/150x0\/filters:blur(25)\/hubertus-meyer-burckhardt-und-barbara-schoeneberger-die-moderatoren-der-ndr-talk-show-sind-fast-immer-gut-gelaunt.jpg')\" decoding=\"async\"\/><img loading=\"lazy\" src=\"https:\/\/hamburg.t-online.de\/s\/paper\/_next\/static\/media\/zoom-in.f7dae02f.svg\" alt=\"Vergr\u00f6\u00dfern des Bildes\" title=\"Vergr\u00f6\u00dfern des Bildes\" class=\"block h-[calc(var(--height)_\/_16_*_1rem)] w-[calc(var(--width)_\/_16_*_1rem)] max-w-none absolute right-8 bottom-8 rounded-4 bg-snow p-8\" style=\"--width:32;--height:32\" decoding=\"async\"\/><\/a><\/p>\n<p>Hubertus Meyer-Burckhardt und Barbara Sch\u00f6neberger: Die Moderatoren der &#8222;NDR Talk Show&#8220; sind fast immer gut gelaunt. (Quelle: IMAGO \/ BREUEL-BILD)<\/p>\n<p><img loading=\"lazy\" src=\"https:\/\/hamburg.t-online.de\/s\/paper\/_next\/static\/media\/audio-volume.6689034c.svg\" alt=\"\" title=\"\" class=\"block h-[calc(var(--height)_\/_16_*_1rem)] w-[calc(var(--width)_\/_16_*_1rem)] max-w-none group-hover:brightness-0 group-hover:invert\" style=\"--width:16;--height:16\" decoding=\"async\"\/>Vorlesen<\/p>\n<p>Aktuelle Zeit:0:00Gesamtdauer:0:00<\/p>\n<p>1x<img loading=\"lazy\" src=\"https:\/\/hamburg.t-online.de\/s\/paper\/_next\/static\/media\/font-sizes.32942e33.svg\" alt=\"\" title=\"\" class=\"block h-[calc(var(--height)_\/_16_*_1rem)] w-[calc(var(--width)_\/_16_*_1rem)] max-w-none group-hover:hidden group-aria-expanded:hidden\" style=\"--width:16;--height:16\" decoding=\"async\"\/><img loading=\"lazy\" src=\"https:\/\/hamburg.t-online.de\/s\/paper\/_next\/static\/media\/font-sizes-dark-mode.e382645c.svg\" alt=\"\" title=\"\" class=\"block h-[calc(var(--height)_\/_16_*_1rem)] w-[calc(var(--width)_\/_16_*_1rem)] max-w-none hidden group-hover:block group-aria-expanded:block\" style=\"--width:16;--height:16\" decoding=\"async\"\/><img loading=\"lazy\" src=\"https:\/\/hamburg.t-online.de\/s\/paper\/_next\/static\/media\/sharing-menu-icon.1eb71368.svg\" alt=\"\" title=\"\" class=\"block h-[calc(var(--height)_\/_16_*_1rem)] w-[calc(var(--width)_\/_16_*_1rem)] max-w-none group-hover:brightness-0 group-hover:invert\" style=\"--width:16;--height:16\" decoding=\"async\"\/>Artikel teilen<\/p>\n<p class=\"font-bold text-18 leading-17 user-text-lg:text-22 user-text-xl:text-24\">Die &#8222;NDR Talk Show&#8220; empf\u00e4ngt am Freitag eine illustre Runde. Dabei sind Schlager-Legende Gitte H\u00e6nning, Moderator Christian Ehring und eine Autorin, deren Krimis im Taunus spielen.<\/p>\n<p class=\"text-18 leading-17 user-text-lg:text-22 user-text-xl:text-24\">Barbara Sch\u00f6neberger und Hubertus Meyer-Burckhardt begr\u00fc\u00dfen am Freitag, 4. September, eine neue G\u00e4sterunde in der &#8222;NDR Talk Show&#8220;. Die Sendung beginnt um 22 Uhr im NDR Fernsehen und dauert bis Mitternacht. Wiederholungen laufen in der Nacht zum Samstag ab 1.30 Uhr sowie am Montag, 7. September, ab 2.35 Uhr.<\/p>\n<p class=\"text-18 leading-17 user-text-lg:text-22 user-text-xl:text-24\">Sechs G\u00e4ste, sechs Geschichten. Da ist zum Beispiel ein Mann, der unter einem Pseudonym auftritt: &#8222;Herr Reff&#8220; ist Lehrer \u2013 und trotzdem folgen ihm mehr Menschen im Netz als manchem Popstar. Was ihn dorthin gebracht hat, ist keine PR-Strategie, sondern eine Lebensgeschichte, die Br\u00fcche kennt, die die meisten seiner Sch\u00fclerinnen und Sch\u00fcler aus eigener Erfahrung kennen, schreibt der NDR in seiner Ank\u00fcndigung. Sein Buch dreht sich um die Frage, was Menschen brauchen, um einander wirklich zuzuh\u00f6ren.<\/p>\n<p>&#8222;NDR Talk Show&#8220; am Freitagabend: Gitte H\u00e6nning ist zu Gast<\/p>\n<p class=\"text-18 leading-17 user-text-lg:text-22 user-text-xl:text-24\"><a href=\"https:\/\/berlin.t-online.de\/region\/berlin\/id_101270698\/berlin-schlagerstar-gitte-haenning-wird-80-und-gibt-konzerte-im-tipi.html\" class=\"transition-colors cursor-pointer no-underline md:hover:text-magenta md:focus:text-magenta border-b border-solid border-current text-salemsfur md:hover:border-magenta\" data-tracking=\"{&quot;action&quot;:&quot;click&quot;,&quot;category&quot;:&quot;intextLink&quot;,&quot;label&quot;:&quot;https:\/\/berlin.t-online.de\/region\/berlin\/id_101270698\/berlin-schlagerstar-gitte-haenning-wird-80-und-gibt-konzerte-im-tipi.html&quot;}\" data-sctrack=\"BodyAnchor\" rel=\"nofollow noopener\" target=\"_blank\">Gitte H\u00e6nning hat im Sommer einen runden Geburtstag gefeiert<\/a> \u2013 den 80. Die D\u00e4nin ist gerade auf Tournee. Ihre Karriere begann, als andere Kinder noch Fahrradfahren lernten, und f\u00fchrte sie durch Genres und Jahrzehnte, die kaum unterschiedlicher sein k\u00f6nnten.<\/p>\n<ul class=\"text-18 leading-17 block pl-24 *:pb-16 *:before:inline-block *:before:size-8 *:before:bg-magenta *:before:mt-0 *:before:mr-12 *:before:mb-2 *:before:-ml-[20px]\">\n<li><strong class=\"font-bold\">Wegen teurer OP:<\/strong> <a href=\"https:\/\/hamburg.t-online.de\/region\/hamburg\/id_101405434\/tierheim-buchholz-empoert-besitzer-wollten-chihuahua-einschlaefern-lassen.html\" class=\"transition-colors cursor-pointer no-underline md:hover:text-magenta md:focus:text-magenta border-b border-solid border-current text-salemsfur md:hover:border-magenta\" data-tracking=\"{&quot;action&quot;:&quot;click&quot;,&quot;category&quot;:&quot;intextLink&quot;,&quot;label&quot;:&quot;\/region\/hamburg\/id_101405434\/tierheim-buchholz-empoert-besitzer-wollten-chihuahua-einschlaefern-lassen.html&quot;}\" data-sctrack=\"BodyAnchor\" rel=\"nofollow noopener\" target=\"_blank\">Besitzer wollten Mausi einschl\u00e4fern lassen<\/a><\/li>\n<li><strong class=\"font-bold\">Hamburger TV-Auswanderer:<\/strong> <a href=\"https:\/\/hamburg.t-online.de\/region\/hamburg\/id_101412556\/hamburger-tv-star-konny-reimann-erlebt-boese-ueberraschung-in-neuer-heimat.html\" class=\"transition-colors cursor-pointer no-underline md:hover:text-magenta md:focus:text-magenta border-b border-solid border-current text-salemsfur md:hover:border-magenta\" data-tracking=\"{&quot;action&quot;:&quot;click&quot;,&quot;category&quot;:&quot;intextLink&quot;,&quot;label&quot;:&quot;\/region\/hamburg\/id_101412556\/hamburger-tv-star-konny-reimann-erlebt-boese-ueberraschung-in-neuer-heimat.html&quot;}\" data-sctrack=\"BodyAnchor\" rel=\"nofollow noopener\" target=\"_blank\">Betrug? B\u00f6se \u00dcberraschung f\u00fcr Konny Reimann<\/a><\/li>\n<\/ul>\n<p class=\"text-18 leading-17 user-text-lg:text-22 user-text-xl:text-24\">Christian Ehring ist seit 2011 das Gesicht von &#8222;extra 3&#8220; \u2013 einer Sendung, die \u00e4lter ist als viele ihrer Zuschauer. 1976 ging sie erstmals auf Sendung, in diesem Jahr wird das halbe Jahrhundert voll.<\/p>\n<p>Nele Neuhaus schreibt seit mehr als zwei Jahrzehnten Krimis<\/p>\n<p class=\"text-18 leading-17 user-text-lg:text-22 user-text-xl:text-24\">Mojib Latif besch\u00e4ftigt sich seit Jahrzehnten damit, was auf der Erde passiert \u2013 und sein neuestes Buch dreht sich um etwas, das die meisten f\u00fcr selbstverst\u00e4ndlich halten: dass Wasser aus dem Hahn kommt, wenn man ihn aufdreht. Der Kieler Forscher, der einer der renommiertesten Wissenschaftsakademien Deutschlands vorsteht, hat daran begr\u00fcndete Zweifel \u2013 und will in der Sendung erkl\u00e4ren, worauf diese Zweifel beruhen.<\/p>\n<p class=\"text-18 leading-17 user-text-lg:text-22 user-text-xl:text-24\">Nele Neuhaus schreibt seit mehr als zwei Jahrzehnten Kriminalromane, die im Taunus spielen \u2013 und verkauft sie in einer Gr\u00f6\u00dfenordnung, die im deutschen Literaturbetrieb ihresgleichen sucht: \u00fcber elf Millionen Exemplare, \u00fcbersetzt in mehr als 30 Sprachen. Ihr neuer Roman &#8222;Alles wird Asche&#8220; ist gerade erschienen.<\/p>\n","protected":false},"excerpt":{"rendered":"TV-Klassiker aus Hamburg &#8222;NDR Talk Show&#8220;: Diese Stars sind Freitagabend dabei Aktualisiert am 04.09.2026 &#8211; 05:46 UhrLesedauer: 2&hellip;\n","protected":false},"author":2,"featured_media":1280135,"comment_status":"","ping_status":"","sticky":false,"template":"","format":"standard","meta":{"footnotes":"","_share_on_mastodon":"0"},"categories":[1773],"tags":[722,3176,8265,100394,29,214,30,236702,692,109196,6204,438,144961,264182,970,471,1780,215],"class_list":["post-1280134","post","type-post","status-publish","format-standard","has-post-thumbnail","category-serien","tag-722","tag-3176","tag-barbara-schoeneberger","tag-christian-ehring","tag-deutschland","tag-entertainment","tag-germany","tag-gitte-haenning","tag-hamburg","tag-hubertus-meyer-burckhardt","tag-lehrkraefte","tag-ndr","tag-ndr-talk-show","tag-nele-neuhaus","tag-schlager","tag-serien","tag-series","tag-unterhaltung"],"share_on_mastodon":{"url":"","error":""},"_links":{"self":[{"href":"https:\/\/www.europesays.com\/de\/wp-json\/wp\/v2\/posts\/1280134","targetHints":{"allow":["GET"]}}],"collection":[{"href":"https:\/\/www.europesays.com\/de\/wp-json\/wp\/v2\/posts"}],"about":[{"href":"https:\/\/www.europesays.com\/de\/wp-json\/wp\/v2\/types\/post"}],"author":[{"embeddable":true,"href":"https:\/\/www.europesays.com\/de\/wp-json\/wp\/v2\/users\/2"}],"replies":[{"embeddable":true,"href":"https:\/\/www.europesays.com\/de\/wp-json\/wp\/v2\/comments?post=1280134"}],"version-history":[{"count":0,"href":"https:\/\/www.europesays.com\/de\/wp-json\/wp\/v2\/posts\/1280134\/revisions"}],"wp:featuredmedia":[{"embeddable":true,"href":"https:\/\/www.europesays.com\/de\/wp-json\/wp\/v2\/media\/1280135"}],"wp:attachment":[{"href":"https:\/\/www.europesays.com\/de\/wp-json\/wp\/v2\/media?parent=1280134"}],"wp:term":[{"taxonomy":"category","embeddable":true,"href":"https:\/\/www.europesays.com\/de\/wp-json\/wp\/v2\/categories?post=1280134"},{"taxonomy":"post_tag","embeddable":true,"href":"https:\/\/www.europesays.com\/de\/wp-json\/wp\/v2\/tags?post=1280134"}],"curies":[{"name":"wp","href":"https:\/\/api.w.org\/{rel}","templated":true}]}}