{"id":1280159,"date":"2026-09-04T12:35:19","date_gmt":"2026-09-04T12:35:19","guid":{"rendered":"https:\/\/www.europesays.com\/de\/1280159\/"},"modified":"2026-09-04T12:35:19","modified_gmt":"2026-09-04T12:35:19","slug":"sternfahrt-lockt-radler-zur-aktion-stadtradeln-nach-chemnitz","status":"publish","type":"post","link":"https:\/\/www.europesays.com\/de\/1280159\/","title":{"rendered":"Sternfahrt lockt Radler zur Aktion Stadtradeln nach Chemnitz"},"content":{"rendered":"<p class=\"text text--s\">\n\t\t\t\tFreie Presse bei Google bevorzugen\n\t\t\t<\/p>\n<p class=\"bold\">\n\t\t\t\t\t\t\t\t\t\tAuf elf Touren k\u00f6nnen Sportler am 13. September aus Stadt und Region zum Sattelfest am Jutta-M\u00fcller-Eissportzentrum fahren. Was sonst noch geplant ist.\t\t\t\t<\/p>\n<p>\t\t\t\t Die dritte Chemnitzer Sternfahrt ist H\u00f6hepunkt der 2026er Auflage der Aktion Stadtradeln. Am 13. September k\u00f6nnen Teilnehmer zwischen 8 bis 17 Uhr auf elf Routen aus Chemnitz und der Region bis zum Sattelfest am Jutta-M\u00fcller-Eissportzentrum fahren. Dort werden diesem Tag auch die Fahrer des European Peace Ride empfangen. Die Teilnahme ist&#8230;<\/p>\n<p>\t\t<img decoding=\"async\" loading=\"lazy\" class=\"fp-plus-logo\" src=\"https:\/\/www.freiepresse.de\/img\/fpplus.svg\" alt=\"Freie Presse plus Logo\"\/><\/p>\n<p>6 Wochen gratis lesen.<\/p>\n<p> Alle Artikel im Web und in der App frei<\/p>\n<p> Zugriff auf die digitale Zeitung<\/p>\n<p> T\u00e4glicher Newsletter f\u00fcr Ihre Region<\/p>\n<p>Sie haben bereits ein Digitalabo?<\/p>\n","protected":false},"excerpt":{"rendered":"Freie Presse bei Google bevorzugen Auf elf Touren k\u00f6nnen Sportler am 13. September aus Stadt und Region zum&hellip;\n","protected":false},"author":2,"featured_media":1280160,"comment_status":"","ping_status":"","sticky":false,"template":"","format":"standard","meta":{"footnotes":"","_share_on_mastodon":"0"},"categories":[1851],"tags":[2770,3364,29,548,663,3934,30,13,14,15,859,12,3866],"class_list":["post-1280159","post","type-post","status-publish","format-standard","has-post-thumbnail","category-chemnitz","tag-chemnitz","tag-de","tag-deutschland","tag-eu","tag-europa","tag-europe","tag-germany","tag-headlines","tag-nachrichten","tag-news","tag-sachsen","tag-schlagzeilen","tag-veranstaltungen"],"share_on_mastodon":{"url":"https:\/\/pubeurope.com\/@de\/117212803960025670","error":""},"_links":{"self":[{"href":"https:\/\/www.europesays.com\/de\/wp-json\/wp\/v2\/posts\/1280159","targetHints":{"allow":["GET"]}}],"collection":[{"href":"https:\/\/www.europesays.com\/de\/wp-json\/wp\/v2\/posts"}],"about":[{"href":"https:\/\/www.europesays.com\/de\/wp-json\/wp\/v2\/types\/post"}],"author":[{"embeddable":true,"href":"https:\/\/www.europesays.com\/de\/wp-json\/wp\/v2\/users\/2"}],"replies":[{"embeddable":true,"href":"https:\/\/www.europesays.com\/de\/wp-json\/wp\/v2\/comments?post=1280159"}],"version-history":[{"count":0,"href":"https:\/\/www.europesays.com\/de\/wp-json\/wp\/v2\/posts\/1280159\/revisions"}],"wp:featuredmedia":[{"embeddable":true,"href":"https:\/\/www.europesays.com\/de\/wp-json\/wp\/v2\/media\/1280160"}],"wp:attachment":[{"href":"https:\/\/www.europesays.com\/de\/wp-json\/wp\/v2\/media?parent=1280159"}],"wp:term":[{"taxonomy":"category","embeddable":true,"href":"https:\/\/www.europesays.com\/de\/wp-json\/wp\/v2\/categories?post=1280159"},{"taxonomy":"post_tag","embeddable":true,"href":"https:\/\/www.europesays.com\/de\/wp-json\/wp\/v2\/tags?post=1280159"}],"curies":[{"name":"wp","href":"https:\/\/api.w.org\/{rel}","templated":true}]}}