{"id":1280212,"date":"2026-09-04T13:11:22","date_gmt":"2026-09-04T13:11:22","guid":{"rendered":"https:\/\/www.europesays.com\/de\/1280212\/"},"modified":"2026-09-04T13:11:22","modified_gmt":"2026-09-04T13:11:22","slug":"bonn-polizei-fahndet-nach-fahrraddieb","status":"publish","type":"post","link":"https:\/\/www.europesays.com\/de\/1280212\/","title":{"rendered":"Bonn: Polizei fahndet nach Fahrraddieb"},"content":{"rendered":"<p>&#13;<br \/>\n            <b>Bonn. <\/b>Ein bislang unbekannter Mann steht im Verdacht, am 13. Juli 2026 gegen 18:30 Uhr ein hochwertiges Fahrrad vor einem Supermarkt auf der R\u00f6merstra\u00dfe in Bonn-Castell gestohlen zu haben. Das Kriminalkommissariat 15 der Bonner Polizei hat auf richterlichen Beschluss eine \u00f6ffentliche Fahndung nach dem mutma\u00dflichen Dieb eingeleitet. Die Polizei hat ein Foto ver\u00f6ffentlicht, das den Mann zeigt, der von einer \u00dcberwachungskamera des Supermarktes aufgenommen wurde. <\/p>\n<p>Der gesuchte Mann wird als m\u00e4nnlich und etwa 50 bis 55 Jahre alt beschrieben. Er ist ungef\u00e4hr 178 bis 183 Zentimeter gro\u00df und hat einen kurzen dunklen Bart. Zur Tatzeit trug er schwarze Badelatschen, eine orangefarbene kurze Shorts, ein graues Polohemd und einen schwarzen Rucksack. <\/p>\n<p>Personen, die Hinweise zur Identit\u00e4t oder zum Aufenthaltsort des Mannes geben k\u00f6nnen, werden gebeten, sich mit dem Kriminalkommissariat 15 in Verbindung zu setzen. Erreichbar sind die Ermittler unter der Telefonnummer 0228 15-0 oder per E-Mail an kk15.bonn@polizei.nrw.de. <\/p>\n<p>                <a href=\"https:\/\/www.blick-aktuell.de\/Nachrichten\/Raetsel-um-geborgenes-Autowrack-im-Rhein-Polizei-untersucht-menschliche-Knochen-674062.html?StoryId=674074\" rel=\"nofollow noopener\" target=\"_blank\">&#13;<br \/>\n                  <img decoding=\"async\" class=\"img-responsive WebStoryLink-Image\" src=\"https:\/\/www.europesays.com\/de\/wp-content\/uploads\/2026\/09\/Raetsel-um-geborgenes-Autowrack-im-Rhein-Polizei-untersucht-menschliche-Knochen-674062t.jpg\" alt=\"R\u00e4tsel um geborgenes Autowrack im Rhein: Polizei untersucht menschliche Knochen\"\/>&#13;<br \/>\n                <\/a><\/p>\n<p>                <a href=\"https:\/\/www.blick-aktuell.de\/Nachrichten\/0309-Blockadeaktionen-in-Koeln-und-Bonn-Polizei-geht-gegen-unangemeldete-Versammlungen-vor-673916.html?StoryId=674074\" rel=\"nofollow noopener\" target=\"_blank\">&#13;<br \/>\n                  <img decoding=\"async\" class=\"img-responsive WebStoryLink-Image\" src=\"https:\/\/www.europesays.com\/de\/wp-content\/uploads\/2026\/09\/0309-Blockadeaktionen-in-Koeln-und-Bonn-Polizei-geht-gegen-unangemeldete-Versammlungen-vor-673916t.j.jpeg\" alt=\"03.09.: Blockadeaktionen in K\u00f6ln und Bonn: Polizei geht gegen unangemeldete Versammlungen vor\"\/>&#13;<br \/>\n                <\/a><\/p>\n<p>                <a href=\"https:\/\/www.blick-aktuell.de\/Nachrichten\/3108-Bonn-Pedelecfahrerin-und-Kinder-bei-Dooring-Unfall-verletzt-673702.html?StoryId=674074\" rel=\"nofollow noopener\" target=\"_blank\">&#13;<br \/>\n                  <img decoding=\"async\" class=\"img-responsive WebStoryLink-Image\" src=\"https:\/\/www.europesays.com\/de\/wp-content\/uploads\/2026\/09\/3108-Bonn-Pedelecfahrerin-und-Kinder-bei-Dooring-Unfall-verletzt-673702t.jpg\" alt=\"31.08.: Bonn: Pedelecfahrerin und Kinder bei \u201eDooring-Unfall\u201c verletzt\"\/>&#13;<br \/>\n                <\/a><\/p>\n","protected":false},"excerpt":{"rendered":"&#13; Bonn. Ein bislang unbekannter Mann steht im Verdacht, am 13. Juli 2026 gegen 18:30 Uhr ein hochwertiges&hellip;\n","protected":false},"author":2,"featured_media":1280213,"comment_status":"","ping_status":"","sticky":false,"template":"","format":"standard","meta":{"footnotes":"","_share_on_mastodon":"0"},"categories":[1842],"tags":[1741,3364,29,1686,30,1209,121],"class_list":["post-1280212","post","type-post","status-publish","format-standard","has-post-thumbnail","category-bonn","tag-bonn","tag-de","tag-deutschland","tag-diebstahl","tag-germany","tag-nordrhein-westfalen","tag-polizei"],"share_on_mastodon":{"url":"https:\/\/pubeurope.com\/@de\/117212945991582553","error":""},"_links":{"self":[{"href":"https:\/\/www.europesays.com\/de\/wp-json\/wp\/v2\/posts\/1280212","targetHints":{"allow":["GET"]}}],"collection":[{"href":"https:\/\/www.europesays.com\/de\/wp-json\/wp\/v2\/posts"}],"about":[{"href":"https:\/\/www.europesays.com\/de\/wp-json\/wp\/v2\/types\/post"}],"author":[{"embeddable":true,"href":"https:\/\/www.europesays.com\/de\/wp-json\/wp\/v2\/users\/2"}],"replies":[{"embeddable":true,"href":"https:\/\/www.europesays.com\/de\/wp-json\/wp\/v2\/comments?post=1280212"}],"version-history":[{"count":0,"href":"https:\/\/www.europesays.com\/de\/wp-json\/wp\/v2\/posts\/1280212\/revisions"}],"wp:featuredmedia":[{"embeddable":true,"href":"https:\/\/www.europesays.com\/de\/wp-json\/wp\/v2\/media\/1280213"}],"wp:attachment":[{"href":"https:\/\/www.europesays.com\/de\/wp-json\/wp\/v2\/media?parent=1280212"}],"wp:term":[{"taxonomy":"category","embeddable":true,"href":"https:\/\/www.europesays.com\/de\/wp-json\/wp\/v2\/categories?post=1280212"},{"taxonomy":"post_tag","embeddable":true,"href":"https:\/\/www.europesays.com\/de\/wp-json\/wp\/v2\/tags?post=1280212"}],"curies":[{"name":"wp","href":"https:\/\/api.w.org\/{rel}","templated":true}]}}