{"id":1280221,"date":"2026-09-04T13:16:20","date_gmt":"2026-09-04T13:16:20","guid":{"rendered":"https:\/\/www.europesays.com\/de\/1280221\/"},"modified":"2026-09-04T13:16:20","modified_gmt":"2026-09-04T13:16:20","slug":"flughafen-muenchen-verliert-42-prozent-passagiere-nuernberg-legt-zu","status":"publish","type":"post","link":"https:\/\/www.europesays.com\/de\/1280221\/","title":{"rendered":"Flughafen M\u00fcnchen verliert 4,2 Prozent Passagiere \u2013 N\u00fcrnberg legt zu"},"content":{"rendered":"<p>Fluggastzahlen in Bayern <\/p>\n<p>Flughafen N\u00fcrnberg legt bei Passagieren zu, M\u00fcnchen verliert<\/p>\n<p>04.09.2026 &#8211; 15:04 UhrLesedauer: 1 Min.<\/p>\n<p><a href=\"#focus-0\" class=\"transition-colors block text-current relative\" data-sctrack=\"FocusGalleryImage.Reference\"><img fetchpriority=\"high\" data-testid=\"Opener.Image\"   loading=\"eager\" src=\"https:\/\/www.europesays.com\/de\/wp-content\/uploads\/2026\/09\/flughafen-nuernberg-30-032025-flugzeuge-der-fluggesellschaften-ryanair-marabu-und-lufthansa-stehen-a.jpeg\" alt=\"imago images 0808016473\" title=\"imago images 0808016473\" width=\"4000\" height=\"2250\" class=\"bg-[url:var(--lqipURL)] bg-cover bg-center flex h-full w-full max-w-full\" style=\"--lqipURL:url('https:\/\/images.t-online.de\/2026\/05\/9klADV-Dj4qN\/0x209:4000x2250\/fit-in\/150x0\/filters:blur(25)\/flughafen-nuernberg-30-032025-flugzeuge-der-fluggesellschaften-ryanair-marabu-und-lufthansa-stehen-auf-dem-vorfeld-des-albrecht-duerer-flughafens-in-nuernberg-im-hintergrund-ist-das-terminalgebaeude-mit-dem-flughafenschriftzug-zu-sehen-nuremberg-airport-30-03-2025-aircraft-of-the-airlines-ryanair-marabu-and-lufthansa-stand-on-the-apron-of-albrecht-duerer-airport-in-nuremberg-the-terminal-building-with-the-airport-lettering-can-be-seen-in-the-background-20250330-286a1035-m4000.jpg')\" decoding=\"async\"\/><img loading=\"lazy\" src=\"https:\/\/nuernberg.t-online.de\/s\/paper\/_next\/static\/media\/zoom-in.f7dae02f.svg\" alt=\"Vergr\u00f6\u00dfern des Bildes\" title=\"Vergr\u00f6\u00dfern des Bildes\" class=\"block h-[calc(var(--height)_\/_16_*_1rem)] w-[calc(var(--width)_\/_16_*_1rem)] max-w-none absolute right-8 bottom-8 rounded-4 bg-snow p-8\" style=\"--width:32;--height:32\" decoding=\"async\"\/><\/a><\/p>\n<p>Flugzeuge der Airlines Ryanair, Marabu und Lufthansa stehen auf dem Vorfeld des Albrecht-D\u00fcrer-Flughafens in N\u00fcrnberg (Archivbild): Die Passagierzahl ist im ersten Halbjahr gestiegen. (Quelle: IMAGO\/Ardan Fuessmann\/imago)<\/p>\n<p><img loading=\"lazy\" src=\"https:\/\/nuernberg.t-online.de\/s\/paper\/_next\/static\/media\/audio-volume.6689034c.svg\" alt=\"\" title=\"\" class=\"block h-[calc(var(--height)_\/_16_*_1rem)] w-[calc(var(--width)_\/_16_*_1rem)] max-w-none group-hover:brightness-0 group-hover:invert\" style=\"--width:16;--height:16\" decoding=\"async\"\/>Vorlesen<\/p>\n<p>Aktuelle Zeit:0:00Gesamtdauer:0:00<\/p>\n<p>1x<img loading=\"lazy\" src=\"https:\/\/nuernberg.t-online.de\/s\/paper\/_next\/static\/media\/font-sizes.32942e33.svg\" alt=\"\" title=\"\" class=\"block h-[calc(var(--height)_\/_16_*_1rem)] w-[calc(var(--width)_\/_16_*_1rem)] max-w-none group-hover:hidden group-aria-expanded:hidden\" style=\"--width:16;--height:16\" decoding=\"async\"\/><img loading=\"lazy\" src=\"https:\/\/nuernberg.t-online.de\/s\/paper\/_next\/static\/media\/font-sizes-dark-mode.e382645c.svg\" alt=\"\" title=\"\" class=\"block h-[calc(var(--height)_\/_16_*_1rem)] w-[calc(var(--width)_\/_16_*_1rem)] max-w-none hidden group-hover:block group-aria-expanded:block\" style=\"--width:16;--height:16\" decoding=\"async\"\/><img loading=\"lazy\" src=\"https:\/\/nuernberg.t-online.de\/s\/paper\/_next\/static\/media\/sharing-menu-icon.1eb71368.svg\" alt=\"\" title=\"\" class=\"block h-[calc(var(--height)_\/_16_*_1rem)] w-[calc(var(--width)_\/_16_*_1rem)] max-w-none group-hover:brightness-0 group-hover:invert\" style=\"--width:16;--height:16\" decoding=\"async\"\/>Artikel teilen<\/p>\n<p class=\"font-bold text-18 leading-17 user-text-lg:text-22 user-text-xl:text-24\">Die kleineren Airports melden R\u00fcckenwind: N\u00fcrnberg steigert die Passagierzahlen deutlich. M\u00fcnchen dagegen rutscht im ersten Halbjahr sp\u00fcrbar ab.<\/p>\n<p class=\"text-18 leading-17 user-text-lg:text-22 user-text-xl:text-24\">Der <a href=\"https:\/\/www.t-online.de\/themen\/flughafen-nuernberg\/\" class=\"transition-colors cursor-pointer no-underline md:hover:text-magenta md:focus:text-magenta border-b border-solid border-current text-salemsfur md:hover:border-magenta\" data-tracking=\"{&quot;action&quot;:&quot;click&quot;,&quot;category&quot;:&quot;intextLink&quot;,&quot;label&quot;:&quot;https:\/\/www.t-online.de\/themen\/flughafen-nuernberg\/&quot;}\" data-sctrack=\"BodyAnchor\" rel=\"nofollow noopener\" target=\"_blank\">Flughafen N\u00fcrnberg<\/a> hat im ersten Halbjahr 2026 zwei Millionen Flugg\u00e4ste gez\u00e4hlt. Das waren 6,3 Prozent mehr als im gleichen Zeitraum des Vorjahres, wie das Statistische Landesamt Bayern mitteilte. Damit entwickelte sich N\u00fcrnberg gegen den Trend an deutschen Flugh\u00e4fen.<\/p>\n<p class=\"text-18 leading-17 user-text-lg:text-22 user-text-xl:text-24\">Auch der Flughafen Memmingen legte zu. Dort stieg die Passagierzahl nach Angaben des Landesamts um 7,8 Prozent auf 1,8 Millionen. Insgesamt schnitten die kleineren bayerischen Airports damit besser ab als der Branchenschnitt.<\/p>\n<p>Flughafen M\u00fcnchen verliert 4,2 Prozent Passagiere<\/p>\n<p class=\"text-18 leading-17 user-text-lg:text-22 user-text-xl:text-24\">Am M\u00fcnchner Flughafen ging die Zahl der Passagiere im ersten Halbjahr 2026 dagegen um 4,2 Prozent auf 18,9 Millionen zur\u00fcck, teilte das Statistische Landesamt Bayern mit. Die Zahl der Starts und Landungen sank um 8,2 Prozent auf 144.234.<\/p>\n<ul class=\"text-18 leading-17 block pl-24 *:pb-16 *:before:inline-block *:before:size-8 *:before:bg-magenta *:before:mt-0 *:before:mr-12 *:before:mb-2 *:before:-ml-[20px]\">\n<li><strong class=\"font-bold\">3.350 Kilometer nonstop:<\/strong> <a href=\"https:\/\/nuernberg.t-online.de\/region\/nuernberg\/id_101379112\/nuernberg-3350-km-weit-das-ist-der-weiteste-direktflug.html\" class=\"transition-colors cursor-pointer no-underline md:hover:text-magenta md:focus:text-magenta border-b border-solid border-current text-salemsfur md:hover:border-magenta\" data-tracking=\"{&quot;action&quot;:&quot;click&quot;,&quot;category&quot;:&quot;intextLink&quot;,&quot;label&quot;:&quot;\/region\/nuernberg\/id_101379112\/nuernberg-3350-km-weit-das-ist-der-weiteste-direktflug.html&quot;}\" data-sctrack=\"BodyAnchor\" rel=\"nofollow noopener\" target=\"_blank\">Wo N\u00fcrnbergs weitester Flug endet<\/a><\/li>\n<\/ul>\n<p class=\"text-18 leading-17 user-text-lg:text-22 user-text-xl:text-24\">Nach Angaben des Branchenverbands ACI Europe verloren deutsche Flugh\u00e4fen zwar im Saldo, doch fielen die Einbu\u00dfen im Schnitt geringer aus als in M\u00fcnchen; Frankfurt verzeichnete im selben Zeitraum ein Minus von 0,8 Prozent. Warum M\u00fcnchen schlechter abschnitt als andere Standorte, kommentierte das Landesamt nicht.<\/p>\n<p class=\"text-18 leading-17 user-text-lg:text-22 user-text-xl:text-24\">Fluggesellschaften kritisieren seit L\u00e4ngerem hohe Standortkosten in Deutschland, darunter Luftverkehrssteuer, Flugsicherungsgeb\u00fchren und Sicherheitskosten an den Flugh\u00e4fen. Im ersten Halbjahr 2026 kamen gestiegene Kerosinpreise hinzu, die auch mit dem Irankrieg in Verbindung gebracht werden. Einen kausalen Zusammenhang mit den M\u00fcnchner Zahlen stellte das Landesamt nicht her.<\/p>\n","protected":false},"excerpt":{"rendered":"Fluggastzahlen in Bayern Flughafen N\u00fcrnberg legt bei Passagieren zu, M\u00fcnchen verliert 04.09.2026 &#8211; 15:04 UhrLesedauer: 1 Min. Flugzeuge&hellip;\n","protected":false},"author":2,"featured_media":1280222,"comment_status":"","ping_status":"","sticky":false,"template":"","format":"standard","meta":{"footnotes":"","_share_on_mastodon":"0"},"categories":[1837],"tags":[722,17161,3091,772,3364,29,221044,264186,57503,6483,30,2108,3783,21754,1162],"class_list":["post-1280221","post","type-post","status-publish","format-standard","has-post-thumbnail","category-nuernberg","tag-722","tag-17161","tag-airline","tag-bayern","tag-de","tag-deutschland","tag-flugbranche","tag-fluggastzahl","tag-flughafen-memmingen","tag-flughafen-nuernberg","tag-germany","tag-lufthansa","tag-nuernberg","tag-passagierzahl","tag-ryanair"],"share_on_mastodon":{"url":"https:\/\/pubeurope.com\/@de\/117212964353459054","error":""},"_links":{"self":[{"href":"https:\/\/www.europesays.com\/de\/wp-json\/wp\/v2\/posts\/1280221","targetHints":{"allow":["GET"]}}],"collection":[{"href":"https:\/\/www.europesays.com\/de\/wp-json\/wp\/v2\/posts"}],"about":[{"href":"https:\/\/www.europesays.com\/de\/wp-json\/wp\/v2\/types\/post"}],"author":[{"embeddable":true,"href":"https:\/\/www.europesays.com\/de\/wp-json\/wp\/v2\/users\/2"}],"replies":[{"embeddable":true,"href":"https:\/\/www.europesays.com\/de\/wp-json\/wp\/v2\/comments?post=1280221"}],"version-history":[{"count":0,"href":"https:\/\/www.europesays.com\/de\/wp-json\/wp\/v2\/posts\/1280221\/revisions"}],"wp:featuredmedia":[{"embeddable":true,"href":"https:\/\/www.europesays.com\/de\/wp-json\/wp\/v2\/media\/1280222"}],"wp:attachment":[{"href":"https:\/\/www.europesays.com\/de\/wp-json\/wp\/v2\/media?parent=1280221"}],"wp:term":[{"taxonomy":"category","embeddable":true,"href":"https:\/\/www.europesays.com\/de\/wp-json\/wp\/v2\/categories?post=1280221"},{"taxonomy":"post_tag","embeddable":true,"href":"https:\/\/www.europesays.com\/de\/wp-json\/wp\/v2\/tags?post=1280221"}],"curies":[{"name":"wp","href":"https:\/\/api.w.org\/{rel}","templated":true}]}}