{"id":1280225,"date":"2026-09-04T13:19:37","date_gmt":"2026-09-04T13:19:37","guid":{"rendered":"https:\/\/www.europesays.com\/de\/1280225\/"},"modified":"2026-09-04T13:19:37","modified_gmt":"2026-09-04T13:19:37","slug":"hauptbahnhof-hannover-gefesselter-randalierer-aus-ice-gefuehrt-2","status":"publish","type":"post","link":"https:\/\/www.europesays.com\/de\/1280225\/","title":{"rendered":"Hauptbahnhof Hannover: Gefesselter Randalierer aus ICE gef\u00fchrt"},"content":{"rendered":"<p>        <img decoding=\"async\" src=\"https:\/\/www.europesays.com\/de\/wp-content\/uploads\/2026\/09\/bundespolizei660.webp\" alt=\"Zwei Einsatzkr\u00e4fte der Bundespolizei laufen einen Bahnsteig am Hauptbahnhof in Hannover hinunter.\" title=\"Zwei Einsatzkr\u00e4fte der Bundespolizei laufen einen Bahnsteig am Hauptbahnhof in Hannover hinunter. | NDR, Julius Matuschik\" class=\"responsive\"\/><\/p>\n<p>\n                Stand: 04.09.2026 10:56 Uhr<\/p>\n<p class=\"preface\">Die Bundespolizei hat am Hauptbahnhof Hannover einen Mann gefesselt aus einem ICE gef\u00fchrt. Der 64-J\u00e4hrige hatte zuvor das Zugpersonal bedroht. Er hatte auch ein K\u00fcchenmesser dabei.<\/p>\n<p class=\"\">Dieses fiel zu Boden, als sich der Mann bei der Festnahme im Zug wehrte, teilte die Bundespolizei am Donnerstag mit. Der Vorfall ereignete sich demnach bereits am Dienstagmorgen in einem ICE auf der Fahrt von Berlin nach Hannover. Das Messer mit einer Klingenl\u00e4nge von etwa zehn Zentimetern hatte der 64-J\u00e4hrige zwischen seinem Rucksack und dem Sitz versteckt, hei\u00dft es. Als die Beamten den Mann aus dem Zug f\u00fchren wollten, habe er hektisch in Richtung seines Rucksacks gegriffen, so die Bundespolizei. Der 64-J\u00e4hrige wurde letztendlich gefesselt aus dem Zug gebracht, das Messer wurde sichergestellt.<\/p>\n<p>    Mehrere Ermittlungsverfahren wurden eingeleitet<\/p>\n<p class=\"\">Das Zugpersonal hatte die Bundespolizei in Hannover gegen sechs Uhr informiert, weil der Mann ohne Fahrschein unterwegs war und sich weigerte, seine Personalien anzugeben. Auf der Polizeiwache am hannoverschen Hauptbahnhof wurden diese dann aufgenommen. Als der Mann sich beruhigt hatte, durfte er die Wache laut Bundespolizei wieder verlassen. Gegen den 64-J\u00e4hrigen wurde ein Verfahren wegen des Erschleichens von Leistungen, Bedrohung des Zugpersonals und Hausfriedensbruchs eingeleitet. Au\u00dferdem ermitteln die Beamten wegen t\u00e4tlichen Angriffs und Widerstands gegen Vollstreckungsbeamte, Beleidigung, K\u00f6rperverletzung und Versto\u00df gegen das Waffengesetz. Warum der Mann im \u00f6ffentlichen Nahverkehr ein Messer bei sich hatte, solle ebenfalls ermittelt werden, hie\u00df es.<\/p>\n<p>        <img decoding=\"async\" src=\"https:\/\/www.europesays.com\/de\/wp-content\/uploads\/2026\/09\/screenshot-44444.webp\" alt=\"Eine Bodycam an einer Zugbegleiterin.\" title=\"Eine Bodycam an einer Zugbegleiterin. | Screenshot\" class=\"responsive\" loading=\"lazy\"\/><\/p>\n<p>Die Kameras sollen zum Schutz des Personals beitragen und verhindern, dass die Fahrscheinkontrolle eskaliert.<\/p>\n<p>        <img decoding=\"async\" src=\"https:\/\/www.europesays.com\/de\/wp-content\/uploads\/2026\/09\/buxtehude742.webp\" alt=\"Vorbeifahrender Regionalzug in Hedendorf\" title=\"Vorbeifahrender Regionalzug in Hedendorf | NDR, Dominik Semrau\" class=\"responsive\" loading=\"lazy\"\/><\/p>\n<p>Auch 2025 bleiben die Angriffe laut Bahn auf einem hohen Niveau. Eine freiwillige Ma\u00dfnahme soll die Angriffe eind\u00e4mmen.<\/p>\n<p>        <img decoding=\"async\" src=\"https:\/\/www.europesays.com\/de\/wp-content\/uploads\/2026\/09\/bodycam-142.webp\" alt=\"Die Sicherheitsfirma der Uestra in Hannover mit einer Bodycam\" title=\"Die Sicherheitsfirma der Uestra in Hannover mit einer Bodycam | picture alliance\/dpa | Julian Stratenschulte\" class=\"responsive\" loading=\"lazy\"\/><\/p>\n<p>Mitarbeiter des Sicherheitsdienstleisters Protec sollen mit den Kameras bei Bedarf Situationen per Video aufzeichnen. <\/p>\n<p>        Schlagw\u00f6rter zu diesem Artikel<\/p>\n<p>            <a href=\"https:\/\/www.ndr.de\/nachrichten\/niedersachsen\/hannover_weser-leinegebiet\/Hannover-Aktuelle-News-und-Nachrichten,hannover18518.html\" rel=\"nofollow noopener\" target=\"_blank\">Hannover<\/a><\/p>\n","protected":false},"excerpt":{"rendered":"Stand: 04.09.2026 10:56 Uhr Die Bundespolizei hat am Hauptbahnhof Hannover einen Mann gefesselt aus einem ICE gef\u00fchrt. Der&hellip;\n","protected":false},"author":2,"featured_media":1277853,"comment_status":"","ping_status":"","sticky":false,"template":"","format":"standard","meta":{"footnotes":"","_share_on_mastodon":"0"},"categories":[1836],"tags":[590,296,421,3364,29,980,30,46,2229,46752,1981,14,15,1411,121],"class_list":["post-1280225","post","type-post","status-publish","format-standard","has-post-thumbnail","category-hannover","tag-aktuell","tag-berlin","tag-bundespolizei","tag-de","tag-deutschland","tag-festnahme","tag-germany","tag-hannover","tag-ice","tag-kuechenmesser","tag-messer","tag-nachrichten","tag-news","tag-niedersachsen","tag-polizei"],"share_on_mastodon":{"url":"https:\/\/pubeurope.com\/@de\/117212978837725654","error":""},"_links":{"self":[{"href":"https:\/\/www.europesays.com\/de\/wp-json\/wp\/v2\/posts\/1280225","targetHints":{"allow":["GET"]}}],"collection":[{"href":"https:\/\/www.europesays.com\/de\/wp-json\/wp\/v2\/posts"}],"about":[{"href":"https:\/\/www.europesays.com\/de\/wp-json\/wp\/v2\/types\/post"}],"author":[{"embeddable":true,"href":"https:\/\/www.europesays.com\/de\/wp-json\/wp\/v2\/users\/2"}],"replies":[{"embeddable":true,"href":"https:\/\/www.europesays.com\/de\/wp-json\/wp\/v2\/comments?post=1280225"}],"version-history":[{"count":0,"href":"https:\/\/www.europesays.com\/de\/wp-json\/wp\/v2\/posts\/1280225\/revisions"}],"wp:featuredmedia":[{"embeddable":true,"href":"https:\/\/www.europesays.com\/de\/wp-json\/wp\/v2\/media\/1277853"}],"wp:attachment":[{"href":"https:\/\/www.europesays.com\/de\/wp-json\/wp\/v2\/media?parent=1280225"}],"wp:term":[{"taxonomy":"category","embeddable":true,"href":"https:\/\/www.europesays.com\/de\/wp-json\/wp\/v2\/categories?post=1280225"},{"taxonomy":"post_tag","embeddable":true,"href":"https:\/\/www.europesays.com\/de\/wp-json\/wp\/v2\/tags?post=1280225"}],"curies":[{"name":"wp","href":"https:\/\/api.w.org\/{rel}","templated":true}]}}