{"id":1280226,"date":"2026-09-04T13:21:24","date_gmt":"2026-09-04T13:21:24","guid":{"rendered":"https:\/\/www.europesays.com\/de\/1280226\/"},"modified":"2026-09-04T13:21:24","modified_gmt":"2026-09-04T13:21:24","slug":"nachteule-im-zentralwerk-tischtennis-von-mittag-bis-in-die-nacht","status":"publish","type":"post","link":"https:\/\/www.europesays.com\/de\/1280226\/","title":{"rendered":"Nachteule im Zentralwerk: Tischtennis von Mittag bis in die Nacht"},"content":{"rendered":"\n<p>Der Verein Shakehands Dresden l\u00e4dt am Sonnabend, dem 5. September 2026, zur dritten Ausgabe der \u201eNachteule\u201c ins Zentralwerk Dresden ein. Bereits ab 13 Uhr \u00f6ffnet der Hof f\u00fcr freies Tischtennisspiel. Das Turnier beginnt um 17 Uhr. In der Nacht folgt Musik von Brudi Cartell &amp; chapter39 und Jakob Krakel. <img fetchpriority=\"high\" decoding=\"async\" src=\"https:\/\/www.europesays.com\/de\/wp-content\/uploads\/2025\/08\/2025-04-10-Zentralwerk.jpg\" alt=\"Im Hof des Zentralwerks an der Riesaer Stra\u00dfe wird am Sonnabend Tischtennis gespiel - Foto: Archiv, Zentralwerk\" width=\"2000\" height=\"1125\" class=\"size-full wp-image-58419\"  \/>Im Hof des Zentralwerks an der Riesaer Stra\u00dfe wird am Sonnabend Tischtennis gespiel \u2013 Foto: Archiv, Zentralwerk <\/p>\n<p>Von 13 bis 20 Uhr steht der Hof f\u00fcr freies Spiel zur Verf\u00fcgung. Die Anmeldung f\u00fcr das Turnier beginnt um 16 Uhr. Eine Stunde sp\u00e4ter startet der Wettbewerb. Ab 20 Uhr ist freies Spiel in der Galerie und auf dem Hallenbalkon m\u00f6glich. <\/p>\n<p>Um 21 Uhr beginnt die K.-o.-Phase des Turniers. Die Siegerehrung ist ab 23 Uhr geplant.<\/p>\n<p><a class=\"gofollow\" data-track=\"MzMsMSw2MA==\" href=\"https:\/\/kulturkirche.laurentius-dresden.de\/veranstaltungsdetails\/zauberkunst-und-livemusik-am-freitag-dem-11-september-in-der-kulturkirche-weinberg\" target=\"_blank\" rel=\"noopener nofollow\"><img loading=\"lazy\" decoding=\"async\" src=\"https:\/\/www.europesays.com\/de\/wp-content\/uploads\/2026\/09\/2026-09-01-Anzeige-Kulturkirch-Anatrella-Reuschel.jpg\" alt=\"Anatrella &amp; Reuschel am 11. September in der KulturKirche Weinberg\" width=\"300\" height=\"250\"\/><\/a><br \/> Tischtennis f\u00fcr Anf\u00e4nger und Fortgeschrittene <\/p>\n<p>Shakehands Dresden veranstaltet die \u201eNachteule\u201c bereits zum dritten Mal. Das Tischtennisangebot richtet sich sowohl an Anf\u00e4nger als auch an fortgeschrittene Vereinsspieler. Neben dem Turnier ist auch freies Spiel m\u00f6glich. Zuschauer k\u00f6nnen ebenfalls dabei sein. Der Verein sieht im Tischtennissport eine M\u00f6glichkeit, unterschiedliche Menschen zusammenzubringen. Dabei spielen Kraft, Ausdauer und Feinmotorik eine Rolle. <\/p>\n<p>Musik bis 4 Uhr <\/p>\n<p>Nach der Siegerehrung geht die Veranstaltung mit Musik weiter. Brudi Cartell &amp; chapter39 sowie Jakob Krakel spielen bis 4 Uhr. <\/p>\n<p>Die Nachteule 2026 findet am 5. September im Zentralwerk Dresden statt. Beginn ist um 13 Uhr. <\/p>\n","protected":false},"excerpt":{"rendered":"Der Verein Shakehands Dresden l\u00e4dt am Sonnabend, dem 5. September 2026, zur dritten Ausgabe der \u201eNachteule\u201c ins Zentralwerk&hellip;\n","protected":false},"author":2,"featured_media":1280227,"comment_status":"","ping_status":"","sticky":false,"template":"","format":"standard","meta":{"footnotes":"","_share_on_mastodon":"0"},"categories":[1835],"tags":[3364,29,2386,30,140197,37752,859,115550],"class_list":["post-1280226","post","type-post","status-publish","format-standard","has-post-thumbnail","category-dresden","tag-de","tag-deutschland","tag-dresden","tag-germany","tag-nachteule","tag-pieschen","tag-sachsen","tag-zentralwerk"],"share_on_mastodon":{"url":"","error":""},"_links":{"self":[{"href":"https:\/\/www.europesays.com\/de\/wp-json\/wp\/v2\/posts\/1280226","targetHints":{"allow":["GET"]}}],"collection":[{"href":"https:\/\/www.europesays.com\/de\/wp-json\/wp\/v2\/posts"}],"about":[{"href":"https:\/\/www.europesays.com\/de\/wp-json\/wp\/v2\/types\/post"}],"author":[{"embeddable":true,"href":"https:\/\/www.europesays.com\/de\/wp-json\/wp\/v2\/users\/2"}],"replies":[{"embeddable":true,"href":"https:\/\/www.europesays.com\/de\/wp-json\/wp\/v2\/comments?post=1280226"}],"version-history":[{"count":0,"href":"https:\/\/www.europesays.com\/de\/wp-json\/wp\/v2\/posts\/1280226\/revisions"}],"wp:featuredmedia":[{"embeddable":true,"href":"https:\/\/www.europesays.com\/de\/wp-json\/wp\/v2\/media\/1280227"}],"wp:attachment":[{"href":"https:\/\/www.europesays.com\/de\/wp-json\/wp\/v2\/media?parent=1280226"}],"wp:term":[{"taxonomy":"category","embeddable":true,"href":"https:\/\/www.europesays.com\/de\/wp-json\/wp\/v2\/categories?post=1280226"},{"taxonomy":"post_tag","embeddable":true,"href":"https:\/\/www.europesays.com\/de\/wp-json\/wp\/v2\/tags?post=1280226"}],"curies":[{"name":"wp","href":"https:\/\/api.w.org\/{rel}","templated":true}]}}