{"id":1280239,"date":"2026-09-04T13:29:13","date_gmt":"2026-09-04T13:29:13","guid":{"rendered":"https:\/\/www.europesays.com\/de\/1280239\/"},"modified":"2026-09-04T13:29:13","modified_gmt":"2026-09-04T13:29:13","slug":"pol-do-uefa-champions-league-spiel-zwischen-borussia-dortmund-und-dem-fc-villareal","status":"publish","type":"post","link":"https:\/\/www.europesays.com\/de\/1280239\/","title":{"rendered":"POL-DO: UEFA Champions-League Spiel zwischen Borussia Dortmund und dem FC Villareal: &#8230;"},"content":{"rendered":"<p class=\"date\">04.09.2026 \u2013 15:25<\/p>\n<p class=\"customer\">\n                        <a class=\"story-customer\" title=\"weiter zum newsroom von Polizei Dortmund\" href=\"https:\/\/www.presseportal.de\/blaulicht\/nr\/4971\" rel=\"nofollow noopener\" target=\"_blank\">Polizei Dortmund<\/a>\n                    <\/p>\n<p class=\"story-download-headline\">2 Dokumente<\/p>\n<ul class=\"story-download-list\">\n<li class=\"story-download-list-item\"><a href=\"https:\/\/www.presseportal.de\/download\/document\/6a9ac6d7270000fd2cc98a2f-260901-fanbrief-villarreal-deutsch-ges.pdf\" rel=\"nofollow noopener\" target=\"_blank\">260901_Fanbrief_Villarreal_deutsch_ges.pdf<br \/>PDF &#8211; 213 kB<\/a><\/li>\n<li class=\"story-download-list-item\"><a href=\"https:\/\/www.presseportal.de\/download\/document\/6a9ac6d7270000fd2cc98a34-260901-fanbrief-villarreal-spanisch-ges.pdf\" rel=\"nofollow noopener\" target=\"_blank\">260901_Fanbrief_Villarreal_spanisch_ges.pdf<br \/>PDF &#8211; 243 kB<\/a><\/li>\n<\/ul>\n<p><a data-category=\"citylink-story-view\" data-action=\"click\" data-label=\"Citylink in Meldungsansicht\" class=\"story-city event-trigger\" href=\"https:\/\/www.presseportal.de\/regional\/Dortmund\" title=\"News aus Dortmund \" rel=\"nofollow noopener\" target=\"_blank\">Dortmund<\/a> (ots)<\/p>\n<p>Lfd. Nr.: 0739<\/p>\n<p>Am kommenden Dienstag (08.09.) empf\u00e4ngt Borussia Dortmund zum Auftakt der Champions League 2026\/27 dem FC Villareal aus Spanien. Ansto\u00df im Signal Iduna Park ist um 21 Uhr.<\/p>\n<p>In ihrem Fanbrief gibt die Polizei den Heim- und G\u00e4stefans noch einmal die wichtigsten Hinweise in spanischer und deutscher Sprache.<\/p>\n<p>Erfahrungsgem\u00e4\u00df wird es am Spieltag zu Verkehrsst\u00f6rungen rund um das Stadion sowie zum Teil auch in der Innenstadt und auf den Anfahrtswegen nach Dortmund kommen. Die Polizei Dortmund appelliert daher an alle Besucherinnen und Besucher des Fu\u00dfballspiels fr\u00fchzeitig anzureisen und dabei soweit m\u00f6glich \u00f6ffentliche Verkehrsmittel zu nutzen.<\/p>\n<p>Aufgrund der hohen gesundheitlichen Gefahren f\u00fcr unbeteiligte Personen weist die Polizei Dortmund nochmal ausdr\u00fccklich auf das Verbot von pyrotechnischen Gegenst\u00e4nden im Stadion und im \u00f6ffentlichen Raum hin. Zuwiderhandlungen werden rechtlich verfolgt und k\u00f6nnen zu einem Betretungsverbot f\u00fcr das Stadion f\u00fchren.<\/p>\n<p class=\"contact-headline\">Journalisten wenden sich mit R\u00fcckfragen bitte an:<\/p>\n<p class=\"contact-text\">Polizei Dortmund<br \/>Tobias Nico Boccarius<br \/>Telefon: 0231\/132-1024<br \/>E-Mail: <a href=\"https:\/\/www.presseportal.de\/blaulicht\/pm\/4971\/mailto:poea.dortmund@polizei.nrw.de\" class=\"uri-mailto\" rel=\"nofollow noopener\" target=\"_blank\">poea.dortmund@polizei.nrw.de<\/a><br \/><a target=\"_blank\" class=\"uri-ext outbound\" rel=\"noopener nofollow\" href=\"https:\/\/dortmund.polizei.nrw\/\">https:\/\/dortmund.polizei.nrw\/<\/a><\/p>\n<p class=\"originator\">Original-Content von: Polizei Dortmund, \u00fcbermittelt durch news aktuell<\/p>\n","protected":false},"excerpt":{"rendered":"04.09.2026 \u2013 15:25 Polizei Dortmund 2 Dokumente 260901_Fanbrief_Villarreal_deutsch_ges.pdfPDF &#8211; 213 kB 260901_Fanbrief_Villarreal_spanisch_ges.pdfPDF &#8211; 243 kB Dortmund (ots) Lfd.&hellip;\n","protected":false},"author":2,"featured_media":1266941,"comment_status":"","ping_status":"","sticky":false,"template":"","format":"standard","meta":{"footnotes":"","_share_on_mastodon":"0"},"categories":[1833],"tags":[3364,29,217,30,177,1209,176,121,178,180,179,181],"class_list":["post-1280239","post","type-post","status-publish","format-standard","has-post-thumbnail","category-dortmund","tag-de","tag-deutschland","tag-dortmund","tag-germany","tag-kriminalitt","tag-nordrhein-westfalen","tag-nrw","tag-polizei","tag-presse","tag-pressemeldung","tag-pressemitteilung","tag-pressemitteilungen"],"share_on_mastodon":{"url":"https:\/\/pubeurope.com\/@de\/117213014516624851","error":""},"_links":{"self":[{"href":"https:\/\/www.europesays.com\/de\/wp-json\/wp\/v2\/posts\/1280239","targetHints":{"allow":["GET"]}}],"collection":[{"href":"https:\/\/www.europesays.com\/de\/wp-json\/wp\/v2\/posts"}],"about":[{"href":"https:\/\/www.europesays.com\/de\/wp-json\/wp\/v2\/types\/post"}],"author":[{"embeddable":true,"href":"https:\/\/www.europesays.com\/de\/wp-json\/wp\/v2\/users\/2"}],"replies":[{"embeddable":true,"href":"https:\/\/www.europesays.com\/de\/wp-json\/wp\/v2\/comments?post=1280239"}],"version-history":[{"count":0,"href":"https:\/\/www.europesays.com\/de\/wp-json\/wp\/v2\/posts\/1280239\/revisions"}],"wp:featuredmedia":[{"embeddable":true,"href":"https:\/\/www.europesays.com\/de\/wp-json\/wp\/v2\/media\/1266941"}],"wp:attachment":[{"href":"https:\/\/www.europesays.com\/de\/wp-json\/wp\/v2\/media?parent=1280239"}],"wp:term":[{"taxonomy":"category","embeddable":true,"href":"https:\/\/www.europesays.com\/de\/wp-json\/wp\/v2\/categories?post=1280239"},{"taxonomy":"post_tag","embeddable":true,"href":"https:\/\/www.europesays.com\/de\/wp-json\/wp\/v2\/tags?post=1280239"}],"curies":[{"name":"wp","href":"https:\/\/api.w.org\/{rel}","templated":true}]}}