{"id":1280242,"date":"2026-09-04T13:31:34","date_gmt":"2026-09-04T13:31:34","guid":{"rendered":"https:\/\/www.europesays.com\/de\/1280242\/"},"modified":"2026-09-04T13:31:34","modified_gmt":"2026-09-04T13:31:34","slug":"aufstellung-von-rb-leipzig-bei-werder-bremen-wie-baut-demichelis-die-startelf-um","status":"publish","type":"post","link":"https:\/\/www.europesays.com\/de\/1280242\/","title":{"rendered":"Aufstellung von RB Leipzig bei Werder Bremen: Wie baut Demichelis die Startelf um?"},"content":{"rendered":"<p class=\"fp-paragraph\"><strong>Leipzig\/ukr<\/strong> \u2013 RB Leipzig muss beim Spiel bei Werder Bremen (15.30 Uhr\/Sky) wom\u00f6glich auf zwei Leistungstr\u00e4ger des Saisonstarts gegen Borussia M\u00f6nchengladbach verzichten. <a href=\"https:\/\/rblive.de\/news\/rb-zugang-rocco-reitz-fehlt-fuer-mehrere-wochen-4313091\" rel=\"nofollow noopener\" target=\"_blank\">Rocco Reitz fehlt definitiv verletzt, Brajan Gruda ist h\u00f6chst fraglich<\/a>.<\/p>\n<p class=\"fp-paragraph\"><strong>Lesen Sie hier: <a href=\"https:\/\/rblive.de\/news\/gebt-uns-die-chance-werder-coach-thioune-kaempft-vor-rb-duell-schon-um-vertrauen-4313396\" rel=\"nofollow noopener\" target=\"_blank\">\u201eGebt uns die Chance\u201d \u2013 Werder gegen RB schon unter Druck<\/a><\/strong><\/p>\n<p class=\"fp-paragraph\">Also muss Trainer Martin Demichelis umbauen und seine Zehnerposition neu besetzen. So k\u00f6nnten Johan Bakayoko oder Tidiam Gomis auf dem rechten Fl\u00fcgel beginnen, w\u00e4hrend Talent Andrija Maksimovic die Zehner-Position bekleiden k\u00f6nnte. Auch der Einsatz von Zugang Neil El Aynaoui ist m\u00f6glich; doch der Marokkaner kam erst am Dienstag bei RB an und muss sich wohl erst etwas akklimatisieren.\u00a0<\/p>\n<p>Nkunku oder Gomis im Sturm<\/p>\n<p class=\"fp-paragraph\">Im Sturm d\u00fcrfte Christopher Nkunku beginnen, wenn er fit ist. Sonst w\u00fcrde Gomis die Rolle wieder einnehmen, da Romulo weiter nicht einsatzf\u00e4hig ist.<\/p>\n<p class=\"fp-paragraph\">Weitere Ver\u00e4nderungen sind nicht zu erwarten.<\/p>\n<p>RB Leipzig gegen Werder Bremen: <br \/>Die m\u00f6gliche Aufstellung<\/p>\n<p class=\"fp-paragraph\"><strong>RB Leipzig:<\/strong>\u00a0Vandevoordt \u2013 Baku, Orban, Lukeba, Raum \u2013 Seiwald, Banzuzi, Maksimovic (Gruda) \u2013 Bakayoko (Gomis), Nkunku, Nusa.<\/p>\n<p class=\"fp-paragraph\">Definitiv fehlen:\u00a0Rocco Reitz (Muskelfaserriss im Oberschenkel), Romulo (Sehnenreizung im Knie), Christoph Baumgartner (Sehnenriss).<\/p>\n<p class=\"fp-paragraph\">Fraglich:\u00a0Brajan Gruda (Sprunggelenksprobleme und Rippenprellung)<\/p>\n<p class=\"fp-paragraph\">Zur\u00fcck\/neu im Kader:\u00a0Assan Ou\u00e9draogo, \u00d8rjan Nyland, Neil El Ayanoui, Marc Guiu.<\/p>\n<p><img loading=\"lazy\" decoding=\"async\" src=\"https:\/\/www.europesays.com\/de\/wp-content\/uploads\/2026\/09\/1a291becbd06492fb67af6ad5d732b86.gif\" width=\"1\" height=\"1\" alt=\"\"\/><\/p>\n","protected":false},"excerpt":{"rendered":"Leipzig\/ukr \u2013 RB Leipzig muss beim Spiel bei Werder Bremen (15.30 Uhr\/Sky) wom\u00f6glich auf zwei Leistungstr\u00e4ger des Saisonstarts&hellip;\n","protected":false},"author":2,"featured_media":1280243,"comment_status":"","ping_status":"","sticky":false,"template":"","format":"standard","meta":{"footnotes":"","_share_on_mastodon":"0"},"categories":[1832],"tags":[3364,29,30,71,859],"class_list":["post-1280242","post","type-post","status-publish","format-standard","has-post-thumbnail","category-leipzig","tag-de","tag-deutschland","tag-germany","tag-leipzig","tag-sachsen"],"share_on_mastodon":{"url":"https:\/\/pubeurope.com\/@de\/117213024391842151","error":""},"_links":{"self":[{"href":"https:\/\/www.europesays.com\/de\/wp-json\/wp\/v2\/posts\/1280242","targetHints":{"allow":["GET"]}}],"collection":[{"href":"https:\/\/www.europesays.com\/de\/wp-json\/wp\/v2\/posts"}],"about":[{"href":"https:\/\/www.europesays.com\/de\/wp-json\/wp\/v2\/types\/post"}],"author":[{"embeddable":true,"href":"https:\/\/www.europesays.com\/de\/wp-json\/wp\/v2\/users\/2"}],"replies":[{"embeddable":true,"href":"https:\/\/www.europesays.com\/de\/wp-json\/wp\/v2\/comments?post=1280242"}],"version-history":[{"count":0,"href":"https:\/\/www.europesays.com\/de\/wp-json\/wp\/v2\/posts\/1280242\/revisions"}],"wp:featuredmedia":[{"embeddable":true,"href":"https:\/\/www.europesays.com\/de\/wp-json\/wp\/v2\/media\/1280243"}],"wp:attachment":[{"href":"https:\/\/www.europesays.com\/de\/wp-json\/wp\/v2\/media?parent=1280242"}],"wp:term":[{"taxonomy":"category","embeddable":true,"href":"https:\/\/www.europesays.com\/de\/wp-json\/wp\/v2\/categories?post=1280242"},{"taxonomy":"post_tag","embeddable":true,"href":"https:\/\/www.europesays.com\/de\/wp-json\/wp\/v2\/tags?post=1280242"}],"curies":[{"name":"wp","href":"https:\/\/api.w.org\/{rel}","templated":true}]}}