{"id":1280246,"date":"2026-09-04T13:34:19","date_gmt":"2026-09-04T13:34:19","guid":{"rendered":"https:\/\/www.europesays.com\/de\/1280246\/"},"modified":"2026-09-04T13:34:19","modified_gmt":"2026-09-04T13:34:19","slug":"duesseldorf-werstener-initiative-beteiligt-sich-am-buedchentag","status":"publish","type":"post","link":"https:\/\/www.europesays.com\/de\/1280246\/","title":{"rendered":"D\u00fcsseldorf: Werstener Initiative beteiligt sich am B\u00fcdchentag"},"content":{"rendered":"<p class=\"text_ohne_einzug richtext text-em-55 !leading-serif mx-6 desktop:mx-0\"> Rund 70 Kioske in der Stadt verwandeln sich am Wochenende in kleine Musik-Stationen, bieten Kunst, Kulinarik oder ein Familienprogramm.<a href=\"https:\/\/rp-online.de\/buedchentag-2026-duesseldorf-das-ist-das-programm-der-zehnten-ausgabe_aid-153012597\" target=\"_blank\" rel=\"nofollow noopener\"> Beim D\u00fcsseldorfer B\u00fcdchentag werden am Samstag, 5. September, die Orte gefeiert<\/a>, an denen Menschen zusammenkommen. Die s\u00fcdlichen Bezirke sind w\u00e4hrend der Veranstaltung zwar weniger gut vertreten als zentralere Stadtteile. An einem Standort in Wersten ist aber Programm geplant. <\/p>\n<p class=\"richtext text-em-55 !leading-serif mx-6 desktop:mx-0\">Am Samstag soll es nun zun\u00e4chst ab 14 Uhr ein Familienprogramm geben. Dann sind zum Beispiel Malaktionen und Spiele vorgesehen. Kinder d\u00fcrften sich au\u00dferdem \u00fcber die Riesenseifenblasen freuen. Auch kurze F\u00fchrungen durch das B\u00fcdchen sind m\u00f6glich.<\/p>\n<p class=\"richtext text-em-55 !leading-serif mx-6 desktop:mx-0\">Ab 17 Uhr wird es anschlie\u00dfend musikalisch: DJ Edelescort legt dann auf. Er kommt selbst aus Wersten und will bis in den Abend hinein f\u00fcr die passende Stimmung sorgen. Neben Gegrilltem und verschiedenen Getr\u00e4nken wird in diesem Jahr erstmals Aperol Spritz ausgeschenkt, erkl\u00e4ren die Mitglieder der Initiative. Bereits 2025 war der Werstener Kiosk erstmals beim B\u00fcdchentag vertreten. <\/p>\n<p class=\"richtext text-em-55 !leading-serif mx-6 desktop:mx-0\">Das Event geht in diesem Jahr in seine zehnte Auflage. Unter dem Motto \u201eAll City\u201c sind nach Angaben der Organisatoren so viele B\u00fcdchen beteiligt wie noch nie. Besonders gro\u00df ist das Angebot in Oberbilk, Flingern oder Friedrichstadt. Aber auch Kiosk-Betreiber in Gerresheim oder Lierenfeld haben ein Programm auf die Beine gestellt. Weitere Infos dazu gibt es unter: www.<a href=\"https:\/\/buedchentag.de\/\" target=\"_blank\" rel=\"nofollow noopener\">buedchentag.de<\/a><\/p>\n","protected":false},"excerpt":{"rendered":"Rund 70 Kioske in der Stadt verwandeln sich am Wochenende in kleine Musik-Stationen, bieten Kunst, Kulinarik oder ein&hellip;\n","protected":false},"author":2,"featured_media":1280247,"comment_status":"","ping_status":"","sticky":false,"template":"","format":"standard","meta":{"footnotes":"","_share_on_mastodon":"0"},"categories":[1831],"tags":[264189,21526,10999,11000,40310,74042,3364,29,3405,5221,30,6821,4141,1209,7789,17549,35209],"class_list":["post-1280246","post","type-post","status-publish","format-standard","has-post-thumbnail","category-duesseldorf","tag-20werstener","tag-22e","tag-22https","tag-22url","tag-buedchen","tag-buedchentag","tag-de","tag-deutschland","tag-duesseldorf","tag-familienprogramm","tag-germany","tag-initiative","tag-kiosk","tag-nordrhein-westfalen","tag-programm","tag-wersten","tag-werstener"],"share_on_mastodon":{"url":"https:\/\/pubeurope.com\/@de\/117213034515969954","error":""},"_links":{"self":[{"href":"https:\/\/www.europesays.com\/de\/wp-json\/wp\/v2\/posts\/1280246","targetHints":{"allow":["GET"]}}],"collection":[{"href":"https:\/\/www.europesays.com\/de\/wp-json\/wp\/v2\/posts"}],"about":[{"href":"https:\/\/www.europesays.com\/de\/wp-json\/wp\/v2\/types\/post"}],"author":[{"embeddable":true,"href":"https:\/\/www.europesays.com\/de\/wp-json\/wp\/v2\/users\/2"}],"replies":[{"embeddable":true,"href":"https:\/\/www.europesays.com\/de\/wp-json\/wp\/v2\/comments?post=1280246"}],"version-history":[{"count":0,"href":"https:\/\/www.europesays.com\/de\/wp-json\/wp\/v2\/posts\/1280246\/revisions"}],"wp:featuredmedia":[{"embeddable":true,"href":"https:\/\/www.europesays.com\/de\/wp-json\/wp\/v2\/media\/1280247"}],"wp:attachment":[{"href":"https:\/\/www.europesays.com\/de\/wp-json\/wp\/v2\/media?parent=1280246"}],"wp:term":[{"taxonomy":"category","embeddable":true,"href":"https:\/\/www.europesays.com\/de\/wp-json\/wp\/v2\/categories?post=1280246"},{"taxonomy":"post_tag","embeddable":true,"href":"https:\/\/www.europesays.com\/de\/wp-json\/wp\/v2\/tags?post=1280246"}],"curies":[{"name":"wp","href":"https:\/\/api.w.org\/{rel}","templated":true}]}}