{"id":1280252,"date":"2026-09-04T13:38:17","date_gmt":"2026-09-04T13:38:17","guid":{"rendered":"https:\/\/www.europesays.com\/de\/1280252\/"},"modified":"2026-09-04T13:38:17","modified_gmt":"2026-09-04T13:38:17","slug":"brueten-am-hauptbahnhof-eine-wand-fuer-die-frankfurter-tauben","status":"publish","type":"post","link":"https:\/\/www.europesays.com\/de\/1280252\/","title":{"rendered":"Br\u00fcten am Hauptbahnhof: Eine Wand f\u00fcr die Frankfurter Tauben"},"content":{"rendered":"<ol class=\"id-DonaldBreadcrumb lp_west_breadcrumb id-DonaldBreadcrumb--default\" data-k5a-pos=\"west_breadcrumb\">\n<li class=\"id-Breadcrumb-item\"><a href=\"https:\/\/www.fr.de\/\" class=\"id-Breadcrumb-link\" data-id-ec=\"{\" shn=\"\" textlink=\"\" data-k5a-pos=\"1_startseite\" rel=\"nofollow noopener\" target=\"_blank\">Startseite<\/a><\/li>\n<li class=\"id-Breadcrumb-item\"><a href=\"https:\/\/www.fr.de\/frankfurt\/\" class=\"id-Breadcrumb-link\" data-id-ec=\"{\" shn=\"\" textlink=\"\" data-k5a-pos=\"2_frankfurt\" rel=\"nofollow noopener\" target=\"_blank\">Frankfurt<\/a><\/li>\n<\/ol>\n<p class=\"id-Story-timestamp id-Story-timestamp--default\">Stand: 04.09.2026, 15:26 Uhr<\/p>\n<p class=\"id-Story-authors id-Story-authors--default\">Von: <a class=\"id-Story-authors-link lp_west_author\" href=\"https:\/\/www.fr.de\/autor\/thomas-stillbauer-fid1pjzs3.html\" title=\"Zur Autorenseite von Thomas Stillbauer\" data-id-ec=\"{\" shn=\"\" author-link=\"\" stillbauer=\"\" data-k5a-pos=\"west_author\" rel=\"nofollow noopener\" target=\"_blank\">Thomas Stillbauer<\/a><\/p>\n<p class=\"id-Story-interactionBar id-Story-interactionBar--default\">DruckenTeilen<\/p>\n<p><a href=\"https:\/\/profile.google.com\/cp\/CgkvbS8wNHk5cHYaAA\" class=\"id-Story-googleFollowButton id-Story-googleFollowButton--default\" target=\"_blank\" data-id-ec=\"{\" shn=\"\" google-follow=\"\" auf=\"\" google=\"\" folgen=\"\" rel=\"nofollow noopener\">Uns auf Google folgen<\/a><img decoding=\"async\" class=\"id-RatioPlaceholder-element wv_story_el_image\" src=\"https:\/\/www.europesays.com\/de\/wp-content\/uploads\/2026\/09\/43953491-eine-taubenbrutwand-am-hauptbahnhof-angehoerige-des-vereins-maintauben-und-stadttaubenmanag.jpeg\" loading=\"eager\" fetchpriority=\"high\"   height=\"792\" width=\"1408\" alt=\"Eine Taubenbrutwand am Hauptbahnhof, Angeh&#xF6;rige des Vereins Maintauben und Stadttaubenmanager Dominik Legrum. \"\/>Eine Taubenbrutwand am Hauptbahnhof, Angeh\u00f6rige des Vereins Maintauben und Stadttaubenmanager Dominik Legrum. \u00a9\u00a0Stabsstelle Sauberes Frankfurt<\/p>\n<p class=\"id-StoryElement-leadText\">Die Stadt er\u00f6ffnet einen Brutplatz am Hauptbahnhof \u2013 und h\u00e4lt Geld f\u00fcrs Stadttaubenprojekt zur\u00fcck. Aber erst mal wird gez\u00e4hlt.<\/p>\n<p class=\"id-StoryElement-paragraph\">Wie viele Tauben gibt es in Frankfurt? Am Samstag, 12. September, will es die Stadt herausfinden und hat die Bev\u00f6lkerung zum Z\u00e4hlen aufgerufen. Die Anmeldefrist ist verstrichen, die Registrierten treffen sich dann vormittags an der Hauptwache und schw\u00e4rmen aus zu den beliebtesten Stadttaubentreffpunkten.<\/p>\n<p class=\"id-StoryElement-paragraph\">Klar ist schon jetzt: Es fehlen Taubenh\u00e4user, um dem Tierschutz Gen\u00fcge zu tun, die Tiere zu f\u00fcttern und die Population sinnvoll zu begrenzen, indem Eier gegen Attrappen ausgetauscht werden.<\/p>\n<p class=\"id-StoryElement-paragraph\">Abhilfe sollen \u2013 als Pilotprojekt \u2013 sogenannte Brutw\u00e4nde schaffen, die die Stadt, die Deutsche Bahn und das Tierschutzprojekt Maintauben zurzeit am Hauptbahnhof in Betrieb nehmen. Von den in Parzellen eingeteilten Wand-Installationen versprechen sich die Partner einen erleichterten Eiertausch und die tierschutzgerechte Betreuung am zentralen Standort. Der Verein Maintauben habe an Brutpl\u00e4tzen rund um den Hauptbahnhof in den vergangenen f\u00fcnf Jahren bereits etwa 10.000 Eier ausgetauscht. Mit gro\u00dfem Aufwand: Viele Nistpl\u00e4tze sind an schwer erreichbaren Stellen. Die neuen Brutw\u00e4nde bieten Platz f\u00fcr etwa 50 Taubenpaare. Wie sich der Standort entwickelt, beobachten der Verein und Stadttaubenmanager Dominik Legrum in den kommenden Monaten.<\/p>\n<p class=\"id-StoryElement-paragraph\">Ein Vielfaches an Tauben beherbergt der Verein Stadttaubenprojekt auf seinem Gnadenhof f\u00fcr gestrandete V\u00f6gel in Oberrad. Nach der Schlie\u00dfung fast aller Taubenschl\u00e4ge an st\u00e4dtischen Geb\u00e4uden in den vergangenen Jahren platzt der Hof aus allen N\u00e4hten. Der Verein m\u00f6chte die Volieren ausbauen und braucht daf\u00fcr Geld. Zusch\u00fcsse f\u00fcr die Renovierung nicht nur dort, sondern auch f\u00fcr die Tierheime Fechenheim, Nied und f\u00fcr die Wildtierfreunde Hanau hatte der Ortsbeirat 1 bereits 2025 beantragt. Die erw\u00fcnschten insgesamt 200.000 Euro halbierte der Haupt- und Finanzausschuss der Stadtverordneten im M\u00e4rz. Auf die anteiligen 25.000 Euro wartet das Stadttaubenprojekt bis heute. Woran das liegt, wollte der Stadtverordnete Johannes Volker Schmidt in der j\u00fcngsten Sitzung des Stadtparlaments erfahren. Zur Antwort erhielt er aus dem Ordnungsdezernat: Es solle \u201eeine tragf\u00e4hige Perspektive entwickelt werden, wie bestm\u00f6glich Kapazit\u00e4ten zur Versorgung kranker und verletzter Stadttauben geschaffen werden k\u00f6nnen\u201c. Die Bedarfe w\u00fcrden zurzeit gepr\u00fcft; eine Auszahlung des Geldes sei erst danach m\u00f6glich.<\/p>\n<p class=\"id-StoryElement-paragraph\">\u201eIch halte die Antwort, aber auch das Vorgehen insgesamt, ehrlich gesagt, f\u00fcr eine Dreistigkeit\u201c, sagt Gr\u00fcnen-Parlamentarier Schmidt dazu: \u201eDas Stadttaubenprojekt versorgt seit Jahrzehnten kranke und verletzte Tiere, \u00fcbernimmt damit eine st\u00e4dtische Pflichtaufgabe, wobei nur etwa zehn Prozent der Kosten von der Stadt \u00fcbernommen werden \u2013 und der Magistrat verweigert die Auszahlung eines Zuschusses, der von der Stadtverordnetenversammlung beschlossen war.\u201c Ein Sprecher des Ordnungsamts best\u00e4tigte auf FR-Anfrage, noch im September seien Gespr\u00e4che zwischen dem Ordnungsamt und der Stabsstelle Sauberes Frankfurt anberaumt. \u201eBis zum Abschluss der Gespr\u00e4che\/Pr\u00fcfung erfolgt keine Auszahlung.\u201c<\/p>\n<p class=\"id-StoryElement-paragraph\">Das Stadttaubenprojekt in Oberrad antwortet derweil auf Anfragen, es k\u00f6nne keine Tauben mehr aufnehmen. \u201eUnsere Kapazit\u00e4tsgrenze ist \u00fcberschritten und wir m\u00fcssen einen Aufnahmestopp ausrufen\u201c, hei\u00dft es bei dem Verein von Gudrun St\u00fcrmer, Tr\u00e4gerin des Hessischen Tierschutzpreises und der Frankfurter B\u00fcrgermedaille. In Notf\u00e4llen m\u00f6ge man sich ans Tierheim wenden, an den Verein Maintauben oder an Stadttaubenmanager Dominik Legrum.<\/p>\n","protected":false},"excerpt":{"rendered":"Startseite Frankfurt Stand: 04.09.2026, 15:26 Uhr Von: Thomas Stillbauer DruckenTeilen Uns auf Google folgenEine Taubenbrutwand am Hauptbahnhof, Angeh\u00f6rige&hellip;\n","protected":false},"author":2,"featured_media":1280253,"comment_status":"","ping_status":"","sticky":false,"template":"","format":"standard","meta":{"footnotes":"","_share_on_mastodon":"0"},"categories":[1829],"tags":[29,2050,2051,30,2052],"class_list":["post-1280252","post","type-post","status-publish","format-standard","has-post-thumbnail","category-frankfurt-am-main","tag-deutschland","tag-frankfurt","tag-frankfurt-am-main","tag-germany","tag-hessen"],"share_on_mastodon":{"url":"https:\/\/pubeurope.com\/@de\/117213052044418687","error":""},"_links":{"self":[{"href":"https:\/\/www.europesays.com\/de\/wp-json\/wp\/v2\/posts\/1280252","targetHints":{"allow":["GET"]}}],"collection":[{"href":"https:\/\/www.europesays.com\/de\/wp-json\/wp\/v2\/posts"}],"about":[{"href":"https:\/\/www.europesays.com\/de\/wp-json\/wp\/v2\/types\/post"}],"author":[{"embeddable":true,"href":"https:\/\/www.europesays.com\/de\/wp-json\/wp\/v2\/users\/2"}],"replies":[{"embeddable":true,"href":"https:\/\/www.europesays.com\/de\/wp-json\/wp\/v2\/comments?post=1280252"}],"version-history":[{"count":0,"href":"https:\/\/www.europesays.com\/de\/wp-json\/wp\/v2\/posts\/1280252\/revisions"}],"wp:featuredmedia":[{"embeddable":true,"href":"https:\/\/www.europesays.com\/de\/wp-json\/wp\/v2\/media\/1280253"}],"wp:attachment":[{"href":"https:\/\/www.europesays.com\/de\/wp-json\/wp\/v2\/media?parent=1280252"}],"wp:term":[{"taxonomy":"category","embeddable":true,"href":"https:\/\/www.europesays.com\/de\/wp-json\/wp\/v2\/categories?post=1280252"},{"taxonomy":"post_tag","embeddable":true,"href":"https:\/\/www.europesays.com\/de\/wp-json\/wp\/v2\/tags?post=1280252"}],"curies":[{"name":"wp","href":"https:\/\/api.w.org\/{rel}","templated":true}]}}