{"id":1280259,"date":"2026-09-04T13:43:15","date_gmt":"2026-09-04T13:43:15","guid":{"rendered":"https:\/\/www.europesays.com\/de\/1280259\/"},"modified":"2026-09-04T13:43:15","modified_gmt":"2026-09-04T13:43:15","slug":"baustelle-an-zweiter-stammstrecke-besucher-koennen-riesige-tunnelbohrmaschine-erleben","status":"publish","type":"post","link":"https:\/\/www.europesays.com\/de\/1280259\/","title":{"rendered":"Baustelle an zweiter Stammstrecke: Besucher k\u00f6nnen riesige Tunnelbohrmaschine erleben"},"content":{"rendered":"<p class=\"mb-6 text-xs-varying md:text-m lg:text-l font-serif group-[.font-sans]:font-sans \">\n    Sie ist fast so lang wie zwei Fu\u00dfballfelder und soll sich k\u00fcnftig tief unter <a href=\"https:\/\/www.augsburger-allgemeine.de\/orte\/aa-muenchen\" target=\"_self\" class=\"underline \" rel=\"nofollow noopener\">M\u00fcnchen<\/a> durch den Untergrund arbeiten: Die Tunnelbohrmaschine \u201eDonna Maria\u201c beginnt bald ihre <a href=\"https:\/\/www.augsburger-allgemeine.de\/bayern\/bauarbeiten-in-muenchen-pasing-verursachen-einschraenkungen-im-bahnverkehr-115160985\" target=\"_self\" class=\"underline \" rel=\"nofollow noopener\">Arbeiten an der zweiten Stammstrecke<\/a>. Doch zuvor k\u00f6nnen M\u00fcnchnerinnen und M\u00fcnchner den Koloss aus n\u00e4chster N\u00e4he erleben.\n  <\/p>\n<p class=\"mb-6 text-xs-varying md:text-m lg:text-l font-serif group-[.font-sans]:font-sans \">\n    Am 12. und 13. September \u00f6ffnet die Deutsche Bahn gemeinsam mit der Arbeitsgemeinschaft Tunnel Hauptbahnhof (ATH) die Baustelle f\u00fcr Besucherinnen und Besucher. Die Dimensionen der Maschine sind beeindruckend: <a href=\"https:\/\/www.augsburger-allgemeine.de\/bayern\/bohrmaschine-startet-beim-tunnelbau-fuer-zweite-stammstrecke-in-muenchen-114770322\" target=\"_self\" class=\"underline \" rel=\"nofollow noopener\">Rund\u00a0178 Meter misst \u201eDonna Maria\u201c in der L\u00e4nge.<\/a> Am Tag der offnen Baustelle erkl\u00e4ren die Fachleute, wie der maschinelle Tunnelbau funktioniert und welche Herausforderungen es mit sich bringt, einen Tunnel durch den Untergrund einer dicht bebauten Gro\u00dfstadt zu treiben.\n  <\/p>\n<p>            \u201eDonna Maria\u201c startet Tunnelarbeiten an der zweiten Stammstrecke<\/p>\n<p class=\"mb-6 text-xs-varying md:text-m lg:text-l font-serif group-[.font-sans]:font-sans \">\n    Dabei geht es nicht nur um Technik. Die Besucherinnen und Besucher bekommen die Gelegenheit, auch die Menschen kennenlernen, die hinter dem Gro\u00dfprojekt stehen und mit der Maschine den neuen Tunnel bauen.\n  <\/p>\n<p class=\"mb-6 text-xs-varying md:text-m lg:text-l font-serif group-[.font-sans]:font-sans \">\n    \u201eBevor Donna Maria unter der Stadt verschwindet, m\u00f6chten wir den M\u00fcnchnerinnen und M\u00fcnchnern zeigen, wie sie arbeitet und auch die Menschen vorstellen, die mit ihr den Tunnel bauen\u201c, sagt J\u00f6rg M\u00fcller, Leiter Technik bei der 2. Stammstrecke. Infrastruktur sei ein Gemeinschaftswerk. Der Tag der offenen Baustelle solle zeigen, \u201ewie vielschichtig und spannend so ein Gro\u00dfprojekt und der Tunnelbau sind\u201c.\n  <\/p>\n<p>      <a href=\"https:\/\/www.augsburger-allgemeine.de\/bayern\/oktoberfest-2026-schausteller-boykottieren-rundgang-wegen-zensur-115171309\" class=\"hidden  &#010;                md:block md:mr-5 md:min-w-[140px]  aspect-photo md:aspect-tv lg:aspect-tv w-fullXXX relative self-start inline overflow-hidden\" rel=\"nofollow noopener\" target=\"_blank\"><\/p>\n<p>    <img decoding=\"async\" src=\"\" alt=\"Die Frauenfigur h\u00e4lt sich nun bedeckter.\" title=\"Die Frauenfigur h\u00e4lt sich nun bedeckter.\" loading=\"lazy\" class=\"h-full w-full object-cover\"\/><br \/>\n   <\/a><\/p>\n<p>            Deutsche Bahn \u00f6ffnet Baustelle an der Richelstra\u00dfe in M\u00fcnchen<\/p>\n<p class=\"mb-6 text-xs-varying md:text-m lg:text-l font-serif group-[.font-sans]:font-sans \">\n    Neben der Tunnelbohrmaschine erwartet die Besucher ein Programm f\u00fcr die ganze Familie. Es gibt Mitmachangebote und Unterhaltung. Wer die Baustelle besichtigen m\u00f6chte, sollte allerdings auf geeignetes Schuhwerk achten:\u00a0Festes Schuhwerk ist Pflicht beziehungsweise wird dringend empfohlen. Der Eintritt ist kostenlos. Eine Anmeldung ist nicht erforderlich.\n  <\/p>\n<p class=\"mb-6 text-xs-varying md:text-m lg:text-l font-serif group-[.font-sans]:font-sans \">\n    Die Tage der offenen Baustelle finden am\u00a0<strong class=\"font-bold\">Samstag und Sonntag, 12. und 13. September, jeweils von 10 bis 18 Uhr<\/strong>\u00a0statt. Der letzte Einlass ist um 17 Uhr. Der Zugang erfolgt \u00fcber die\u00a0<strong class=\"font-bold\">BauBox der 2. Stammstrecke an der Richelstra\u00dfe 1c in 80634 M\u00fcnchen<\/strong>.\n  <\/p>\n<p class=\"mb-6 text-xs-varying md:text-m lg:text-l font-serif group-[.font-sans]:font-sans \">\n    Wer schon immer einmal sehen wollte, wie eine Tunnelbohrmaschine von dieser Gr\u00f6\u00dfe aussieht und wie ein Tunnel viele Meter unter der Stadt entsteht, bekommt an diesem Wochenende die Gelegenheit dazu. Viel Zeit bleibt f\u00fcr den Blick auf \u201eDonna Maria\u201c allerdings nicht: Wenige Tage sp\u00e4ter soll die 178 Meter lange Stahlkoloss unter M\u00fcnchen verschwinden.\n  <\/p>\n","protected":false},"excerpt":{"rendered":"Sie ist fast so lang wie zwei Fu\u00dfballfelder und soll sich k\u00fcnftig tief unter M\u00fcnchen durch den Untergrund&hellip;\n","protected":false},"author":2,"featured_media":1280260,"comment_status":"","ping_status":"","sticky":false,"template":"","format":"standard","meta":{"footnotes":"","_share_on_mastodon":"0"},"categories":[1827],"tags":[2461,772,2030,29,264190,30,39977,1268,2038,232428,37329],"class_list":["post-1280259","post","type-post","status-publish","format-standard","has-post-thumbnail","category-muenchen","tag-baustelle","tag-bayern","tag-deutsche-bahn","tag-deutschland","tag-donna-maria","tag-germany","tag-joerg-mueller","tag-muenchen","tag-stammstrecke","tag-tunnelbohrmaschine","tag-untergrund"],"share_on_mastodon":{"url":"https:\/\/pubeurope.com\/@de\/117213069411421499","error":""},"_links":{"self":[{"href":"https:\/\/www.europesays.com\/de\/wp-json\/wp\/v2\/posts\/1280259","targetHints":{"allow":["GET"]}}],"collection":[{"href":"https:\/\/www.europesays.com\/de\/wp-json\/wp\/v2\/posts"}],"about":[{"href":"https:\/\/www.europesays.com\/de\/wp-json\/wp\/v2\/types\/post"}],"author":[{"embeddable":true,"href":"https:\/\/www.europesays.com\/de\/wp-json\/wp\/v2\/users\/2"}],"replies":[{"embeddable":true,"href":"https:\/\/www.europesays.com\/de\/wp-json\/wp\/v2\/comments?post=1280259"}],"version-history":[{"count":0,"href":"https:\/\/www.europesays.com\/de\/wp-json\/wp\/v2\/posts\/1280259\/revisions"}],"wp:featuredmedia":[{"embeddable":true,"href":"https:\/\/www.europesays.com\/de\/wp-json\/wp\/v2\/media\/1280260"}],"wp:attachment":[{"href":"https:\/\/www.europesays.com\/de\/wp-json\/wp\/v2\/media?parent=1280259"}],"wp:term":[{"taxonomy":"category","embeddable":true,"href":"https:\/\/www.europesays.com\/de\/wp-json\/wp\/v2\/categories?post=1280259"},{"taxonomy":"post_tag","embeddable":true,"href":"https:\/\/www.europesays.com\/de\/wp-json\/wp\/v2\/tags?post=1280259"}],"curies":[{"name":"wp","href":"https:\/\/api.w.org\/{rel}","templated":true}]}}