{"id":1280261,"date":"2026-09-04T13:46:16","date_gmt":"2026-09-04T13:46:16","guid":{"rendered":"https:\/\/www.europesays.com\/de\/1280261\/"},"modified":"2026-09-04T13:46:16","modified_gmt":"2026-09-04T13:46:16","slug":"adfc-pinneberg-radtour-zum-dahliengarten-hamburg","status":"publish","type":"post","link":"https:\/\/www.europesays.com\/de\/1280261\/","title":{"rendered":"ADFC Pinneberg Radtour zum Dahliengarten Hamburg"},"content":{"rendered":"<p class=\"\">\n                    Am Sonntag, 13. September, bietet der ADFC Pinneberg eine Radtour zum Dahliengarten in Hamburg an. \u00dcber Rellingen und Halstenbek f\u00fchrt die Tour zun\u00e4chst zum Volkspark in Hamburg. Nach einer Runde durch den Park ist ein Aufenthalt im Dahliengarten geplant. Dort gibt es auch einen Kiosk und ein WC, auch ein Picknick ist m\u00f6glich. Der Dahliengarten beherbergt 11.000 Dahlien aus 600 Sorten. Nach etwa einer Stunde Aufenthalt f\u00fchrt der R\u00fcckweg durch vorwiegend gr\u00fcne Wege \u00fcber Schenefeld zur\u00fcck.<\/p>\n<p>Die Tour startet um 11 Uhr an der Drostei in Pinneberg und ist etwa 32 km lang, die Fahrgeschwindigkeit wird nicht \u00fcber 13 km\/h liegen. Das Ende ist f\u00fcr etwa 15 Uhr an der Drostei geplant.<\/p>\n<p>Die Radtouren des ADFC Pinneberg stehen allen Interessierten offen, eine Anmeldung ist nicht notwendig.<\/p>\n<p>Weitere Radtouren des ADFC Pinneberg:<br \/><a href=\"https:\/\/www.adfc-pinneberg.de\/radtouren\" class=\"link underline-blue\" title=\"\" target=\"_self\" rel=\"nofollow noopener\">https:\/\/www.adfc-pinneberg.de\/radtouren<\/a><\/p>\n<p>Radtour des ADFC Pinneberg: Zum Dahliengarten  <br \/>Sonntag, 13. September, 11 Uhr bis 15 Uhr<\/p>\n<p>Dieser Text wurde erstellt von:  <br \/>Hauke Krohn  <br \/>ADFC Pinneberg\n            <\/p>\n","protected":false},"excerpt":{"rendered":"Am Sonntag, 13. September, bietet der ADFC Pinneberg eine Radtour zum Dahliengarten in Hamburg an. \u00dcber Rellingen und&hellip;\n","protected":false},"author":2,"featured_media":1280262,"comment_status":"","ping_status":"","sticky":false,"template":"","format":"standard","meta":{"footnotes":"","_share_on_mastodon":"0"},"categories":[1826],"tags":[29,1234,8701,30,15951,692,29976,2087],"class_list":["post-1280261","post","type-post","status-publish","format-standard","has-post-thumbnail","category-hamburg","tag-deutschland","tag-fahrrad","tag-freizeitsport","tag-germany","tag-halstenbek","tag-hamburg","tag-kurzurlaub","tag-pinneberg"],"share_on_mastodon":{"url":"https:\/\/pubeurope.com\/@de\/117213081687845214","error":""},"_links":{"self":[{"href":"https:\/\/www.europesays.com\/de\/wp-json\/wp\/v2\/posts\/1280261","targetHints":{"allow":["GET"]}}],"collection":[{"href":"https:\/\/www.europesays.com\/de\/wp-json\/wp\/v2\/posts"}],"about":[{"href":"https:\/\/www.europesays.com\/de\/wp-json\/wp\/v2\/types\/post"}],"author":[{"embeddable":true,"href":"https:\/\/www.europesays.com\/de\/wp-json\/wp\/v2\/users\/2"}],"replies":[{"embeddable":true,"href":"https:\/\/www.europesays.com\/de\/wp-json\/wp\/v2\/comments?post=1280261"}],"version-history":[{"count":0,"href":"https:\/\/www.europesays.com\/de\/wp-json\/wp\/v2\/posts\/1280261\/revisions"}],"wp:featuredmedia":[{"embeddable":true,"href":"https:\/\/www.europesays.com\/de\/wp-json\/wp\/v2\/media\/1280262"}],"wp:attachment":[{"href":"https:\/\/www.europesays.com\/de\/wp-json\/wp\/v2\/media?parent=1280261"}],"wp:term":[{"taxonomy":"category","embeddable":true,"href":"https:\/\/www.europesays.com\/de\/wp-json\/wp\/v2\/categories?post=1280261"},{"taxonomy":"post_tag","embeddable":true,"href":"https:\/\/www.europesays.com\/de\/wp-json\/wp\/v2\/tags?post=1280261"}],"curies":[{"name":"wp","href":"https:\/\/api.w.org\/{rel}","templated":true}]}}