{"id":1280298,"date":"2026-09-04T14:08:19","date_gmt":"2026-09-04T14:08:19","guid":{"rendered":"https:\/\/www.europesays.com\/de\/1280298\/"},"modified":"2026-09-04T14:08:19","modified_gmt":"2026-09-04T14:08:19","slug":"weckt-die-toten-festival-in-halle-infos-tickets-anfahrt-wetter","status":"publish","type":"post","link":"https:\/\/www.europesays.com\/de\/1280298\/","title":{"rendered":"Weckt die Toten Festival in Halle: Infos, Tickets, Anfahrt, Wetter"},"content":{"rendered":"<p><a href=\"https:\/\/www.metal-hammer.de\/artists\/in-extremo\/\" rel=\"nofollow noopener\" target=\"_blank\">In Extremo<\/a> z\u00e4hlen zu den bekanntesten und erfolgreichsten Mittelalter-Rock-Bands der Welt. 2024 brachten die Spielleute eine erste Ausgabe ihres eigenen Festivals Weckt die Toten an den Start. Es wurde ein voller Erfolgt: Mit 10.000 begeisterten Fans war die Deb\u00fctausgabe restlos ausverkauft. Nun kehren <a href=\"https:\/\/www.metal-hammer.de\/artists\/in-extremo\/\" rel=\"nofollow noopener\" target=\"_blank\">In Extremo<\/a> nach Sachsen-Anhalt zur\u00fcck!<\/p>\n<p>Wann ist das Weckt die Toten Festival?<\/p>\n<p>Das Weckt Die Toten Festival findet am 6. September 2026 auf der Freilichtb\u00fchne Pei\u00dfnitzinsel in Halle (Saale) statt.<\/p>\n<p>Gibt es noch Tickets?<\/p>\n<p>Ja, Tickets bekommt ihr aktuell f\u00fcr ca. 80\u20ac\u00a0unter <a href=\"http:\/\/www.inextremo-tickets.de\" target=\"_blank\" rel=\"noopener nofollow\">www.inextremo-tickets.de<\/a> \u00a0oder bei Eventim unter <a href=\"http:\/\/www.eventim.de\" target=\"_blank\" rel=\"noopener nofollow\">www.eventim.de<\/a>.<\/p>\n<p>Wer spielt beim Weckt die Toten Festival?<\/p>\n<p>Neben Gastgeber und Hauptakteuren In Extremo werden in diesem Jahr <a href=\"https:\/\/www.metal-hammer.de\/artists\/eisbrecher\/\" rel=\"nofollow noopener\" target=\"_blank\">Eisbrecher<\/a>, <a href=\"https:\/\/www.metal-hammer.de\/artists\/subway-to-sally\/\" rel=\"nofollow noopener\" target=\"_blank\">Subway To Sally<\/a> und <a href=\"https:\/\/www.metal-hammer.de\/artists\/wind-rose\/\" rel=\"nofollow noopener\" target=\"_blank\">Wind Rose<\/a> zu sehen sein. <a href=\"https:\/\/www.metal-hammer.de\/artists\/manntra\/\" rel=\"nofollow noopener\" target=\"_blank\">Manntra<\/a> waren urspr\u00fcnglich ebenfalls best\u00e4tigt, mussten aufgrund einer Erkrankung ihres Drummers jedoch absagen. An ihrer Stelle komplettieren Doppelbock nun das Line-Up.<\/p>\n<p><img loading=\"lazy\" decoding=\"async\" class=\"aligncenter wp-image-2447771 size-large\" src=\"https:\/\/www.metal-hammer.de\/wp-content\/uploads\/2025\/09\/04\/14\/extremo-toten-2026-1024x576.webp\" alt=\"Extremo-Toten-2026\" width=\"1024\" height=\"576\"  \/><\/p>\n<p>Anfahrt zur Venue<\/p>\n<p><strong>Mit \u00f6ffentlichen Verkehrsmitteln<\/strong><\/p>\n<p>Da die Insel als Landschaftsschutzgebiet gilt, wird eine Anreise mit dem \u00d6PNV empfohlen. Hier steigt ihr am besten an der Bl\u00fccherstra\u00dfe\/Pei\u00dfnitzinsel aus. Von dort sind es circa 125 Meter \u00fcber die B\u00fcrgerbr\u00fccke bis zur Freilichtb\u00fchne. Laut <a href=\"https:\/\/www.peissnitzinsel.com\/service\" rel=\"nofollow noopener\" target=\"_blank\">Venue-Seite<\/a> k\u00f6nnt ihr den \u00d6PNV im gesamten Stadtgebiet (MDV-Zone 210) mit eurem Konzert-Ticket kostenfrei nutzen.<\/p>\n<p>Es wird empfohlen, am Tag direkt \u00fcber die Hallenser Verkehrsbetriebe zu pr\u00fcfen, welche Linie euch am schnellsten ans Ziel bringt, da sich diese wegen Bauarbeiten \u00e4ndern k\u00f6nnen.<\/p>\n<p><strong>Mit dem Auto<\/strong><\/p>\n<p>Solltet ihr doch mit dem Auto anreisen, stehen die umliegenden P&amp;R Parkpl\u00e4tze der Stadt Halle zur Verf\u00fcgung. Rollstuhlparkpl\u00e4tze befinden sich zudem an der B\u00fcrgerbr\u00fccke.<\/p>\n<p><strong>Adresse<\/strong><\/p>\n<ul>\n<li>Pei\u00dfnitzstr.1 \/ Pei\u00dfnitzinsel<\/li>\n<li>06112 Halle (Saale)<\/li>\n<\/ul>\n<p>Einlass und m\u00f6gliche Spielzeiten<\/p>\n<p>Die T\u00fcren \u00f6ffnen bereits ab 14:30 Uhr. Um 15:30 Uhr startet dann die erste Band. <a href=\"https:\/\/www.instagram.com\/p\/Dcx_QjWFhOt\/?igsi=MTducHFhZWV5c21ncg==\" rel=\"nofollow noopener\" target=\"_blank\">Laut Veranstalter-Post<\/a> sehen die Spielzeiten der einzelnen Bands wie folgt aus:<\/p>\n<ul>\n<li>Doppelbock: 15:30\u201316:05 Uhr<\/li>\n<li>Subway To Sally: 16:25\u201317:10 Uhr<\/li>\n<li>Windrose: 17:45\u201318:30 Uhr<\/li>\n<li>Eisbrecher: 19:05\u201320:05 Uhr<\/li>\n<li>In Extremo: 20:45\u201322:50 Uhr<\/li>\n<\/ul>\n<p>Wie wird das Festival-Wetter?<\/p>\n<p>F\u00fcr Samstag ist aktuell sowohl mit Sonne als auch teilweise leichtem Regen zu rechnen. Die Temperaturen erreichen voraussichtlich einen H\u00f6chstwert von 21\u00b0C. Zudem weht ein teils kr\u00e4ftiger Wind. Eine Jacke, die gegen Wind und Regen sch\u00fctzt, ist daher sicher nicht verkehrt.<\/p>\n<p>\u2014<br \/>Bestens informiert \u00fcber dieses und alle weiteren wichtigen Themen im Metal bleibt ihr au\u00dferdem mit unserem Newsletter. Einmal pro Woche flattert euch \u00fcbersichtlich sortiert ein Update ins Postfach.\u00a0<a href=\"https:\/\/www.metal-hammer.de\/news\/newsletter\/\" target=\"_blank\" rel=\"noopener noreferrer nofollow\"><strong>Einfach anmelden<\/strong><\/a>, damit euch auch sicher nichts entgeht.<\/p>\n<p class=\"wp-block-paragraph\"><strong>Exklusive Airbourne-Vinyl-7\u201c<\/strong> nur zusammen mit der aktuellen METAL HAMMER-Ausgabe: Jetzt am Kiosk oder direkt portofrei nach Hause zu bestellen! Alle Infos unter <a href=\"https:\/\/www.metal-hammer.de\/airbourne\" rel=\"nofollow noopener\" target=\"_blank\"><strong>www.metal-hammer.de\/airbourne<\/strong><\/a>.<\/p>\n<p>\t\t\t\t\t<script async src=\"\/\/www.instagram.com\/embed.js\"><\/script><\/p>\n","protected":false},"excerpt":{"rendered":"In Extremo z\u00e4hlen zu den bekanntesten und erfolgreichsten Mittelalter-Rock-Bands der Welt. 2024 brachten die Spielleute eine erste Ausgabe&hellip;\n","protected":false},"author":2,"featured_media":1280299,"comment_status":"","ping_status":"","sticky":false,"template":"","format":"standard","meta":{"footnotes":"","_share_on_mastodon":"0"},"categories":[1860],"tags":[170360,3364,29,163000,548,663,3934,5561,30,4062,17332,13,143190,14,15,17331,860,12,160740,264203],"class_list":["post-1280298","post","type-post","status-publish","format-standard","has-post-thumbnail","category-halle-saale","tag-alle-infos","tag-de","tag-deutschland","tag-eisbrecher","tag-eu","tag-europa","tag-europe","tag-festival","tag-germany","tag-halle","tag-halle-saale","tag-headlines","tag-in-extremo","tag-nachrichten","tag-news","tag-saale","tag-sachsen-anhalt","tag-schlagzeilen","tag-subway-to-sally","tag-weckt-die-toten-festival"],"share_on_mastodon":{"url":"https:\/\/pubeurope.com\/@de\/117213169643662692","error":""},"_links":{"self":[{"href":"https:\/\/www.europesays.com\/de\/wp-json\/wp\/v2\/posts\/1280298","targetHints":{"allow":["GET"]}}],"collection":[{"href":"https:\/\/www.europesays.com\/de\/wp-json\/wp\/v2\/posts"}],"about":[{"href":"https:\/\/www.europesays.com\/de\/wp-json\/wp\/v2\/types\/post"}],"author":[{"embeddable":true,"href":"https:\/\/www.europesays.com\/de\/wp-json\/wp\/v2\/users\/2"}],"replies":[{"embeddable":true,"href":"https:\/\/www.europesays.com\/de\/wp-json\/wp\/v2\/comments?post=1280298"}],"version-history":[{"count":0,"href":"https:\/\/www.europesays.com\/de\/wp-json\/wp\/v2\/posts\/1280298\/revisions"}],"wp:featuredmedia":[{"embeddable":true,"href":"https:\/\/www.europesays.com\/de\/wp-json\/wp\/v2\/media\/1280299"}],"wp:attachment":[{"href":"https:\/\/www.europesays.com\/de\/wp-json\/wp\/v2\/media?parent=1280298"}],"wp:term":[{"taxonomy":"category","embeddable":true,"href":"https:\/\/www.europesays.com\/de\/wp-json\/wp\/v2\/categories?post=1280298"},{"taxonomy":"post_tag","embeddable":true,"href":"https:\/\/www.europesays.com\/de\/wp-json\/wp\/v2\/tags?post=1280298"}],"curies":[{"name":"wp","href":"https:\/\/api.w.org\/{rel}","templated":true}]}}