{"id":1280300,"date":"2026-09-04T14:09:23","date_gmt":"2026-09-04T14:09:23","guid":{"rendered":"https:\/\/www.europesays.com\/de\/1280300\/"},"modified":"2026-09-04T14:09:23","modified_gmt":"2026-09-04T14:09:23","slug":"pol-ac-ohne-fuehrerschein-unterwegs-jugendlicher-fluechtet-mit-kleinkraftrad-vor","status":"publish","type":"post","link":"https:\/\/www.europesays.com\/de\/1280300\/","title":{"rendered":"POL-AC: Ohne F\u00fchrerschein unterwegs &#8211; Jugendlicher fl\u00fcchtet mit Kleinkraftrad vor &#8230;"},"content":{"rendered":"<p class=\"date\">04.09.2026 \u2013 14:11<\/p>\n<p class=\"customer\">\n                        <a class=\"story-customer\" title=\"weiter zum newsroom von Polizei Aachen\" href=\"https:\/\/www.presseportal.de\/blaulicht\/nr\/11559\" rel=\"nofollow noopener\" target=\"_blank\">Polizei Aachen<\/a>\n                    <\/p>\n<p><a data-category=\"citylink-story-view\" data-action=\"click\" data-label=\"Citylink in Meldungsansicht\" class=\"story-city event-trigger\" href=\"https:\/\/www.presseportal.de\/regional\/W%FCrselen\" title=\"News aus W\u00fcrselen \" rel=\"nofollow noopener\" target=\"_blank\">W\u00fcrselen<\/a> (ots)<\/p>\n<p>Am Donnerstagabend (03.09.2026) ist ein 15 Jahre alter Jugendlicher im Rahmen einer Verkehrskontrolle mit seinem Kleinkraftrad vor der Polizei gefl\u00fcchtet. Hierbei st\u00fcrzte er mit seinem Gef\u00e4hrt und verletzte sich leicht.<\/p>\n<p>Nach derzeitigen Erkenntnissen war der 15-J\u00e4hrige mit einem Kleinkraftrad gegen 18:30 Uhr auf der Waldstra\u00dfe in Richtung Goulaystrasse unterwegs. Zu diesem Zeitpunkt f\u00fchrten dort Einsatzkr\u00e4fte der Polizei Aachen Verkehrskontrollen durch. Der Jugendliche sollte ebenfalls kontrolliert werden, sodass man ihn anwies anzuhalten.<\/p>\n<p>Der Fahrer missachtete die Anhaltezeichen und versuchte sich der Kontrolle zu entziehen. Hierbei verlor er die Kontrolle \u00fcber sein Kleinkraftrad, st\u00fcrzte und fl\u00fcchtete zu Fu\u00df weiter. Die Einsatzkr\u00e4fte eilten ihm nach und konnten ihn kurze Zeit sp\u00e4ter stellen und kontrollieren.<\/p>\n<p>Im Rahmen der Kontrolle wurde klar, dass der Jugendliche nicht im Besitz einer erforderlichen Fahrerlaubnis war und sein Versicherungskennzeichen \u00fcberklebt hatte. Ihn erwartet nun ein Strafverfahren. Aufgrund des Sturzes wurde ein Rettungswagen hinzugezogen. Seine Erziehungsberechtigten wurden \u00fcber den Vorfall informiert. (gw)<\/p>\n<p class=\"contact-headline\">R\u00fcckfragen bitte an:<\/p>\n<p class=\"contact-text\">Polizei Aachen<br \/>Pressestelle<\/p>\n<p>Telefon: 0241 \/ 9577 &#8211; 21211<br \/>E-Mail: <a href=\"https:\/\/www.presseportal.de\/blaulicht\/pm\/11559\/mailto:Pressestelle.Aachen@polizei.nrw.de\" class=\"uri-mailto\" rel=\"nofollow noopener\" target=\"_blank\">Pressestelle.Aachen@polizei.nrw.de<\/a><\/p>\n<p class=\"originator\">Original-Content von: Polizei Aachen, \u00fcbermittelt durch news aktuell<\/p>\n","protected":false},"excerpt":{"rendered":"04.09.2026 \u2013 14:11 Polizei Aachen W\u00fcrselen (ots) Am Donnerstagabend (03.09.2026) ist ein 15 Jahre alter Jugendlicher im Rahmen&hellip;\n","protected":false},"author":2,"featured_media":1266941,"comment_status":"","ping_status":"","sticky":false,"template":"","format":"standard","meta":{"footnotes":"","_share_on_mastodon":"0"},"categories":[1853],"tags":[1424,3364,29,548,663,3934,30,13,177,14,15,1209,176,121,178,180,179,181,12],"class_list":["post-1280300","post","type-post","status-publish","format-standard","has-post-thumbnail","category-aachen","tag-aachen","tag-de","tag-deutschland","tag-eu","tag-europa","tag-europe","tag-germany","tag-headlines","tag-kriminalitt","tag-nachrichten","tag-news","tag-nordrhein-westfalen","tag-nrw","tag-polizei","tag-presse","tag-pressemeldung","tag-pressemitteilung","tag-pressemitteilungen","tag-schlagzeilen"],"share_on_mastodon":{"url":"https:\/\/pubeurope.com\/@de\/117213171969357290","error":""},"_links":{"self":[{"href":"https:\/\/www.europesays.com\/de\/wp-json\/wp\/v2\/posts\/1280300","targetHints":{"allow":["GET"]}}],"collection":[{"href":"https:\/\/www.europesays.com\/de\/wp-json\/wp\/v2\/posts"}],"about":[{"href":"https:\/\/www.europesays.com\/de\/wp-json\/wp\/v2\/types\/post"}],"author":[{"embeddable":true,"href":"https:\/\/www.europesays.com\/de\/wp-json\/wp\/v2\/users\/2"}],"replies":[{"embeddable":true,"href":"https:\/\/www.europesays.com\/de\/wp-json\/wp\/v2\/comments?post=1280300"}],"version-history":[{"count":0,"href":"https:\/\/www.europesays.com\/de\/wp-json\/wp\/v2\/posts\/1280300\/revisions"}],"wp:featuredmedia":[{"embeddable":true,"href":"https:\/\/www.europesays.com\/de\/wp-json\/wp\/v2\/media\/1266941"}],"wp:attachment":[{"href":"https:\/\/www.europesays.com\/de\/wp-json\/wp\/v2\/media?parent=1280300"}],"wp:term":[{"taxonomy":"category","embeddable":true,"href":"https:\/\/www.europesays.com\/de\/wp-json\/wp\/v2\/categories?post=1280300"},{"taxonomy":"post_tag","embeddable":true,"href":"https:\/\/www.europesays.com\/de\/wp-json\/wp\/v2\/tags?post=1280300"}],"curies":[{"name":"wp","href":"https:\/\/api.w.org\/{rel}","templated":true}]}}