{"id":1280303,"date":"2026-09-04T14:13:17","date_gmt":"2026-09-04T14:13:17","guid":{"rendered":"https:\/\/www.europesays.com\/de\/1280303\/"},"modified":"2026-09-04T14:13:17","modified_gmt":"2026-09-04T14:13:17","slug":"polizisten-ertappen-nach-feierabend-in-chemnitz-sprayer","status":"publish","type":"post","link":"https:\/\/www.europesays.com\/de\/1280303\/","title":{"rendered":"Polizisten ertappen nach Feierabend in Chemnitz Sprayer"},"content":{"rendered":"<p class=\"text text--s\">\n\t\t\t\tFreie Presse bei Google bevorzugen\n\t\t\t<\/p>\n<p class=\"bold\">\n\t\t\t\t\t\t\t\t\t\tEin Graffito an einem Haus brachte Jugendliche in Erkl\u00e4rungsnot. Die Polizei nennt weitere Sch\u00e4den an einer Mauer und einem Automaten.\t\t\t\t<\/p>\n<p>\t\t\t\t Zwei 16-J\u00e4hrige und ein 17-J\u00e4hriger sind Freitag, 4. September, gegen 0.05 Uhr in Chemnitz an einem frisch gespr\u00fchten Graffito an einem Haus an der Promenadenstra\u00dfe aufgefallen. Als Polizeibeamte nach Dienstschluss auf dem Heimweg waren, bemerkten sie die drei Jugendlichen. Ein 16-J\u00e4hriger und der 17-J\u00e4hrige flohen, wurden laut Polizei aber&#8230;<\/p>\n<p>\t\t<img decoding=\"async\" loading=\"lazy\" class=\"fp-plus-logo\" src=\"https:\/\/www.freiepresse.de\/img\/fpplus.svg\" alt=\"Freie Presse plus Logo\"\/><\/p>\n<p>6 Wochen gratis lesen.<\/p>\n<p> Alle Artikel im Web und in der App frei<\/p>\n<p> Zugriff auf die digitale Zeitung<\/p>\n<p> T\u00e4glicher Newsletter f\u00fcr Ihre Region<\/p>\n<p>Sie haben bereits ein Digitalabo?<\/p>\n","protected":false},"excerpt":{"rendered":"Freie Presse bei Google bevorzugen Ein Graffito an einem Haus brachte Jugendliche in Erkl\u00e4rungsnot. Die Polizei nennt weitere&hellip;\n","protected":false},"author":2,"featured_media":1280304,"comment_status":"","ping_status":"","sticky":false,"template":"","format":"standard","meta":{"footnotes":"","_share_on_mastodon":"0"},"categories":[1851],"tags":[2770,3364,29,548,663,3934,30,13,17318,14,15,859,12],"class_list":["post-1280303","post","type-post","status-publish","format-standard","has-post-thumbnail","category-chemnitz","tag-chemnitz","tag-de","tag-deutschland","tag-eu","tag-europa","tag-europe","tag-germany","tag-headlines","tag-kriminalitaet-verstoesse","tag-nachrichten","tag-news","tag-sachsen","tag-schlagzeilen"],"share_on_mastodon":{"url":"","error":""},"_links":{"self":[{"href":"https:\/\/www.europesays.com\/de\/wp-json\/wp\/v2\/posts\/1280303","targetHints":{"allow":["GET"]}}],"collection":[{"href":"https:\/\/www.europesays.com\/de\/wp-json\/wp\/v2\/posts"}],"about":[{"href":"https:\/\/www.europesays.com\/de\/wp-json\/wp\/v2\/types\/post"}],"author":[{"embeddable":true,"href":"https:\/\/www.europesays.com\/de\/wp-json\/wp\/v2\/users\/2"}],"replies":[{"embeddable":true,"href":"https:\/\/www.europesays.com\/de\/wp-json\/wp\/v2\/comments?post=1280303"}],"version-history":[{"count":0,"href":"https:\/\/www.europesays.com\/de\/wp-json\/wp\/v2\/posts\/1280303\/revisions"}],"wp:featuredmedia":[{"embeddable":true,"href":"https:\/\/www.europesays.com\/de\/wp-json\/wp\/v2\/media\/1280304"}],"wp:attachment":[{"href":"https:\/\/www.europesays.com\/de\/wp-json\/wp\/v2\/media?parent=1280303"}],"wp:term":[{"taxonomy":"category","embeddable":true,"href":"https:\/\/www.europesays.com\/de\/wp-json\/wp\/v2\/categories?post=1280303"},{"taxonomy":"post_tag","embeddable":true,"href":"https:\/\/www.europesays.com\/de\/wp-json\/wp\/v2\/tags?post=1280303"}],"curies":[{"name":"wp","href":"https:\/\/api.w.org\/{rel}","templated":true}]}}