{"id":1280307,"date":"2026-09-04T14:15:18","date_gmt":"2026-09-04T14:15:18","guid":{"rendered":"https:\/\/www.europesays.com\/de\/1280307\/"},"modified":"2026-09-04T14:15:18","modified_gmt":"2026-09-04T14:15:18","slug":"wochenende-in-moenchengladbach-altstadtflohmarkt-und-stadtschuetzenfest","status":"publish","type":"post","link":"https:\/\/www.europesays.com\/de\/1280307\/","title":{"rendered":"Wochenende in M\u00f6nchengladbach: Altstadtflohmarkt und Stadtsch\u00fctzenfest"},"content":{"rendered":"<p>                    5. und 6. September in M\u00f6nchengladbach                Altstadtflohmarkt, Stadtsch\u00fctzenfest und Bobbycar-Rennen \u2013 die besten Tipps f\u00fcrs Wochenende<\/p>\n<p>                        <a class=\"absolute bottom-0 inset-x-0 z-10 group\/link before:float-left after:clear-both flex justify-end items-end print:hidden\" href=\"https:\/\/rp-online.de\/imgs\/32\/4\/6\/1\/3\/2\/7\/1\/3\/tok_1bf812eaab86e555fe62fc1c2bb1cb81\/w1900_h1069_x1796_y1011_DSCF9073-13e6de8d1ef38247.jpg\" title=\"Vergr\u00f6\u00dferte Ansicht\" aria-describedby=\"park-figure-\" data-enlargable=\"image\" rel=\"nofollow noopener\" target=\"_blank\"><\/p>\n<p>                            <\/a><\/p>\n<p>                <img class=\"inset-0 w-full h-full object-cover opacity-0 transition-opacity animated\" onload=\"this.style.opacity = '1';\" src=\"https:\/\/www.europesays.com\/de\/wp-content\/uploads\/2026\/09\/w2100_h1182_x1796_y1011_DSCF9073-13e6de8d1ef38247.jpg\"   alt=\"Kleidung, B\u00fccher und andere Sch\u00e4tze gibt es am Wochenende auf dem Altstadtflohmarkt.\" width=\"3592\" height=\"2022\" fetchpriority=\"high\" decoding=\"async\" data-park-image-img=\"\"\/><\/p>\n<p class=\"block font-sans text-30 text-black-almost dark:text-white-almost desktop:text-40 desktop:[.floated_&amp;]:text-30 mt-3 desktop:[.floated_&amp;]:mt-3 desktop:mt-4\" data-readtime-content=\"\">\n        Kleidung, B\u00fccher und andere Sch\u00e4tze gibt es am Wochenende auf dem Altstadtflohmarkt.\n    <\/p>\n<p>    Foto: Carsten Pfarr  <\/p>\n<p class=\"text-60 park-container-small px-6 mb-5 desktop:mb-4\">M\u00f6nchengladbach \u00b7 <strong data-cy=\"intro\" data-readtime-content=\"\">Die Stadt quillt beinahe \u00fcber vor Partys, Konzerten und Veranstaltungen. In Rheydt locken Stra\u00dfenfest und Livemusik, in Gladbach das Stadtsch\u00fctzenfest, Bobbycars und Tr\u00f6delmarkt. Im Volksbad hei\u00dft es \u201eLeinen los\u201c \u2013 denn dort d\u00fcrfen sich am Sonntag auch Vierbeiner ins Wasser st\u00fcrzen.<\/strong><\/p>\n","protected":false},"excerpt":{"rendered":"5. und 6. September in M\u00f6nchengladbach Altstadtflohmarkt, Stadtsch\u00fctzenfest und Bobbycar-Rennen \u2013 die besten Tipps f\u00fcrs Wochenende Kleidung, B\u00fccher&hellip;\n","protected":false},"author":2,"featured_media":1280308,"comment_status":"","ping_status":"","sticky":false,"template":"","format":"standard","meta":{"footnotes":"","_share_on_mastodon":"0"},"categories":[1849],"tags":[3364,29,548,663,3934,21338,30,13,21433,4455,21432,14,15,1209,12,94,21434],"class_list":["post-1280307","post","type-post","status-publish","format-standard","has-post-thumbnail","category-moenchengladbach","tag-de","tag-deutschland","tag-eu","tag-europa","tag-europe","tag-franz","tag-germany","tag-headlines","tag-karl","tag-moenchengladbach","tag-moor","tag-nachrichten","tag-news","tag-nordrhein-westfalen","tag-schlagzeilen","tag-theater","tag-theaterkasse"],"share_on_mastodon":{"url":"https:\/\/pubeurope.com\/@de\/117213196934834273","error":""},"_links":{"self":[{"href":"https:\/\/www.europesays.com\/de\/wp-json\/wp\/v2\/posts\/1280307","targetHints":{"allow":["GET"]}}],"collection":[{"href":"https:\/\/www.europesays.com\/de\/wp-json\/wp\/v2\/posts"}],"about":[{"href":"https:\/\/www.europesays.com\/de\/wp-json\/wp\/v2\/types\/post"}],"author":[{"embeddable":true,"href":"https:\/\/www.europesays.com\/de\/wp-json\/wp\/v2\/users\/2"}],"replies":[{"embeddable":true,"href":"https:\/\/www.europesays.com\/de\/wp-json\/wp\/v2\/comments?post=1280307"}],"version-history":[{"count":0,"href":"https:\/\/www.europesays.com\/de\/wp-json\/wp\/v2\/posts\/1280307\/revisions"}],"wp:featuredmedia":[{"embeddable":true,"href":"https:\/\/www.europesays.com\/de\/wp-json\/wp\/v2\/media\/1280308"}],"wp:attachment":[{"href":"https:\/\/www.europesays.com\/de\/wp-json\/wp\/v2\/media?parent=1280307"}],"wp:term":[{"taxonomy":"category","embeddable":true,"href":"https:\/\/www.europesays.com\/de\/wp-json\/wp\/v2\/categories?post=1280307"},{"taxonomy":"post_tag","embeddable":true,"href":"https:\/\/www.europesays.com\/de\/wp-json\/wp\/v2\/tags?post=1280307"}],"curies":[{"name":"wp","href":"https:\/\/api.w.org\/{rel}","templated":true}]}}