{"id":1280311,"date":"2026-09-04T14:17:21","date_gmt":"2026-09-04T14:17:21","guid":{"rendered":"https:\/\/www.europesays.com\/de\/1280311\/"},"modified":"2026-09-04T14:17:21","modified_gmt":"2026-09-04T14:17:21","slug":"katastrophenschutzuebung-phoenix-in-wiesbaden-erhoehtes-aufkommen-von-einsatzfahrzeugen","status":"publish","type":"post","link":"https:\/\/www.europesays.com\/de\/1280311\/","title":{"rendered":"Katastrophenschutz\u00fcbung \u201ePhoenix\u201c in Wiesbaden: Erh\u00f6htes Aufkommen von Einsatzfahrzeugen"},"content":{"rendered":"<p>            <a href=\"https:\/\/www.europesays.com\/de\/wp-content\/uploads\/2025\/08\/fire-fighters-1006915_1920.jpg\" data-caption=\"(Symbolfoto: Kerstin Riemer auf Pixabay)\"><img loading=\"lazy\" decoding=\"async\" width=\"696\" height=\"463\" class=\"entry-thumb td-modal-image\" src=\"data:image\/svg+xml,%3Csvg%20xmlns=\" http:=\"\" data-lazy- data-lazy- alt=\"\" title=\"Feuerwehr, rmv, Polizei\" data-lazy-src=\"https:\/\/www.europesays.com\/de\/wp-content\/uploads\/2025\/08\/fire-fighters-1006915_1920.jpg\"\/><\/a>(Symbolfoto: Kerstin Riemer auf Pixabay)<\/p>\n<p>Am Samstag, 12. September, findet in Wiesbaden die Katastrophenschutz\u00fcbung \u201ePhoenix\u201c statt. An dem Tag werden mehr Feuerwehr- und Rettungsdienstfahrzeuge als gew\u00f6hnlich durch die Stadt fahren. Es handelt sich um eine gemeinsame \u00dcbung der Landeshauptstadt Wiesbaden und zahlreicher Einsatzorganisationen. Die regul\u00e4re Notfallversorgung ist w\u00e4hrend der gesamten \u00dcbung sichergestellt.<\/p>\n<p>Ge\u00fcbt werden der Aufbau und Betrieb eines Behandlungsplatzes f\u00fcr bis zu 50 Verletzte sowie die Bew\u00e4ltigung eines Unfalls mit vielen Betroffenen. Feuerwehr, Rettungsdienst, Katastrophenschutzeinheiten und Krankenh\u00e4user trainieren dabei die gesamte Versorgungskette, von der Rettung und Erstversorgung \u00fcber die Koordination der Transporte bis hin zur Aufnahme und Weiterbehandlung in den Kliniken.<\/p>\n<p>Die Kern\u00fcbungszeit liegt zwischen 7.30 und 14.30 Uhr. Der gr\u00f6\u00dfte Teil der \u00dcbungen findet auf dem Gel\u00e4nde der Hessischen Hochschule f\u00fcr \u00f6ffentliches Management und Sicherheit (H\u00f6MS), Sch\u00f6nbergstra\u00dfe 100, statt. Ge\u00fcbt wird auch in den Helios Dr. Horst Schmidt Kliniken, Ludwig-Erhard-Stra\u00dfe 90, im St. Josefs-Hospital, Beethovenstra\u00dfe 20, in der Asklepios Paulinen Klinik, Geisenheimer Stra\u00dfe 10, sowie in der Personenauskunftsstelle des Deutschen Roten Kreuzes, Flachstra\u00dfe 6. Nur berechtigte Personen k\u00f6nnen die \u00dcbungsorte betreten. Es ist f\u00fcr Privatpersonen nicht m\u00f6glich, die \u00dcbung als Zuschauerin oder Zuschauer zu verfolgen.<\/p>\n<p>Zwischen dem \u00dcbungsgel\u00e4nde und den Krankenh\u00e4usern werden zahlreiche Einsatzfahrzeuge unterwegs sein. Die Katastrophenschutzeinheiten fahren teilweise in geschlossenen Fahrzeugverb\u00e4nden. Daher kann es insbesondere im Umfeld der H\u00f6MS und der Krankenh\u00e4user zeitweise zu Verkehrsbehinderungen kommen. Verkehrsteilnehmerinnen und Verkehrsteilnehmer werden gebeten, besonders aufmerksam zu fahren, Einsatzfahrzeugen mit Blaulicht und Martinshorn unverz\u00fcglich freie Bahn zu schaffen und geschlossene Fahrzeugverb\u00e4nde nicht zu unterbrechen.<\/p>\n<p>Voraussichtlich wird auch der Zivilschutzhubschrauber \u201eChristoph 2\u201c an der \u00dcbung teilnehmen. An Landepl\u00e4tzen muss mit Flugbewegungen und entsprechender Ger\u00e4uschentwicklung gerechnet werden.<\/p>\n<p>Die Stadt bittet alle B\u00fcrgerinnen und B\u00fcrger sowie die Anwohnerinnen und Anwohner der \u00dcbungsorte um Verst\u00e4ndnis f\u00fcr m\u00f6gliche Beeintr\u00e4chtigungen.<\/p>\n<p>(Text: PM Landeshauptstadt Wiesbaden)<\/p>\n<p><a href=\"https:\/\/www.rheinmainverlag.de\/author\/ahessberger\/\" rel=\"nofollow noopener\" target=\"_blank\"><img loading=\"lazy\" decoding=\"async\" src=\"data:image\/svg+xml,%3Csvg%20xmlns=\" http:=\"\" width=\"200\" height=\"200\" alt=\"\" itemprop=\"image\" data-lazy-src=\"https:\/\/www.europesays.com\/de\/wp-content\/uploads\/2025\/04\/Katja_Hessberger.jpg\"\/><\/a><\/p>\n<p>\u2026 erschlie\u00dft sich ihre Welt, indem sie viel Zeit in der Natur verbringt. Bei langen Fahrradtouren und sch\u00f6ne Wanderungen tankt sie Kraft. Lokale Themen sind ihre Welt. Sowohl in den Printprodukten als auch online informiert sie am liebsten \u00fcber Polizeiberichte, Tiergeschichten und Umweltthemen. Absolute Lieblingsbesch\u00e4ftigung in der Adventszeit: Pl\u00e4tzchen backen.<br \/>Mag: Tiere | Backen | Lokale Geschichten<\/p>\n<p>Set your Author Custom HTML Tab Content on your <a href=\"https:\/\/www.rheinmainverlag.de\/wp-admin\/profile.php#sabox-custom-job-title\" target=\"_blank\" class=\"clickable\" rel=\"nofollow noopener\">Profile page<\/a><\/p>\n","protected":false},"excerpt":{"rendered":"(Symbolfoto: Kerstin Riemer auf Pixabay) Am Samstag, 12. September, findet in Wiesbaden die Katastrophenschutz\u00fcbung \u201ePhoenix\u201c statt. An dem&hellip;\n","protected":false},"author":2,"featured_media":336127,"comment_status":"","ping_status":"","sticky":false,"template":"","format":"standard","meta":{"footnotes":"","_share_on_mastodon":"0"},"categories":[1847],"tags":[3364,29,548,663,3934,30,13,2052,14,15,12,4544],"class_list":["post-1280311","post","type-post","status-publish","format-standard","has-post-thumbnail","category-wiesbaden","tag-de","tag-deutschland","tag-eu","tag-europa","tag-europe","tag-germany","tag-headlines","tag-hessen","tag-nachrichten","tag-news","tag-schlagzeilen","tag-wiesbaden"],"share_on_mastodon":{"url":"https:\/\/pubeurope.com\/@de\/117213203341240470","error":""},"_links":{"self":[{"href":"https:\/\/www.europesays.com\/de\/wp-json\/wp\/v2\/posts\/1280311","targetHints":{"allow":["GET"]}}],"collection":[{"href":"https:\/\/www.europesays.com\/de\/wp-json\/wp\/v2\/posts"}],"about":[{"href":"https:\/\/www.europesays.com\/de\/wp-json\/wp\/v2\/types\/post"}],"author":[{"embeddable":true,"href":"https:\/\/www.europesays.com\/de\/wp-json\/wp\/v2\/users\/2"}],"replies":[{"embeddable":true,"href":"https:\/\/www.europesays.com\/de\/wp-json\/wp\/v2\/comments?post=1280311"}],"version-history":[{"count":0,"href":"https:\/\/www.europesays.com\/de\/wp-json\/wp\/v2\/posts\/1280311\/revisions"}],"wp:featuredmedia":[{"embeddable":true,"href":"https:\/\/www.europesays.com\/de\/wp-json\/wp\/v2\/media\/336127"}],"wp:attachment":[{"href":"https:\/\/www.europesays.com\/de\/wp-json\/wp\/v2\/media?parent=1280311"}],"wp:term":[{"taxonomy":"category","embeddable":true,"href":"https:\/\/www.europesays.com\/de\/wp-json\/wp\/v2\/categories?post=1280311"},{"taxonomy":"post_tag","embeddable":true,"href":"https:\/\/www.europesays.com\/de\/wp-json\/wp\/v2\/tags?post=1280311"}],"curies":[{"name":"wp","href":"https:\/\/api.w.org\/{rel}","templated":true}]}}