{"id":1280333,"date":"2026-09-04T14:33:30","date_gmt":"2026-09-04T14:33:30","guid":{"rendered":"https:\/\/www.europesays.com\/de\/1280333\/"},"modified":"2026-09-04T14:33:30","modified_gmt":"2026-09-04T14:33:30","slug":"ukraine-news-russland-greift-sbu-zentrale-in-kiew-an-feuer-bricht-aus","status":"publish","type":"post","link":"https:\/\/www.europesays.com\/de\/1280333\/","title":{"rendered":"Ukraine-News: Russland greift SBU-Zentrale in Kiew an \u2013 Feuer bricht aus"},"content":{"rendered":"<p class=\"text-18 leading-17 user-text-lg:text-22 user-text-xl:text-24\">Insgesamt wurden bei Angriffen in der Nacht zu Freitag in der Region Kiew nach ukrainischen Angaben mindestens 13 Menschen verletzt, darunter ein zw\u00f6lfj\u00e4hriges M\u00e4dchen. Das Milit\u00e4r von Russlands Staatschef <a href=\"https:\/\/www.t-online.de\/themen\/wladimir-putin\/\" class=\"transition-colors cursor-pointer no-underline md:hover:text-magenta md:focus:text-magenta border-b border-solid border-current text-salemsfur md:hover:border-magenta\" data-tracking=\"{&quot;action&quot;:&quot;click&quot;,&quot;category&quot;:&quot;intextLink&quot;,&quot;label&quot;:&quot;\/themen\/wladimir-putin\/&quot;}\" data-sctrack=\"BodyAnchor\" rel=\"nofollow noopener\" target=\"_blank\">Wladimir Putin<\/a> hatte zuletzt seine Angriffe auf zivile Ziele in der <a href=\"https:\/\/www.t-online.de\/themen\/ukraine\/\" class=\"transition-colors cursor-pointer no-underline md:hover:text-magenta md:focus:text-magenta border-b border-solid border-current text-salemsfur md:hover:border-magenta\" data-tracking=\"{&quot;action&quot;:&quot;click&quot;,&quot;category&quot;:&quot;intextLink&quot;,&quot;label&quot;:&quot;\/themen\/ukraine\/&quot;}\" data-sctrack=\"BodyAnchor\" rel=\"nofollow noopener\" target=\"_blank\">Ukraine<\/a> verst\u00e4rkt.<\/p>\n<p>Russische \u00d6leinnahmen auf niedrigsten Stand seit sechs Monaten<\/p>\n<p class=\"text-18 leading-17 user-text-lg:text-22 user-text-xl:text-24\">Im August 2026 sanken Russlands Einnahmen aus \u00d6lverk\u00e4ufen aufgrund fallender Exportpreise auf den niedrigsten Stand seit sechs Monaten, berichtet die amerikanische Wirtschaftsnachrichtenagentur Bloomberg am Donnerstag.<\/p>\n<p class=\"text-18 leading-17 user-text-lg:text-22 user-text-xl:text-24\">Laut Bloombergs Berechnungen, die auf aktuellen Daten des russischen Finanzministeriums basieren, beliefen sich die Nettoeinnahmen des Haushalts aus der \u00d6lf\u00f6rderung auf 326,2 Milliarden Rubel (3,76 Milliarden US-Dollar). Das waren etwa 22 Prozent weniger als im selben Zeitraum 2025 und der niedrigste Stand seit Februar 2026.<\/p>\n<p>\u00d6ldepot in Sotschi in Brand<\/p>\n<p class=\"text-18 leading-17 user-text-lg:text-22 user-text-xl:text-24\">Nach einem ukrainischen Drohnenangriff brennt ein \u00d6ldepot in der russischen Schwarzmeer-Hafenstadt Sotschi. Dies teilen die russischen Beh\u00f6rden der Region Krasnodar \u00fcber den Kurznachrichtendienst Telegram mit.<\/p>\n<p>Attentat auf russischen General<\/p>\n<p class=\"text-18 leading-17 user-text-lg:text-22 user-text-xl:text-24\">Auf den russischen General Nikolai Warpakhowitsch hat es offenbar ein Attentat gegeben. Wie russische Telegramkan\u00e4le melden, sei am Donnerstag auf ihn geschossen worden. Er habe sich in der Stadt Engels in der Region Saratow aufgehalten, nahe der sich einer der wichtigsten russischen Luftwaffenst\u00fctzpunkte befindet.<\/p>\n<p class=\"text-18 leading-17 user-text-lg:text-22 user-text-xl:text-24\">Der Leiter der 22. Schweren Bomberdivision sei von mehreren Kugeln getroffen worden, hie\u00df es. Der ukrainische Pr\u00e4sident Wolodymyr Selenskyj best\u00e4tigte den Namen nicht, sprach aber am Abend von &#8222;asymmetrischen Attacken&#8220;, die die Ukraine in <a href=\"https:\/\/www.t-online.de\/themen\/russland\/\" class=\"transition-colors cursor-pointer no-underline md:hover:text-magenta md:focus:text-magenta border-b border-solid border-current text-salemsfur md:hover:border-magenta\" data-tracking=\"{&quot;action&quot;:&quot;click&quot;,&quot;category&quot;:&quot;intextLink&quot;,&quot;label&quot;:&quot;\/themen\/russland\/&quot;}\" data-sctrack=\"BodyAnchor\" rel=\"nofollow noopener\" target=\"_blank\">Russland<\/a> durchf\u00fchre. &#8222;Die russischen Kriminellen haben sich nicht versteckt \u2013 sie werden gefunden werden. Und heute gibt es eine weitere Best\u00e4tigung daf\u00fcr, eine Best\u00e4tigung aus der Region Saratow&#8220;, sagte er.<\/p>\n<p class=\"text-18 leading-17 user-text-lg:text-22 user-text-xl:text-24\">Warpakhowitsch wird von der Ukraine vorgeworfen, einen Angriff auf Kiew im Juli 2024 befohlen zu haben, bei dem ein Krankenhaus getroffen wurde. Drei Menschen kamen ums Leben, darunter ein Kind.<\/p>\n<p><a href=\"#focus-2\" class=\"transition-colors block text-current relative\" data-sctrack=\"FocusGalleryImage.Reference\"><img   loading=\"lazy\" src=\"https:\/\/images.t-online.de\/2026\/09\/b5TiiEA84IR4\/0x42:967x544\/fit-in\/967x0\/der-russische-general-nikolai-warpachowitsch-auf-ihn-wurde-offenbar-geschossen.heif\" alt=\"Der russische General Nikolai Warpachowitsch. Auf ihn wurde offenbar geschossen.\" title=\"Der russische General Nikolai Warpachowitsch. Auf ihn wurde offenbar geschossen.\" width=\"967\" height=\"544\" class=\"h-full w-full max-w-full rounded-8\" decoding=\"async\"\/><img loading=\"lazy\" src=\"https:\/\/www.t-online.de\/s\/paper\/_next\/static\/media\/zoom-in.f7dae02f.svg\" alt=\"Vergr\u00f6\u00dfern des Bildes\" title=\"Vergr\u00f6\u00dfern des Bildes\" class=\"block h-[calc(var(--height)_\/_16_*_1rem)] w-[calc(var(--width)_\/_16_*_1rem)] max-w-none absolute right-8 bottom-8 rounded-4 bg-snow p-8\" style=\"--width:32;--height:32\" decoding=\"async\"\/>Der russische General Nikolai Warpakhowitsch. Auf ihn wurde offenbar geschossen. (Quelle: Telegram)<\/a><\/p>\n<p>Russland: Tote nach ukrainischem Beschuss<\/p>\n<p class=\"text-18 leading-17 user-text-lg:text-22 user-text-xl:text-24\">Durch ukrainischen Beschuss sind im russischen Grenzgebiet Belgorod nach Beh\u00f6rdenangaben mindestens vier Menschen get\u00f6tet worden. Drei weitere seien verletzt worden, teilte der kommissarische Gouverneur der westrussischen Region, Alexander Schuwajew, bei Telegram mit. Die Opfer waren demnach in einem Krankenwagen in der Stadt Schebekino unterwegs. Schebekino ist nur rund f\u00fcnf Kilometer von der russisch-ukrainischen Grenze entfernt. Russische Truppen sind an diesem Grenzabschnitt bis zu zehn Kilometer weit in die benachbarte ukrainische Region Charkiw vorgedrungen. Die Angaben lassen sich nicht unabh\u00e4ngig \u00fcberpr\u00fcfen.<\/p>\n<p>Loading&#8230;<\/p>\n<p>Loading&#8230;<\/p>\n<p>Loading&#8230;<\/p>\n","protected":false},"excerpt":{"rendered":"Insgesamt wurden bei Angriffen in der Nacht zu Freitag in der Region Kiew nach ukrainischen Angaben mindestens 13&hellip;\n","protected":false},"author":2,"featured_media":1280334,"comment_status":"","ping_status":"","sticky":false,"template":"","format":"standard","meta":{"footnotes":"","_share_on_mastodon":"0"},"categories":[4013],"tags":[1217,326,6079,522,19353,331,332,19105,163545,635,106,1478,663,646,64509,13,26838,119391,120304,5793,451,14,1159,15,3129,913,264208,51861,3186,4043,4044,850,307,41599,37440,12,8641,6075,317,312,64,8329,306,107],"class_list":["post-1280333","post","type-post","status-publish","format-standard","has-post-thumbnail","category-russland","tag-1217","tag-326","tag-6079","tag-522","tag-afp","tag-aktuelle-nachrichten","tag-aktuelle-news","tag-bloomberg","tag-browary","tag-coca-cola","tag-donald-trump","tag-drohne","tag-europa","tag-finnland","tag-hauptgebaeude","tag-headlines","tag-helsinki","tag-inlandsgeheimdienst","tag-jared-kushner","tag-kiew","tag-militaer","tag-nachrichten","tag-nato","tag-news","tag-newsblog","tag-norwegen","tag-olexander-poklad","tag-porvoo","tag-reuters","tag-russia","tag-russian-federation","tag-russische-foederation","tag-russland","tag-sankt-petersburg","tag-saratow","tag-schlagzeilen","tag-sotschi","tag-telegram","tag-ukraine","tag-ukrainekrieg","tag-usa","tag-vitali-klitschko","tag-wladimir-putin","tag-wolodymyr-selenskyj"],"share_on_mastodon":{"url":"","error":"Validation failed: Text character limit of 500 exceeded"},"_links":{"self":[{"href":"https:\/\/www.europesays.com\/de\/wp-json\/wp\/v2\/posts\/1280333","targetHints":{"allow":["GET"]}}],"collection":[{"href":"https:\/\/www.europesays.com\/de\/wp-json\/wp\/v2\/posts"}],"about":[{"href":"https:\/\/www.europesays.com\/de\/wp-json\/wp\/v2\/types\/post"}],"author":[{"embeddable":true,"href":"https:\/\/www.europesays.com\/de\/wp-json\/wp\/v2\/users\/2"}],"replies":[{"embeddable":true,"href":"https:\/\/www.europesays.com\/de\/wp-json\/wp\/v2\/comments?post=1280333"}],"version-history":[{"count":0,"href":"https:\/\/www.europesays.com\/de\/wp-json\/wp\/v2\/posts\/1280333\/revisions"}],"wp:featuredmedia":[{"embeddable":true,"href":"https:\/\/www.europesays.com\/de\/wp-json\/wp\/v2\/media\/1280334"}],"wp:attachment":[{"href":"https:\/\/www.europesays.com\/de\/wp-json\/wp\/v2\/media?parent=1280333"}],"wp:term":[{"taxonomy":"category","embeddable":true,"href":"https:\/\/www.europesays.com\/de\/wp-json\/wp\/v2\/categories?post=1280333"},{"taxonomy":"post_tag","embeddable":true,"href":"https:\/\/www.europesays.com\/de\/wp-json\/wp\/v2\/tags?post=1280333"}],"curies":[{"name":"wp","href":"https:\/\/api.w.org\/{rel}","templated":true}]}}