{"id":1280343,"date":"2026-09-04T14:41:43","date_gmt":"2026-09-04T14:41:43","guid":{"rendered":"https:\/\/www.europesays.com\/de\/1280343\/"},"modified":"2026-09-04T14:41:43","modified_gmt":"2026-09-04T14:41:43","slug":"hessen-eintracht-frankfurt-muss-im-europa-cup-gegen-fh-hafnarfjoerdur-ran","status":"publish","type":"post","link":"https:\/\/www.europesays.com\/de\/1280343\/","title":{"rendered":"Hessen: Eintracht Frankfurt muss im Europa Cup gegen FH Hafnarfj\u00f6rdur ran"},"content":{"rendered":"<p>            <img loading=\"lazy\" decoding=\"async\" class=\"ts-image\" src=\"https:\/\/www.europesays.com\/de\/wp-content\/uploads\/2026\/09\/hr-eintracht-frankfurt-muss-im-europa-cup-gegen-fh-hafnarfjoerdur-ran-106.jpg\" alt=\"Eintracht Frankfurt muss im Europa Cup gegen FH Hafnarfj\u00f6rdur ran\" title=\"Eintracht Frankfurt muss im Europa Cup gegen FH Hafnarfj\u00f6rdur ran | IMAGO \/ PsnewZ\"\/><\/p>\n<p class=\"metatextline\">Stand: 04.09.2026 \u2022 15:53 Uhr<\/p>\n<p class=\"article-head__shorttext\">\n        <strong>Die Fu\u00dfballerinnen von Eintracht Frankfurt haben in der Auslosung f\u00fcr den Europa Cup einen exotischen Gegner zugelost bekommen. Die Hessinnen sind gegen die Isl\u00e4nderinnen von FH Hafnarfj\u00f6rdur gefordert.<\/strong>\n    <\/p>\n<p class=\"textabsatz m-ten m-offset-one l-eight l-offset-two columns twelve\">Eintracht Frankfurt hat in der Auslosung zur zweiten Qualifikationsrunde im Uefa Women&#8217;s Europa Cup ein exotisches Los bekommen. Die Hessinnen treffen auf FH Hafnarfj\u00f6rdur aus Island. Das ergab die Auslosung in Nyon am Freitag. Die Hessinnen waren am Mittwoch in der Qualifikation zur Champions League an Paris Saint-Germain gesche\u00f6llitert. Die Eintracht hat gegen FH Hafnarfj\u00f6rdur zun\u00e4chst Heimrecht.<\/p>\n<p class=\"textabsatz m-ten m-offset-one l-eight l-offset-two columns twelve\">Der zur vergangenen Saison eingef\u00fchrte Europa Cup wird inklusive der Finalpartien Anfang Mai im reinen K.o.-Modus mit Hin- und R\u00fcckspiel ausgespielt. Die erste Auflage hatte BK H\u00e4cken gewonnen, im Halbfinale war der schwedische Club gegen die Frankfurterinnen weiter gekommen.<\/p>\n<p class=\"textabsatz m-ten m-offset-one l-eight l-offset-two columns twelve\">Das Hinspiel der zweiten Qualifikationsrunde findet am 23. September statt, das R\u00fcckspiel am 30. September. Die Gewinnermannschaft r\u00fcckt ins Achtelfinale vor, das am 28.\/29. Oktober und 10.\/11. November ausgespielt wird. Die weiteren Runden steigen am 3.\/4. &amp; 10.\/11. Februar (Viertelfinale) sowie 23.\/24. M\u00e4rz &amp; 30. M\u00e4rz\/1. April (Halbfinale). Das Finale wird ebenfalls in Hin- und R\u00fcckspiel ausgespielt. Diese sind am 1.\/2. und 8.\/9. Mai.<\/p>\n<p>                                        <a class=\"backlink__link\" href=\"https:\/\/www.hessenschau.de\/sport\/fussball\/eintracht-frankfurt-frauen\/eintracht-frankfurt-muss-im-europa-cup-gegen-fh-hafnarfjoerdur-ran-v1,sge-frauen-auslosung-100.html\" rel=\"nofollow noopener\" target=\"_blank\"><\/p>\n<p>                                                <img decoding=\"async\" src=\"https:\/\/images.tagesschau.de\/image\/d5dbef2b-a561-4a5d-8a3f-af75f4c80994\/AAABlap_bik\/AAABnR8VW9w\/original\/lra-hr-logo-100.svg\" alt=\"Hessischer Rundfunk\"\/><\/p>\n<p>                                        <\/a><\/p>\n","protected":false},"excerpt":{"rendered":"Stand: 04.09.2026 \u2022 15:53 Uhr Die Fu\u00dfballerinnen von Eintracht Frankfurt haben in der Auslosung f\u00fcr den Europa Cup&hellip;\n","protected":false},"author":2,"featured_media":1280344,"comment_status":"","ping_status":"","sticky":false,"template":"","format":"standard","meta":{"footnotes":"","_share_on_mastodon":"0"},"categories":[3933],"tags":[331,332,548,663,158,3934,3935,13,2052,12591,14,15,12],"class_list":["post-1280343","post","type-post","status-publish","format-standard","has-post-thumbnail","category-eu","tag-aktuelle-nachrichten","tag-aktuelle-news","tag-eu","tag-europa","tag-europaeische-union","tag-europe","tag-european-union","tag-headlines","tag-hessen","tag-hr","tag-nachrichten","tag-news","tag-schlagzeilen"],"share_on_mastodon":{"url":"https:\/\/pubeurope.com\/@de\/117213300843237858","error":""},"_links":{"self":[{"href":"https:\/\/www.europesays.com\/de\/wp-json\/wp\/v2\/posts\/1280343","targetHints":{"allow":["GET"]}}],"collection":[{"href":"https:\/\/www.europesays.com\/de\/wp-json\/wp\/v2\/posts"}],"about":[{"href":"https:\/\/www.europesays.com\/de\/wp-json\/wp\/v2\/types\/post"}],"author":[{"embeddable":true,"href":"https:\/\/www.europesays.com\/de\/wp-json\/wp\/v2\/users\/2"}],"replies":[{"embeddable":true,"href":"https:\/\/www.europesays.com\/de\/wp-json\/wp\/v2\/comments?post=1280343"}],"version-history":[{"count":0,"href":"https:\/\/www.europesays.com\/de\/wp-json\/wp\/v2\/posts\/1280343\/revisions"}],"wp:featuredmedia":[{"embeddable":true,"href":"https:\/\/www.europesays.com\/de\/wp-json\/wp\/v2\/media\/1280344"}],"wp:attachment":[{"href":"https:\/\/www.europesays.com\/de\/wp-json\/wp\/v2\/media?parent=1280343"}],"wp:term":[{"taxonomy":"category","embeddable":true,"href":"https:\/\/www.europesays.com\/de\/wp-json\/wp\/v2\/categories?post=1280343"},{"taxonomy":"post_tag","embeddable":true,"href":"https:\/\/www.europesays.com\/de\/wp-json\/wp\/v2\/tags?post=1280343"}],"curies":[{"name":"wp","href":"https:\/\/api.w.org\/{rel}","templated":true}]}}