{"id":1280351,"date":"2026-09-04T14:47:21","date_gmt":"2026-09-04T14:47:21","guid":{"rendered":"https:\/\/www.europesays.com\/de\/1280351\/"},"modified":"2026-09-04T14:47:21","modified_gmt":"2026-09-04T14:47:21","slug":"ehemalige-rhoendorfer-weinkoenigin-will-deutsche-weinmajestaet-werden-honnef-heute","status":"publish","type":"post","link":"https:\/\/www.europesays.com\/de\/1280351\/","title":{"rendered":"Ehemalige Rh\u00f6ndorfer Weink\u00f6nigin will Deutsche Weinmajest\u00e4t werden | Honnef heute"},"content":{"rendered":"<p><strong>Rh\u00f6ndorf. Von Rh\u00f6ndorf auf die gro\u00dfe B\u00fchne: Janina Mehr, die 2024 Weink\u00f6nigin von <a href=\"https:\/\/www.ziepchesjecke.de\/winzercorps\/\" target=\"_blank\" rel=\"noopener nofollow\">Rh\u00f6ndorf<\/a> wurde und heute als Mittelrhein-Weink\u00f6nigin das Anbaugebiet vertritt, tritt bei der Wahl der 78. Deutschen Weinmajest\u00e4t an.<\/strong><\/p>\n<p>Die in Bonn geborene Rheinbreitbacherin geh\u00f6rt zu den elf Kandidatinnen und Kandidaten aus den deutschen Weinregionen, die sich um das Amt bewerben. Die intensive Vorbereitung auf den Wettbewerb hat bereits begonnen. Anfang August trafen sich die Gebietsweinhoheiten zu einem dreit\u00e4gigen Seminar in Neustadt an der Weinstra\u00dfe. Medien- und Kommunikationstraining, Stilberatung, ein Fotoshooting und ein Englisch-Crashkurs standen auf dem Programm.<\/p>\n<p>\t\t\t\t\tAnzeige<br \/>\n<a href=\"https:\/\/rheinland-marketing-gruppe.de\/\" target=\"_blank\" rel=\"noopener nofollow\"><img loading=\"lazy\" decoding=\"async\" class=\"aligncenter wp-image-271419\" src=\"https:\/\/www.europesays.com\/de\/wp-content\/uploads\/2026\/06\/banner-rmg-26-v2.jpg\" alt=\"\" width=\"600\" height=\"400\"\/><\/a>\t\t\t\t<\/p>\n<p>F\u00fcr Mehr ist Wein ein vergleichsweise junges Thema. Sie ist Quereinsteigerin und hat sich ihr Wissen selbst erarbeitet. Ihren Weg zum Wein verbindet sie eng mit ihrer Zeit als Ortsweinhoheit in Rh\u00f6ndorf. Der Kontakt zu Winzerinnen und Winzern, die vielen Veranstaltungen und vor allem die Menschen hinter dem Wein h\u00e4tten ihren Wunsch verst\u00e4rkt, regionale Weinkultur zu vermitteln.<\/p>\n<p><a href=\"https:\/\/www.europesays.com\/de\/wp-content\/uploads\/2026\/09\/Weinkoenigin-Rhoendorf-7.jpg\"><img loading=\"lazy\" decoding=\"async\" data-attachment-id=\"230312\" data-permalink=\"https:\/\/honnef-heute.de\/rhoendorf-hat-eine-neue-weinkoenigin-und-drei-prinzessinnen\/weinkoenigin-rhoendorf-7\/\" data-orig-file=\"https:\/\/www.europesays.com\/de\/wp-content\/uploads\/2026\/09\/Weinkoenigin-Rhoendorf-7.jpg\" data-orig-size=\"900,600\" data-comments-opened=\"1\" data-image-title=\"Weink\u00f6nigin-Rh\u00f6ndorf-(7)\" data-image-description=\"\" data-image-caption=\"&lt;p&gt;Ehemalige Rh\u00f6ndorfer Weink\u00f6nigin Janina I. (2.v.r.) mit ihren damaligen Prinzessinnen (v.l.) Aaliyah, Jasmin und Sarah&lt;\/p&gt;&#10;\" data-large-file=\"https:\/\/www.europesays.com\/de\/wp-content\/uploads\/2026\/09\/Weinkoenigin-Rhoendorf-7.jpg\" class=\"wp-image-230312 size-full\" src=\"https:\/\/www.europesays.com\/de\/wp-content\/uploads\/2026\/09\/Weinkoenigin-Rhoendorf-7.jpg\" alt=\"Weinkoenigin Rhoendorf 7\" width=\"900\" height=\"600\" title=\"Ehemalige Rh\u00f6ndorfer Weink\u00f6nigin will Deutsche Weinmajest\u00e4t werden 2\"  \/><\/a>Ehemalige Rh\u00f6ndorfer Weink\u00f6nigin Janina I. (2.v.r.) mit ihren damaligen Prinzessinnen (v.l.) Aaliyah, Jasmin und Sarah<\/p>\n<p>\u201eIch bin kein Profi\u201c, sagt die Mittzwanzigerin \u00fcber sich selbst. Gerade das mache sie authentisch. Sie m\u00f6chte Menschen f\u00fcr Wein begeistern, ohne ihn unn\u00f6tig kompliziert zu machen. Wein m\u00fcsse erlebbar und verst\u00e4ndlich sein \u2013 etwa bei Weinfestivals, After-Work-Veranstaltungen, mit passenden Speisen oder \u00fcber soziale Medien.<\/p>\n<p>Auch die rheinische Lebensart geh\u00f6rt f\u00fcr Mehr dazu. Seit elf Jahren tanzt sie in der Tanzgarde der Ziepches Jecke. Ihr Lebensmotto beschreibt sie mit dem K\u00f6lschen Grundgesetz: \u201eEt es wie et es, et k\u00fctt wie et k\u00fctt und et h\u00e4tt noch immer joot jejange.\u201c<\/p>\n<p>Bei besonderen Anl\u00e4ssen trinkt sie gerne Gelben Muskateller-Sekt. W\u00fcrde sie dagegen einmal mit dem Kabarettisten Thorsten Str\u00e4ter ein Glas Wein trinken, w\u00e4re ihre Wahl schnell getroffen: ein Mittelrhein-Riesling. Der habe ebenso viele Facetten und Tiefgang wie ein guter Kabarettist.<\/p>\n<p>Beruflich arbeitet Janina Mehr als zahnmedizinische Prophylaxe-Assistentin an der Uniklinik Bonn. Der Wein soll aber auch k\u00fcnftig einen festen Platz in ihrem Leben behalten.<\/p>\n<p>Vorentscheidung am 19. September<\/p>\n<p>Die Vorentscheidung zur Wahl der <a href=\"https:\/\/www.deutscheweine.de\/fileadmin\/DWK\/DWK_Bilder\/DWK\/Wahl_25_26\/Vorentscheid_25_26\/DWM_WeinIntern_2026.pdf\" target=\"_blank\" rel=\"noopener nofollow\">Deutschen Weinmajest\u00e4t<\/a> findet am Samstag, 19. September, von 15 bis 18.30 Uhr statt und wird live \u00fcbertragen. Das Finale folgt am Freitag, 25. September, ab 20.15 Uhr im Saalbau in Neustadt an der Weinstra\u00dfe. Dort k\u00f6nnen auch Zuschauerinnen und Zuschauer online abstimmen.<\/p>\n<p>Neben Janina Mehr vom Mittelrhein treten Kandidatinnen und Kandidaten aus zehn weiteren deutschen Anbaugebieten an. Die Anbaugebiete Sachsen und Nahe sind in diesem Jahr nicht vertreten.<\/p>\n<p>F\u00fcr die Weinregion Mittelrhein ist die Wahl damit auch eine Gelegenheit, \u00fcberregional auf die Region und ihre Weinkultur aufmerksam zu machen.<\/p>\n<p>Diesj\u00e4hrige Kandiatinnen und Kandidaten<\/p>\n<p><a href=\"https:\/\/www.europesays.com\/de\/wp-content\/uploads\/2026\/09\/weinmajestaeten.jpg\"><img loading=\"lazy\" decoding=\"async\" data-attachment-id=\"276932\" data-permalink=\"https:\/\/honnef-heute.de\/ehemalige-rhoendorfer-weinkoenigin-will-deutsche-weinmajestaet-werden\/weinmajestaeten\/\" data-orig-file=\"https:\/\/www.europesays.com\/de\/wp-content\/uploads\/2026\/09\/weinmajestaeten.jpg\" data-orig-size=\"1200,800\" data-comments-opened=\"1\" data-image-title=\"weinmajest\u00e4ten\" data-image-description=\"\" data-image-caption=\"&lt;p&gt;Foto: DWI&lt;\/p&gt;&#10;\" data-large-file=\"https:\/\/honnef-heute.de\/wp-content\/uploads\/2026\/09\/weinmajestaeten-1024x683.jpg\" class=\"wp-image-276932 size-full\" src=\"https:\/\/www.europesays.com\/de\/wp-content\/uploads\/2026\/09\/weinmajestaeten.jpg\" alt=\"weinmajestaeten\" width=\"1200\" height=\"800\" title=\"Ehemalige Rh\u00f6ndorfer Weink\u00f6nigin will Deutsche Weinmajest\u00e4t werden 3\"  \/><\/a>Kandidatinnen und Kandidat 2026 (Janina Mehr rechts Mitte an der S\u00e4ule) \u2013 Foto: DWI<\/p>\n<p>\u00a0<\/p>\n","protected":false},"excerpt":{"rendered":"Rh\u00f6ndorf. Von Rh\u00f6ndorf auf die gro\u00dfe B\u00fchne: Janina Mehr, die 2024 Weink\u00f6nigin von Rh\u00f6ndorf wurde und heute als&hellip;\n","protected":false},"author":2,"featured_media":1280352,"comment_status":"","ping_status":"","sticky":false,"template":"","format":"standard","meta":{"footnotes":"","_share_on_mastodon":"0"},"categories":[1842],"tags":[21722,1741,3364,29,30,139272,1350,15,1209,178,1986],"class_list":["post-1280351","post","type-post","status-publish","format-standard","has-post-thumbnail","category-bonn","tag-bad-honnef","tag-bonn","tag-de","tag-deutschland","tag-germany","tag-honnef-heute","tag-neuigkeiten","tag-news","tag-nordrhein-westfalen","tag-presse","tag-zeitung"],"share_on_mastodon":{"url":"","error":""},"_links":{"self":[{"href":"https:\/\/www.europesays.com\/de\/wp-json\/wp\/v2\/posts\/1280351","targetHints":{"allow":["GET"]}}],"collection":[{"href":"https:\/\/www.europesays.com\/de\/wp-json\/wp\/v2\/posts"}],"about":[{"href":"https:\/\/www.europesays.com\/de\/wp-json\/wp\/v2\/types\/post"}],"author":[{"embeddable":true,"href":"https:\/\/www.europesays.com\/de\/wp-json\/wp\/v2\/users\/2"}],"replies":[{"embeddable":true,"href":"https:\/\/www.europesays.com\/de\/wp-json\/wp\/v2\/comments?post=1280351"}],"version-history":[{"count":0,"href":"https:\/\/www.europesays.com\/de\/wp-json\/wp\/v2\/posts\/1280351\/revisions"}],"wp:featuredmedia":[{"embeddable":true,"href":"https:\/\/www.europesays.com\/de\/wp-json\/wp\/v2\/media\/1280352"}],"wp:attachment":[{"href":"https:\/\/www.europesays.com\/de\/wp-json\/wp\/v2\/media?parent=1280351"}],"wp:term":[{"taxonomy":"category","embeddable":true,"href":"https:\/\/www.europesays.com\/de\/wp-json\/wp\/v2\/categories?post=1280351"},{"taxonomy":"post_tag","embeddable":true,"href":"https:\/\/www.europesays.com\/de\/wp-json\/wp\/v2\/tags?post=1280351"}],"curies":[{"name":"wp","href":"https:\/\/api.w.org\/{rel}","templated":true}]}}