{"id":1280358,"date":"2026-09-04T14:53:17","date_gmt":"2026-09-04T14:53:17","guid":{"rendered":"https:\/\/www.europesays.com\/de\/1280358\/"},"modified":"2026-09-04T14:53:17","modified_gmt":"2026-09-04T14:53:17","slug":"ploetzlich-sitzt-frau-am-steuer-bei-wechsel-auf-a6-bei-wendelstein-erwischt","status":"publish","type":"post","link":"https:\/\/www.europesays.com\/de\/1280358\/","title":{"rendered":"Pl\u00f6tzlich sitzt Frau am Steuer: Bei Wechsel auf A6 bei Wendelstein erwischt"},"content":{"rendered":"<p class=\"em_text\"><strong>Platz getauscht haben Fahrer und Beifahrerin am Donnerstagabend w\u00e4hrend der Fahrt auf der A6 bei Wendelstein (Landkreis Roth). Dabei wurden sie allerdings von der <\/strong><strong><a href=\"https:\/\/www.donaukurier.de\/polizei\" target=\"_blank\" rel=\"nofollow noopener\">Polizei <\/a><\/strong><strong>erwischt.<\/strong><\/p>\n<p>Beamte der Verkehrspolizei Feucht kontrollierten um 21.30 Uhr  einen Mercedes Sprinter an der Anschlussstelle Langwasser auf der A6 in Richtung Waidhaus. Beim \u00dcberholen des Kleintransporters durch das Dienstfahrzeug konnten die Beamten einen m\u00e4nnlichen Fahrer erkennen. <\/p>\n<p>Lesen Sie auch: <a href=\"https:\/\/www.donaukurier.de\/21906830\" target=\"_blank\" rel=\"nofollow noopener\">Anzeige: Schnellster raste bei Allersberg mit knapp 140 Sachen in die Radarfalle<\/a><\/p>\n<p>    Anzeige wegen Fahrens ohne Fahrerlaubnis<\/p>\n<p class=\"em_text\">Nachdem sie den Kleintransporter angehalten hatten und die Kontrolle durchf\u00fchren wollten, sa\u00df eine Frau am Steuer. Die beiden Personen hatten noch vor der Kontrolle einen Fahrerwechsel vollzogen, da der 47-j\u00e4hrige Fahrer keinen F\u00fchrerschein hatte.<\/p>\n<p>Ihn erwartet nun eine Anzeige wegen des Fahrens ohne Fahrerlaubnis, er musste  eine Sicherheitsleistung im mittleren dreistelligen Bereich hinterlegen, da er keinen deutschen Wohnsitz hat. Die Frau konnte im Anschluss den Transporter weiterfahren. <\/p>\n<p style=\"text-align:right;\">HK    <\/p>\n","protected":false},"excerpt":{"rendered":"Platz getauscht haben Fahrer und Beifahrerin am Donnerstagabend w\u00e4hrend der Fahrt auf der A6 bei Wendelstein (Landkreis Roth).&hellip;\n","protected":false},"author":2,"featured_media":1280359,"comment_status":"","ping_status":"","sticky":false,"template":"","format":"standard","meta":{"footnotes":"","_share_on_mastodon":"0"},"categories":[1837],"tags":[47934,772,3364,29,30,3783,121],"class_list":["post-1280358","post","type-post","status-publish","format-standard","has-post-thumbnail","category-nuernberg","tag-a6","tag-bayern","tag-de","tag-deutschland","tag-germany","tag-nuernberg","tag-polizei"],"share_on_mastodon":{"url":"https:\/\/pubeurope.com\/@de\/117213344997461952","error":""},"_links":{"self":[{"href":"https:\/\/www.europesays.com\/de\/wp-json\/wp\/v2\/posts\/1280358","targetHints":{"allow":["GET"]}}],"collection":[{"href":"https:\/\/www.europesays.com\/de\/wp-json\/wp\/v2\/posts"}],"about":[{"href":"https:\/\/www.europesays.com\/de\/wp-json\/wp\/v2\/types\/post"}],"author":[{"embeddable":true,"href":"https:\/\/www.europesays.com\/de\/wp-json\/wp\/v2\/users\/2"}],"replies":[{"embeddable":true,"href":"https:\/\/www.europesays.com\/de\/wp-json\/wp\/v2\/comments?post=1280358"}],"version-history":[{"count":0,"href":"https:\/\/www.europesays.com\/de\/wp-json\/wp\/v2\/posts\/1280358\/revisions"}],"wp:featuredmedia":[{"embeddable":true,"href":"https:\/\/www.europesays.com\/de\/wp-json\/wp\/v2\/media\/1280359"}],"wp:attachment":[{"href":"https:\/\/www.europesays.com\/de\/wp-json\/wp\/v2\/media?parent=1280358"}],"wp:term":[{"taxonomy":"category","embeddable":true,"href":"https:\/\/www.europesays.com\/de\/wp-json\/wp\/v2\/categories?post=1280358"},{"taxonomy":"post_tag","embeddable":true,"href":"https:\/\/www.europesays.com\/de\/wp-json\/wp\/v2\/tags?post=1280358"}],"curies":[{"name":"wp","href":"https:\/\/api.w.org\/{rel}","templated":true}]}}