{"id":1280360,"date":"2026-09-04T14:54:17","date_gmt":"2026-09-04T14:54:17","guid":{"rendered":"https:\/\/www.europesays.com\/de\/1280360\/"},"modified":"2026-09-04T14:54:17","modified_gmt":"2026-09-04T14:54:17","slug":"bahnstrecke-nuernberg-bamberg-hier-gibt-es-ersatzverkehr","status":"publish","type":"post","link":"https:\/\/www.europesays.com\/de\/1280360\/","title":{"rendered":"Bahnstrecke N\u00fcrnberg-Bamberg: Hier gibt es Ersatzverkehr"},"content":{"rendered":"<p class=\"desc-read\"><strong><br \/>\n           Auf der Bahnstrecke zwischen N\u00fcrnberg und Bamberg kommt es f\u00fcr rund einen Monat zu Fahrplan\u00e4nderungen und Zugausf\u00e4llen. Auch ein Ersatzverkehr mit Bussen wird eingerichtet.<br \/>\n          <\/strong>\n          <\/p>\n<p>Die Bahnstrecke zwischen Bamberg und N\u00fcrnberg ist immer wieder von Einschr\u00e4nkungen betroffen. Erst vor Kurzem fuhren dort <a href=\"https:\/\/www.infranken.de\/lk\/nuernberg\/s1-zwischen-nuernberg-und-bamberg-schienenersatzverkehr-ab-17-au-gust-art-6389306\" target=\"_blank\" title=\"S1 zwischen N\u00fcrnberg und Bamberg: Schienenersatzverkehr ab 17. Au\u00adgust\" rel=\"nofollow noopener\">eine Woche lang keine Z\u00fcge der Linie S1<\/a> in den Morgen- und Abendstunden. Nun kommt es laut der Deutschen Bahn erneut zu Fahrplan\u00e4nderungen auf dem Abschnitt.\u00a0<\/p>\n<p>Wie einer Baustellenmeldung der DB zu entnehmen ist, wird es in den N\u00e4chten und fr\u00fchen Morgenstunden im Zeitraum vom 31. August bis zum 2. Oktober 2026 Zugausf\u00e4lle und Schienenersatzverkehr geben. Die Bauarbeiten betreffen demnach die Linien S1, RE14, RE19 und RE28. Insgesamt kommt es diesen Sommer in Franken zu zahlreichen <a href=\"https:\/\/www.infranken.de\/lk\/franken\/massive-zugausfaelle-franken-sommer-bahnsperrungen-ersatzverkehr-sanierung-art-6360987\" target=\"_blank\" title=\"Massive Zugausf\u00e4lle in ganz Franken diesen Sommer - der \u00dcberblick\" rel=\"nofollow noopener\">Einschr\u00e4nkungen im Bahnverkehr, hier eine \u00dcbersicht<\/a>.\u00a0<\/p>\n<p>Mehrw\u00f6chige Zugausf\u00e4lle zwischen Bamberg und N\u00fcrnberg &#8211; Bahn mit Hinweisen<\/p>\n<p>Von den Zugausf\u00e4llen ist laut Ersatzfahrplan lediglich die Linie S1 betroffen. Aus diesem Grund kommt es auch nur auf dieser Linie zu einem Ersatzverkehr mit Bussen, der ab Montagabend auf dem Streckenabschnitt zwischen Bamberg und dem Hauptbahnhof F\u00fcrth verkehren wird. In F\u00fcrth starten die Busse am Bahnhofsplatz an den Haltestellen 8 und 9, in Bamberg auf dem Bahnhofsvorplatz. Auf allen anderen Bahnlinien kommt es nur zu Fahrplan\u00e4nderungen.<\/p>\n<p>Die Bahn weist au\u00dferdem darauf hin, dass die Mitnahme von Fahrr\u00e4dern in den Bussen aus Platzgr\u00fcnden nicht m\u00f6glich ist. Obendrein werden die Fahrg\u00e4ste darum gebeten, sich vor Antritt ihrer Reise in den digitalen Auskunftsmedien zu informieren, um kurzfristige \u00c4nderungen nicht zu verpassen.\u00a0<\/p>\n<p>Genauere Ausk\u00fcnfte zum Fahrplan auf der Bahnstrecke Bamberg-N\u00fcrnberg k\u00f6nnen in der <a href=\"https:\/\/assets-ri.extranet.deutschebahn.com\/regio_bayern\/2026-08-29\/a7ee14ac-1a9e-47a5-b286-68c09e83ec86Baufahrplan%2BN%25C3%25BCrnberg%2B-%2BBamberg%2BN%25C3%25A4chte%2B31.08.%2B-%2B02.10.26.pdf\" target=\"_blank\" title=\"https:\/\/assets-ri.extranet.deutschebahn.com\/regio_bayern\/2026-08-29\/a7ee14ac-1a9e-47a5-b286-68c09e83ec86Baufahrplan%2BN%25C3%25BCrnberg%2B-%2BBamberg%2BN%25C3%25A4chte%2B31.08.%2B-%2B02.10.26.pdf\" rel=\"noopener nofollow\">aktuellen Bauinformation zu den betroffenen Linien<\/a> eingesehen werden. Weitere Infos zu Fahrplan\u00e4nderungen und dem Ersatzverkehr gibt es auf der <a href=\"https:\/\/www.vgn.de\/\" target=\"_blank\" title=\"https:\/\/www.vgn.de\/\" rel=\"noopener nofollow\">Internetseite des Verkehrsverbunds Gro\u00dfraum N\u00fcrnberg<\/a> (VGN) oder dem <a href=\"https:\/\/stoerticker.de\/\" target=\"_blank\" title=\"https:\/\/stoerticker.de\/\" rel=\"noopener nofollow\">St\u00f6rticker Bayern<\/a>. Weitere <a href=\"https:\/\/www.infranken.de\/thema\/deutsche-bahn\/\" target=\"_blank\" rel=\"nofollow noopener\">Neuigkeiten zur Deutschen Bahn<\/a> findest du auf unserer \u00dcbersichtsseite.<\/p>\n","protected":false},"excerpt":{"rendered":"Auf der Bahnstrecke zwischen N\u00fcrnberg und Bamberg kommt es f\u00fcr rund einen Monat zu Fahrplan\u00e4nderungen und Zugausf\u00e4llen. Auch&hellip;\n","protected":false},"author":2,"featured_media":1280361,"comment_status":"","ping_status":"","sticky":false,"template":"","format":"standard","meta":{"footnotes":"","_share_on_mastodon":"0"},"categories":[1837],"tags":[772,3364,29,30,3783],"class_list":["post-1280360","post","type-post","status-publish","format-standard","has-post-thumbnail","category-nuernberg","tag-bayern","tag-de","tag-deutschland","tag-germany","tag-nuernberg"],"share_on_mastodon":{"url":"https:\/\/pubeurope.com\/@de\/117213349072287682","error":""},"_links":{"self":[{"href":"https:\/\/www.europesays.com\/de\/wp-json\/wp\/v2\/posts\/1280360","targetHints":{"allow":["GET"]}}],"collection":[{"href":"https:\/\/www.europesays.com\/de\/wp-json\/wp\/v2\/posts"}],"about":[{"href":"https:\/\/www.europesays.com\/de\/wp-json\/wp\/v2\/types\/post"}],"author":[{"embeddable":true,"href":"https:\/\/www.europesays.com\/de\/wp-json\/wp\/v2\/users\/2"}],"replies":[{"embeddable":true,"href":"https:\/\/www.europesays.com\/de\/wp-json\/wp\/v2\/comments?post=1280360"}],"version-history":[{"count":0,"href":"https:\/\/www.europesays.com\/de\/wp-json\/wp\/v2\/posts\/1280360\/revisions"}],"wp:featuredmedia":[{"embeddable":true,"href":"https:\/\/www.europesays.com\/de\/wp-json\/wp\/v2\/media\/1280361"}],"wp:attachment":[{"href":"https:\/\/www.europesays.com\/de\/wp-json\/wp\/v2\/media?parent=1280360"}],"wp:term":[{"taxonomy":"category","embeddable":true,"href":"https:\/\/www.europesays.com\/de\/wp-json\/wp\/v2\/categories?post=1280360"},{"taxonomy":"post_tag","embeddable":true,"href":"https:\/\/www.europesays.com\/de\/wp-json\/wp\/v2\/tags?post=1280360"}],"curies":[{"name":"wp","href":"https:\/\/api.w.org\/{rel}","templated":true}]}}